{"id":56989,"date":"2025-09-04T10:35:22","date_gmt":"2025-09-04T08:35:22","guid":{"rendered":"https:\/\/edublog.educastur.es\/ixuxu\/?p=56989"},"modified":"2025-09-04T14:36:54","modified_gmt":"2025-09-04T12:36:54","slug":"asturies-despide-a-los-97-nenos-sah-arauis-del-programa-vacaciones-en-paz","status":"publish","type":"post","link":"https:\/\/edublog.educastur.es\/ixuxu\/2025\/09\/asturies-despide-a-los-97-nenos-sah-arauis-del-programa-vacaciones-en-paz\/","title":{"rendered":"Asturies despide a los 97 ne\u00f1os sah.arauis del programa &#8216;Vacaciones en Paz&#8217;"},"content":{"rendered":"<p><a href=\"https:\/\/www.rtpa.es\/noticias-asturias-ast\/2025-09-03\/Asturies-despide-a-los-97-ne%C3%B1os-sah.arauis-del-programa-'Vacaciones-en-Paz'_111756927110.html\">TPA<\/a>.\/<\/p>\n<p><a href=\"https:\/\/www.rtpa.es\/fotos\/\/25\/09\/20250903205944_RTPA7061837.webp\"><img loading=\"lazy\" decoding=\"async\" class=\"aligncenter size-large\" src=\"https:\/\/www.rtpa.es\/fotos\/\/25\/09\/20250903205944_RTPA7061837.webp\" width=\"853\" height=\"480\" \/><\/a><\/p>\n<p class=\"font-size-m padding-b-20 font-weight-b margin-t-16\">Vuelven a les sos cases nos campamentos de refuxaos de Tindouf n&#8217;Arxelia. <strong>Asturies despidi\u00f3 g\u00fcei n&#8217;Avil\u00e9s a los 97 ne\u00f1os sah.arauis<\/strong> que pasaron el branu equ\u00ed dientro del programa &#8216;Vacaciones en Paz&#8217;.<\/p>\n<p>Tres m\u00e1s d&#8217;un mes y mediu coles sos families d&#8217;acoyida vuelven a les sos cases nos campamentos de refuxaos de Tindouf n&#8217;Arxelia. Toos esperen volver el pr\u00f3ximu a\u00f1u.<\/p>\n<p>&nbsp;<\/p>\n","protected":false},"excerpt":{"rendered":"<p>TPA.\/ Vuelven a les sos cases nos campamentos de refuxaos de Tindouf n&#8217;Arxelia. Asturies despidi\u00f3 g\u00fcei n&#8217;Avil\u00e9s a los 97 ne\u00f1os sah.arauis que pasaron el branu equ\u00ed dientro del programa &#8216;Vacaciones en Paz&#8217;. Tres m\u00e1s d&#8217;un mes y mediu coles sos families d&#8217;acoyida vuelven a les sos cases nos campamentos de refuxaos de Tindouf n&#8217;Arxelia. [&hellip;]<\/p>\n","protected":false},"author":117,"featured_media":0,"comment_status":"closed","ping_status":"open","sticky":false,"template":"","format":"standard","meta":{"footnotes":""},"categories":[1],"tags":[],"class_list":["post-56989","post","type-post","status-publish","format-standard","hentry","category-sin-categoria"],"_links":{"self":[{"href":"https:\/\/edublog.educastur.es\/ixuxu\/wp-json\/wp\/v2\/posts\/56989","targetHints":{"allow":["GET"]}}],"collection":[{"href":"https:\/\/edublog.educastur.es\/ixuxu\/wp-json\/wp\/v2\/posts"}],"about":[{"href":"https:\/\/edublog.educastur.es\/ixuxu\/wp-json\/wp\/v2\/types\/post"}],"author":[{"embeddable":true,"href":"https:\/\/edublog.educastur.es\/ixuxu\/wp-json\/wp\/v2\/users\/117"}],"replies":[{"embeddable":true,"href":"https:\/\/edublog.educastur.es\/ixuxu\/wp-json\/wp\/v2\/comments?post=56989"}],"version-history":[{"count":1,"href":"https:\/\/edublog.educastur.es\/ixuxu\/wp-json\/wp\/v2\/posts\/56989\/revisions"}],"predecessor-version":[{"id":56990,"href":"https:\/\/edublog.educastur.es\/ixuxu\/wp-json\/wp\/v2\/posts\/56989\/revisions\/56990"}],"wp:attachment":[{"href":"https:\/\/edublog.educastur.es\/ixuxu\/wp-json\/wp\/v2\/media?parent=56989"}],"wp:term":[{"taxonomy":"category","embeddable":true,"href":"https:\/\/edublog.educastur.es\/ixuxu\/wp-json\/wp\/v2\/categories?post=56989"},{"taxonomy":"post_tag","embeddable":true,"href":"https:\/\/edublog.educastur.es\/ixuxu\/wp-json\/wp\/v2\/tags?post=56989"}],"curies":[{"name":"wp","href":"https:\/\/api.w.org\/{rel}","templated":true}]}}