{"id":56991,"date":"2025-09-04T14:38:21","date_gmt":"2025-09-04T12:38:21","guid":{"rendered":"https:\/\/edublog.educastur.es\/ixuxu\/?p=56991"},"modified":"2025-09-04T14:39:03","modified_gmt":"2025-09-04T12:39:03","slug":"uvieu-preparase-pa-12-dies-de-fiesta-por-san-mateu-en-castellano-oviedo-se-prepara-para-12-dias-de-fiesta-por-san-mateo-ver-la-transcripcion-del-video-de-esta-noticia-san-mateu-entamaral-xueves-11","status":"publish","type":"post","link":"https:\/\/edublog.educastur.es\/ixuxu\/2025\/09\/uvieu-preparase-pa-12-dies-de-fiesta-por-san-mateu-en-castellano-oviedo-se-prepara-para-12-dias-de-fiesta-por-san-mateo-ver-la-transcripcion-del-video-de-esta-noticia-san-mateu-entamaral-xueves-11\/","title":{"rendered":"Uvi\u00e9u prep\u00e1rase pa 12 d\u00edes de fiesta por San Mat\u00e9u"},"content":{"rendered":"<p style=\"text-align: center\"><a href=\"https:\/\/www.rtpa.es\/noticias-sociedad-ast\/2025-09-03\/Uvieu-preparase-pa-12-dies-de-fiesta-por-San-Mateu_111756898102.html\">TPA. Uvi\u00e9u prep\u00e1rase pa 12 d\u00edes de fiesta por San Mat\u00e9u<\/a><\/p>\n<div class=\"padding-t-0 padding-b-20\"><\/div>\n<div id=\"multimedia\" class=\"capa_imagen_player img-det-not\">\n<div id=\"mediaplayer\">\n<div id=\"video-a-reproducir4668096982\" class=\"video-js vjs-default-skin vjs-16-9 vjs-big-play-centered vjs-paused vjs-fluid video-a-reproducir4668096982-dimensions vjs-controls-enabled vjs-workinghover vjs-v8 vjs-user-active vjs-layout-medium vjs-hls-quality-selector\" lang=\"es\" role=\"region\" aria-label=\"Reproductor de Video\">\n<div class=\"vjs-poster\"><img decoding=\"async\" class=\"aligncenter\" src=\"https:\/\/www.rtpa.es\/fotos\/\/25\/09\/20250903140752_RTPA7060078.webp\" alt=\"\" \/><\/div>\n<div class=\"vjs-text-track-display\" aria-live=\"off\">\n<div><\/div>\n<\/div>\n<\/div>\n<\/div>\n<\/div>\n<div class=\"col-lg-8 col-md-12 col-xs-12\" role=\"main\" aria-label=\"Bloque del titular, texto imagen o v\u00eddeo de la noticia\">\n<div id=\"noticiacompleta\" class=\"parragraph-padding font-c-conent\">\n<p class=\"font-size-m padding-b-20 font-weight-b margin-t-16\"><strong>San Mat\u00e9u entamar\u00e1&#8217;l xueves 11 de setiembre<\/strong> col preg\u00f3n y el chupinazu. El marat\u00f3n festivu de San Mat\u00e9u, n\u2019Uvi\u00e9u, arranca esti a\u00f1u de xueves, el 11 de setiembre, col preg\u00f3n al cargu del embaxador d\u2019Espa\u00f1a en Canad\u00e1 y el chupinazu de la campeona de K\u00e1rate Eva Otero.<\/p>\n<p><!--more--><\/p>\n<p>Con muncha m\u00fasica, rock na plaza Feij\u00f3o, 24 conciertos n\u2019El Parag\u00fces y El Campill\u00edn y La Er\u00eda preparada y\u00e1 p\u2019acoyer los de pagu, destaca Covadonga D\u00edaz, conceyala de Fiestes d\u2019Uvi\u00e9u.<\/p>\n<p>Habr\u00e1 13 casetes hosteleres en La Catedral y Porlier y otres 24 n\u2019El Campo San Francisco, qu\u2019agospiar\u00e1 les actividaes pa los m\u00e1s peque\u00f1os. Son 12 d\u00edes de fiesta con un presupuestu de 1,2 millones d\u2019euros pa un modelu que se calti\u00e9n.<\/p>\n<p>El 15 de setiembre sedr\u00e1\u2019l D\u00eda del Real Uvi\u00e9u y el 19 el gran desfile d\u2019Am\u00e9rica n\u2019Asturies. El 20, s\u00e1badu, los fueos dende Montecerrao. La romer\u00eda d\u2019El Cristo, el domingu 28, pondr\u00e1\u2019l ramu a un mes de fiesta.<\/p>\n<\/div>\n<\/div>\n<p>&nbsp;<\/p>\n<div class=\"col-lg-4 col-md-12 col-xs-12 padding-t-20 padding-b-20\">\n<div class=\"utiles bg-contenido-destacado border-radius-8\" role=\"group\" aria-label=\"Informaci\u00f3n de subt\u00edtulos y bloque para compartir la noticia en redes sociales\">\n<div class=\"display-b padding-t-10 padding-b-10 border-b-1 border-solid border-c-clear-blue padding-l-10 padding-r-10\"><\/div>\n<\/div>\n<div id=\"\"><\/div>\n<div class=\"margin-t-20 margin-b-20\"><\/div>\n<div class=\"margin-t-20 margin-b-20\"><\/div>\n<\/div>\n","protected":false},"excerpt":{"rendered":"<p>TPA. Uvi\u00e9u prep\u00e1rase pa 12 d\u00edes de fiesta por San Mat\u00e9u San Mat\u00e9u entamar\u00e1&#8217;l xueves 11 de setiembre col preg\u00f3n y el chupinazu. El marat\u00f3n festivu de San Mat\u00e9u, n\u2019Uvi\u00e9u, arranca esti a\u00f1u de xueves, el 11 de setiembre, col preg\u00f3n al cargu del embaxador d\u2019Espa\u00f1a en Canad\u00e1 y el chupinazu de la campeona de [&hellip;]<\/p>\n","protected":false},"author":117,"featured_media":0,"comment_status":"closed","ping_status":"open","sticky":false,"template":"","format":"standard","meta":{"footnotes":""},"categories":[21,33],"tags":[],"class_list":["post-56991","post","type-post","status-publish","format-standard","hentry","category-fiestes","category-uvieu"],"_links":{"self":[{"href":"https:\/\/edublog.educastur.es\/ixuxu\/wp-json\/wp\/v2\/posts\/56991","targetHints":{"allow":["GET"]}}],"collection":[{"href":"https:\/\/edublog.educastur.es\/ixuxu\/wp-json\/wp\/v2\/posts"}],"about":[{"href":"https:\/\/edublog.educastur.es\/ixuxu\/wp-json\/wp\/v2\/types\/post"}],"author":[{"embeddable":true,"href":"https:\/\/edublog.educastur.es\/ixuxu\/wp-json\/wp\/v2\/users\/117"}],"replies":[{"embeddable":true,"href":"https:\/\/edublog.educastur.es\/ixuxu\/wp-json\/wp\/v2\/comments?post=56991"}],"version-history":[{"count":3,"href":"https:\/\/edublog.educastur.es\/ixuxu\/wp-json\/wp\/v2\/posts\/56991\/revisions"}],"predecessor-version":[{"id":56994,"href":"https:\/\/edublog.educastur.es\/ixuxu\/wp-json\/wp\/v2\/posts\/56991\/revisions\/56994"}],"wp:attachment":[{"href":"https:\/\/edublog.educastur.es\/ixuxu\/wp-json\/wp\/v2\/media?parent=56991"}],"wp:term":[{"taxonomy":"category","embeddable":true,"href":"https:\/\/edublog.educastur.es\/ixuxu\/wp-json\/wp\/v2\/categories?post=56991"},{"taxonomy":"post_tag","embeddable":true,"href":"https:\/\/edublog.educastur.es\/ixuxu\/wp-json\/wp\/v2\/tags?post=56991"}],"curies":[{"name":"wp","href":"https:\/\/api.w.org\/{rel}","templated":true}]}}