{"id":56995,"date":"2025-09-04T09:30:22","date_gmt":"2025-09-04T07:30:22","guid":{"rendered":"https:\/\/edublog.educastur.es\/ixuxu\/?p=56995"},"modified":"2025-09-05T09:26:36","modified_gmt":"2025-09-05T07:26:36","slug":"les-92-escueles-dinfantil-empiecen-el-cursu-con-4-269-matriculaos","status":"publish","type":"post","link":"https:\/\/edublog.educastur.es\/ixuxu\/2025\/09\/les-92-escueles-dinfantil-empiecen-el-cursu-con-4-269-matriculaos\/","title":{"rendered":"Les 92 escueles d&#8217;Infantil empiecen el cursu con 4.269 matriculaos"},"content":{"rendered":"<ul>\n<li class=\"font-size-xxl margin-b-5 font-weight-b color-b-050 letter-spacing--1 fuente-corporativa\"><a href=\"https:\/\/www.rtpa.es\/noticias-asturias-ast\/2025-09-03\/Les-92-escueles-d'Infantil-empiecen-el-cursu-con-4.269-matriculaos_111756927036.html\">Les 92 escueles d&#8217;Infantil empiecen el cursu con 4.269 matriculaos. TPA<\/a><\/li>\n<li><a href=\"https:\/\/www.elcomercio.es\/asturias\/vuelta-cole-asturias-escuelinas-curso-bebes-20250903120634-nt.html\">El Comercio<\/a> \/<\/li>\n<\/ul>\n<p style=\"text-align: center\"><a href=\"https:\/\/s3.ppllstatics.com\/elcomercio\/www\/multimedia\/2025\/09\/04\/escuelines-asturias-inicio-curso%20(3)-kSzB-RdQh4d2f91FTFAL0yO0XQdO-1200x840@El%20Comercio.jpg\"><img loading=\"lazy\" decoding=\"async\" class=\"aligncenter size-large\" src=\"https:\/\/s3.ppllstatics.com\/elcomercio\/www\/multimedia\/2025\/09\/04\/escuelines-asturias-inicio-curso%20(3)-kSzB-RdQh4d2f91FTFAL0yO0XQdO-1200x840@El%20Comercio.jpg\" width=\"1200\" height=\"840\" \/><\/a><\/p>\n<p>Un cursu marc\u00e1u pola ampliaci\u00f3n de la rede p\u00fablica y gratuita asturiana.\u00a0Empieza la vuelta a escuela pa los m\u00e1s peque\u00f1os. Esti xueves, les escueles del primer ciclu d&#8217;infantil del Princip\u00e1u abren les sos puertes.<\/p>\n<p><!--more--><\/p>\n<p style=\"text-align: center\"><a href=\"https:\/\/www.rtpa.es\/fotos\/\/25\/09\/20250903205604_RTPA7061810.webp\"><img loading=\"lazy\" decoding=\"async\" class=\"aligncenter size-large\" src=\"https:\/\/www.rtpa.es\/fotos\/\/25\/09\/20250903205604_RTPA7061810.webp\" width=\"853\" height=\"480\" \/><\/a><\/p>\n<div id=\"noticiacompleta\" class=\"parragraph-padding font-c-conent\">\n<p class=\"font-size-m padding-b-20 font-weight-b margin-t-16\">\n<p>&nbsp;<\/p>\n<p>Los m\u00e1s pequenos fueron los primeres en tornar \u2014o dir per primer vegada\u2014 al cole. Faenlo cinco d\u00edes primero que&#8217;l restu de ne\u00f1os, adolescentes y adultos d&#8217;Asturies, que van volver a les clases esti 9 de setiembre. <strong>En total son 4.269 los alumnos matriculaos en dalguna de les 92 escueles de primer ciclu d&#8217;Infantil (0 a 3 a\u00f1os) d&#8217;Asturies.<\/strong> Del total d&#8217;estos centros, 38 formen parte de la rede p\u00fablica, auton\u00f3mica y gratuita de Les Escuelines, con 921 ne\u00f1os y ne\u00f1es y 155 t\u00e9cniques d&#8217;educaci\u00f3n infantil (TEI). Coles mesmes, de les 38 escueles de 0 a 3 en funcionamientu, 16 vienen de la primer fase de la rede auton\u00f3mica, ente qu&#8217;otres 22 son de titularid\u00e1 municipal qu&#8217;esti mes integr\u00e1ronse nel Princip\u00e1u.<\/p>\n<p>Un cursu marc\u00e1u pola ampliaci\u00f3n de la rede p\u00fablica y gratuita asturiana, que s&#8217;espera, siga creciendo hasta llegar a les 92 escueles en, pr\u00e1cticamente, tolos conceyos del Princip\u00e1u.<\/p>\n<p>La escuelina Los Pegoyinos ye una de les 92 escueles del Princip\u00e1u que va acoyer a los 4.269 alumnos qu&#8217;empiecen el primer ciclu d&#8217;infantil, de 0 a 3 a\u00f1os.<\/p>\n<p>D&#8217;elles, 38 formen parte de la rede p\u00fablica y gratuita Les Escuelines, con 921 ne\u00f1os y 155 t\u00e9cniques d&#8217;Educaci\u00f3n Infantil. Diecis\u00e9is escueles vienen de la primer fase de rede y otres 22 yeren de titularid\u00e1 municipal qu&#8217;esti mes integr\u00e1ronse nel Princip\u00e1u.<\/p>\n<p>La fase unu va completar con otros 15 centros que se van dir abriendo a midida que rematen les obres y tengan los recursos necesarios.<\/p>\n<p>Les pr\u00f3ximes escueles n&#8217;abrir van ser la de Vega, en Sariegu, Llugones, en Siero y Les Campes n&#8217;Uvi\u00e9u. Am\u00e1s y\u00e1 ta en marcha la fase dos, con otros 17 centros que s&#8217;espera qu&#8217;abran ente payares d&#8217;angua\u00f1o y febreru de 2026.<\/p>\n<\/div>\n<p>&nbsp;<\/p>\n","protected":false},"excerpt":{"rendered":"<p>Les 92 escueles d&#8217;Infantil empiecen el cursu con 4.269 matriculaos. TPA El Comercio \/ Un cursu marc\u00e1u pola ampliaci\u00f3n de la rede p\u00fablica y gratuita asturiana.\u00a0Empieza la vuelta a escuela pa los m\u00e1s peque\u00f1os. Esti xueves, les escueles del primer ciclu d&#8217;infantil del Princip\u00e1u abren les sos puertes.<\/p>\n","protected":false},"author":117,"featured_media":0,"comment_status":"closed","ping_status":"open","sticky":false,"template":"","format":"standard","meta":{"footnotes":""},"categories":[132,341],"tags":[],"class_list":["post-56995","post","type-post","status-publish","format-standard","hentry","category-educastur","category-escuelines"],"_links":{"self":[{"href":"https:\/\/edublog.educastur.es\/ixuxu\/wp-json\/wp\/v2\/posts\/56995","targetHints":{"allow":["GET"]}}],"collection":[{"href":"https:\/\/edublog.educastur.es\/ixuxu\/wp-json\/wp\/v2\/posts"}],"about":[{"href":"https:\/\/edublog.educastur.es\/ixuxu\/wp-json\/wp\/v2\/types\/post"}],"author":[{"embeddable":true,"href":"https:\/\/edublog.educastur.es\/ixuxu\/wp-json\/wp\/v2\/users\/117"}],"replies":[{"embeddable":true,"href":"https:\/\/edublog.educastur.es\/ixuxu\/wp-json\/wp\/v2\/comments?post=56995"}],"version-history":[{"count":3,"href":"https:\/\/edublog.educastur.es\/ixuxu\/wp-json\/wp\/v2\/posts\/56995\/revisions"}],"predecessor-version":[{"id":57056,"href":"https:\/\/edublog.educastur.es\/ixuxu\/wp-json\/wp\/v2\/posts\/56995\/revisions\/57056"}],"wp:attachment":[{"href":"https:\/\/edublog.educastur.es\/ixuxu\/wp-json\/wp\/v2\/media?parent=56995"}],"wp:term":[{"taxonomy":"category","embeddable":true,"href":"https:\/\/edublog.educastur.es\/ixuxu\/wp-json\/wp\/v2\/categories?post=56995"},{"taxonomy":"post_tag","embeddable":true,"href":"https:\/\/edublog.educastur.es\/ixuxu\/wp-json\/wp\/v2\/tags?post=56995"}],"curies":[{"name":"wp","href":"https:\/\/api.w.org\/{rel}","templated":true}]}}