{"id":57002,"date":"2025-09-04T14:51:41","date_gmt":"2025-09-04T12:51:41","guid":{"rendered":"https:\/\/edublog.educastur.es\/ixuxu\/?p=57002"},"modified":"2025-09-04T14:52:50","modified_gmt":"2025-09-04T12:52:50","slug":"latanante-hestoria-del-uviein-marcu-bermudez-duenu-de-cuatro-empreses-con-tan-solo-14-anos","status":"publish","type":"post","link":"https:\/\/edublog.educastur.es\/ixuxu\/2025\/09\/latanante-hestoria-del-uviein-marcu-bermudez-duenu-de-cuatro-empreses-con-tan-solo-14-anos\/","title":{"rendered":"L&#8217;atanante hestoria del uvie\u00edn Marco, due\u00f1u de cuatro empreses con tan solo 14 a\u00f1os"},"content":{"rendered":"<p>L&#8217;atanante hestoria del uvie\u00edn Marco Berm\u00fadez, due\u00f1u de cuatro empreses con tan solo 14 a\u00f1os: \u00abToi facturando, gan\u00e9 ente 7.000 y 10.000 euros\u00bb. El mozu, qu&#8217;empez\u00f3 a entamar con 8 a\u00f1os, busca financiamientu pal so nuevu proyectu, qu&#8217;esplota la intelixencia artificial. <a href=\"https:\/\/www.lne.es\/oviedo\/2025\/09\/04\/impactante-historia-ovetense-marco-bermudez-121224471.html\">LNE<\/a><\/p>\n<p style=\"text-align: center\"><a href=\"https:\/\/estaticos-cdn.prensaiberica.es\/clip\/35f04321-42ec-495e-add0-41aa97d0fa46_16-9-discover-aspect-ratio_default_0.webp\"><img loading=\"lazy\" decoding=\"async\" class=\"aligncenter size-large\" src=\"https:\/\/estaticos-cdn.prensaiberica.es\/clip\/35f04321-42ec-495e-add0-41aa97d0fa46_16-9-discover-aspect-ratio_default_0.webp\" width=\"1200\" height=\"675\" \/><\/a><a href=\"https:\/\/www.instagram.com\/marco_tecnotic\/?utm_source=ig_embed\">Marco Berm\u00fadez<\/a> na Turria de la Er\u00eda<\/p>\n<p><!--more--><\/p>\n<ul>\n<li><a href=\"https:\/\/www.instagram.com\/marco_tecnotic\/?utm_source=ig_embed\">https:\/\/www.instagram.com\/marco_tecnotic<\/a><\/li>\n<\/ul>\n<p>Marco Berm\u00fadez, con solu 14 a\u00f1os, sospriendi rellatando la so ins\u00f3lita hestoria: empez\u00f3 a intentalo nel mundu empresarial a los ocho a\u00f1os mientres estudiaba en Genyus School, una escuela enfocada n&#8217;espertar vocaciones entamadores dende temprana ed\u00e1.<\/p>\n<p style=\"text-align: center\"><span class=\"x193iq5w xeuugli x13faqbe x1vvkbs xt0psk2 x1i0vuye xvs91rp xo1l8bm x5n08af x10wh9bi xpm28yp x8viiok x1o7cslx x126k92a\"><span class=\"html-span xexx8yu x4uap5 x18d9i69 xkhd6sd x1hl2dhg x16tdsg8 x1vvkbs x3nfvp2 x1j61x8r x1fcty0u xdj266r xat24cr xgzva0m xhhsvwb xxymvpz xlup9mm x1kky2od\">\n<!-- iframe plugin v.6.0 wordpress.org\/plugins\/iframe\/ -->\n<iframe loading=\"lazy\" src=\"https:\/\/www.instagram.com\/reel\/DDNCzsls3EQ\/embed\" width=\"490\" height=\"675\" 0=\"\/iframe\" scrolling=\"yes\" class=\"iframe-class\" frameborder=\"0\"><\/iframe>\n<\/span><\/span><\/p>\n<p style=\"text-align: center\"><strong>Intentos fall\u00edos que se convirtieron en llecciones.\u00a0<\/strong>Los sos primeros proyectos nun tuvieron \u00e9situ: \u00fan consist\u00eda en construyir un robot humanoide y otru en dise\u00f1ar un sistema d&#8217;orientaci\u00f3n pa supermercaos. \u00abA los 8 a\u00f1os supi lo que ye&#8217;l fracasu\u00bb, afirma. Pero llue\u00f1e d&#8217;amurniase, Marco aprendi\u00f3 d&#8217;eses esperiencies y sigui\u00f3 adelantre con nuevos retos.<\/p>\n<p><strong>El primer \u00e9situ: impresi\u00f3n 3D con madera.\u00a0<\/strong>A los 10 a\u00f1os invirti\u00f3 na so primer imprentadora 3D y colla llev\u00f3 a cabu la so primer iniciativa rentable: \u00abThreeDmensional\u00bb, empresa que produz oxetos como llaveros y lletreros utilizando impresi\u00f3n 3D con materiales vexetales. Gracies a esti emprendimiento, Marco llogr\u00f3 ingresos d&#8217;entre ente 7.000 y 10.000 euros.<\/p>\n<p style=\"text-align: center\"><span class=\"x193iq5w xeuugli x13faqbe x1vvkbs xt0psk2 x1i0vuye xvs91rp xo1l8bm x5n08af x10wh9bi xpm28yp x8viiok x1o7cslx x126k92a\"><span class=\"html-span xexx8yu x4uap5 x18d9i69 xkhd6sd x1hl2dhg x16tdsg8 x1vvkbs x3nfvp2 x1j61x8r x1fcty0u xdj266r xat24cr xgzva0m xhhsvwb xxymvpz xlup9mm x1kky2od\">\n<!-- iframe plugin v.6.0 wordpress.org\/plugins\/iframe\/ -->\n<iframe loading=\"lazy\" src=\"https:\/\/www.instagram.com\/reel\/DIRMWKgojHN\/embed\" width=\"490\" height=\"620\" 0=\"\/iframe\" scrolling=\"yes\" class=\"iframe-class\" frameborder=\"0\"><\/iframe>\n<\/span><\/span><\/p>\n<p><strong>Un cuartu proyectu con mirada al futuru.\u00a0<\/strong>Am\u00e1s d&#8217;esi primer \u00e9situ y los sos dos intentos anteriores, Marcu ta desenvolviendo xuna cuarta iniciativa: \u00abSmart Bridge\u00bb, un software d&#8217;inxenier\u00eda civil qu&#8217;optimice&#8217;l dise\u00f1u de pontes utilizando intelixencia artificial. P&#8217;avanzar precisa financiamientu, y manifest\u00f3 abiertamente que ta en busca de 250.000 euros pa materializar la idea. Asina lo cunt\u00f3 nel programa d&#8217;Antena de \u00abY agora Sonsoles\u00bb.<\/p>\n<p><strong>Infancia y emprendimiento n&#8217;equilibriu.\u00a0<\/strong>Magar la magnit\u00fa de los sos proyectos, Marco aportuna en que sigue siendo un adolescente. Asegura aprender a permediar la so vida personal col trabayu: \u201cNos mios ratos llibres ye cuando pongo a trabayar\u201d. La so frase resume c\u00f3mo compaxina la infancia cola so faceta d&#8217;empresariu: \u00abA lo \u00faltimo el mio sua\u00f1u ye aportar a entamador, crear *oSmartBridge y nun perder esti inter\u00e9s\u00bb.<\/p>\n<p>&nbsp;<\/p>\n","protected":false},"excerpt":{"rendered":"<p>L&#8217;atanante hestoria del uvie\u00edn Marco Berm\u00fadez, due\u00f1u de cuatro empreses con tan solo 14 a\u00f1os: \u00abToi facturando, gan\u00e9 ente 7.000 y 10.000 euros\u00bb. El mozu, qu&#8217;empez\u00f3 a entamar con 8 a\u00f1os, busca financiamientu pal so nuevu proyectu, qu&#8217;esplota la intelixencia artificial. LNE Marco Berm\u00fadez na Turria de la Er\u00eda<\/p>\n","protected":false},"author":117,"featured_media":0,"comment_status":"closed","ping_status":"open","sticky":false,"template":"","format":"standard","meta":{"footnotes":""},"categories":[119],"tags":[],"class_list":["post-57002","post","type-post","status-publish","format-standard","hentry","category-empreses"],"_links":{"self":[{"href":"https:\/\/edublog.educastur.es\/ixuxu\/wp-json\/wp\/v2\/posts\/57002","targetHints":{"allow":["GET"]}}],"collection":[{"href":"https:\/\/edublog.educastur.es\/ixuxu\/wp-json\/wp\/v2\/posts"}],"about":[{"href":"https:\/\/edublog.educastur.es\/ixuxu\/wp-json\/wp\/v2\/types\/post"}],"author":[{"embeddable":true,"href":"https:\/\/edublog.educastur.es\/ixuxu\/wp-json\/wp\/v2\/users\/117"}],"replies":[{"embeddable":true,"href":"https:\/\/edublog.educastur.es\/ixuxu\/wp-json\/wp\/v2\/comments?post=57002"}],"version-history":[{"count":4,"href":"https:\/\/edublog.educastur.es\/ixuxu\/wp-json\/wp\/v2\/posts\/57002\/revisions"}],"predecessor-version":[{"id":57006,"href":"https:\/\/edublog.educastur.es\/ixuxu\/wp-json\/wp\/v2\/posts\/57002\/revisions\/57006"}],"wp:attachment":[{"href":"https:\/\/edublog.educastur.es\/ixuxu\/wp-json\/wp\/v2\/media?parent=57002"}],"wp:term":[{"taxonomy":"category","embeddable":true,"href":"https:\/\/edublog.educastur.es\/ixuxu\/wp-json\/wp\/v2\/categories?post=57002"},{"taxonomy":"post_tag","embeddable":true,"href":"https:\/\/edublog.educastur.es\/ixuxu\/wp-json\/wp\/v2\/tags?post=57002"}],"curies":[{"name":"wp","href":"https:\/\/api.w.org\/{rel}","templated":true}]}}