{"id":57015,"date":"2025-09-04T13:00:16","date_gmt":"2025-09-04T11:00:16","guid":{"rendered":"https:\/\/edublog.educastur.es\/ixuxu\/?p=57015"},"modified":"2025-09-08T20:45:43","modified_gmt":"2025-09-08T18:45:43","slug":"lies-margarita-salas-el-mayor-institutu-dasturies-abre-les-sos-puertes-en-la-corredoria","status":"publish","type":"post","link":"https:\/\/edublog.educastur.es\/ixuxu\/2025\/09\/lies-margarita-salas-el-mayor-institutu-dasturies-abre-les-sos-puertes-en-la-corredoria\/","title":{"rendered":"L&#8217;IES Margarita Salas, el mayor institutu d&#8217;Asturies, abre les sos puertes en La Corredoria"},"content":{"rendered":"<ul>\n<li><a href=\"https:\/\/www.rtpa.es\/noticias-asturias-ast\/2025-09-04\/L'IES-Margarita-Salas,-el-mayor-institutu-d'Asturies,-abre-les-sos-puertes-en-La-Corredoria_111756983478.html\">TPA<\/a> \/<a href=\"https:\/\/alojaweb.educastur.es\/web\/ieslacorredoria\/ies-margarita-salas\"> https:\/\/alojaweb.educastur.es\/web\/ieslacorredoria\/ies-margarita-salas<\/a><\/li>\n<li><a href=\"https:\/\/www.lne.es\/oviedo\/la-corredoria\/2025\/09\/05\/instituto-caro-historia-asturias-abre-121253729.html\">LNE<\/a> \/ <a href=\"https:\/\/www.lne.es\/fotos\/oviedo\/2025\/09\/05\/inauguracion-ies-margarita-salas-corredoria-121254161.html\">semeyes LNE<\/a> \/ <a href=\"https:\/\/actualidad.asturias.es\/-\/barb%C3%B3n-destaca-que-la-inauguraci%C3%B3n-del-ies-margarita-salas-salda-una-deuda-hist%C3%B3rica-con-oviedo-y-la-corredoria?redirect=%2Fnoticias\"><strong>Actualid\u00e1 Asturies<\/strong> <\/a>\/<\/li>\n<li>El segundu institutu de La Corredoria va abrir el martes con<span style=\"color: #008080\"><strong> 55 profesores y 437 estudiantes<\/strong><\/span><\/li>\n<\/ul>\n<p style=\"text-align: center\"><a href=\"https:\/\/estaticos-cdn.prensaiberica.es\/clip\/a1bd1303-7a9f-4f6f-a349-bc4285a89b2e_source-aspect-ratio_default_0.jpg\"><img loading=\"lazy\" decoding=\"async\" class=\"aligncenter size-large\" src=\"https:\/\/estaticos-cdn.prensaiberica.es\/clip\/a1bd1303-7a9f-4f6f-a349-bc4285a89b2e_source-aspect-ratio_default_0.jpg\" width=\"1920\" height=\"1319\" \/><\/a><\/p>\n<div id=\"noticiacompleta\" class=\"parragraph-padding font-c-conent\">\n<p class=\"font-size-m padding-b-20 font-weight-b margin-t-16\">Barb\u00f3n destaca que&#8217;l modelu educativu asturianu ye \u00ab\u00fanicu\u00bb y nun tien \u00abcomparanza\u00bb.\u00a0 El presidente del Princip\u00e1u, Adri\u00e1n Barb\u00f3n, asegur\u00f3 esti xueves que&#8217;l Gobiernu \u00abva cumplir lo alcordao\u00bb nel pactu educativu robl\u00e1u colos sindicatos, que va reforzar un modelu \u00abque ye \u00fanicu\u00bb y nun tien \u00abcomparanza en nenguna otra parte d&#8217;Espa\u00f1a\u00bb.<\/p>\n<p><!--more--><\/p>\n<p>El xefe del Executivu asturianu fizo estes declaraciones na inauguraci\u00f3n del IES Margarita Salas, n&#8217;Uvi\u00e9u, onde tuvo acompa\u00f1\u00e1u de la conseyera d&#8217;Educaci\u00f3n, Eva Ledo, y l&#8217;alcalde de la capital, Alfredo Canteli.<\/p>\n<p style=\"text-align: center\">\n<!-- iframe plugin v.6.0 wordpress.org\/plugins\/iframe\/ -->\n<iframe loading=\"lazy\" src=\"https:\/\/www.facebook.com\/plugins\/video.php?height=314&#038;href=https%3A%2F%2Fwww.facebook.com%2Fgobiernodeasturias%2Fvideos%2F749339621414214%2F&#038;show_text=false&#038;width=560&#038;t=0\" width=\"560\" height=\"314\" style=\"border:none;overflow:hidden\" scrolling=\"no\" frameborder=\"0\" allowfullscreen=\"true\" allow=\"autoplay; clipboard-write; encrypted-media; picture-in-picture; web-share\" 0=\"\/iframe\" class=\"iframe-class\"><\/iframe>\n<\/p>\n<p>Barb\u00f3n defendi\u00f3 que l&#8217;apertura d&#8217;esti centru educativu foi gracies a l&#8217;aprobaci\u00f3n de dellos presupuestos auton\u00f3micos, polo que se\u00f1al\u00f3, nesti sen, que \u00abhai votos que nun s&#8217;espliquen\u00bb.<\/p>\n<div class=\"html-div xdj266r xat24cr x1lziwak xexx8yu xyri2b x18d9i69 x1c1uobl x78zum5 x2lah0s xqtp20y x1xegmmw\"><\/div>\n<div class=\"x78zum5 xdt5ytf xz62fqu x16ldp7u\">\n<div class=\"xu06os2 x1ok221b\">\n<div class=\"html-div xdj266r x14z9mp xat24cr x1lziwak xexx8yu xyri2b x18d9i69 x1c1uobl\" data-ad-rendering-role=\"profile_name\">\n<ul>\n<li class=\"html-h3 x14z9mp xat24cr x1lziwak xexx8yu xyri2b x18d9i69 x1c1uobl x1vvkbs x1heor9g x1qlqyl8 x1pd3egz x1a2a7pz x1gslohp x1yc453h\"><span class=\"x1lliihq x6ikm8r x10wlt62 x1n2onr6\"><span class=\"xt0psk2\"><span class=\"xjp7ctv\"><a class=\"x1i10hfl xjbqb8w x1ejq31n x18oe1m7 x1sy0etr xstzfhl x972fbf x10w94by x1qhh985 x14e42zd x9f619 x1ypdohk xt0psk2 x3ct3a4 xdj266r x14z9mp xat24cr x1lziwak xexx8yu xyri2b x18d9i69 x1c1uobl x16tdsg8 x1hl2dhg xggy1nq x1a2a7pz xkrqix3 x1sur9pj xzsf02u x1s688f\" role=\"link\" href=\"https:\/\/www.facebook.com\/alfredocanteliovd?__cft__[0]=AZWskLrQ4uHcXoKQzztfBU1NAyzPoALTfmZzOdayNwCuPup19BrpBnazOI9SO8S0W8cB7pVTbcB3XKVsFWnc14Xr5InIOgsmi-84B0nAj2zv3k6dEJ9E0B68KRiEmt2lS4RXwg__1VWGXoIcBjPNO5A0s8sOdTR5ORPDvAD1oscxDm6LLOUTc8_bNpp6Id3mqo5W0_u3vJjdnKrC8PWNtgL8&amp;__tn__=-UC%2CP-y-R\"><b class=\"html-b xdj266r x14z9mp xat24cr x1lziwak xexx8yu xyri2b x18d9i69 x1c1uobl x1hl2dhg x16tdsg8 x1vvkbs x1s688f\"><span class=\"html-span xdj266r x14z9mp xat24cr x1lziwak xexx8yu xyri2b x18d9i69 x1c1uobl x1hl2dhg x16tdsg8 x1vvkbs\">Alfredo Canteli<\/span><\/b><\/a><\/span><\/span><\/span><\/li>\n<\/ul>\n<\/div>\n<\/div>\n<\/div>\n<div class=\"html-div xdj266r x14z9mp xat24cr x1lziwak xexx8yu xyri2b x18d9i69 x1c1uobl\" dir=\"auto\">\n<div class=\"html-div xdj266r x14z9mp xat24cr x1lziwak xexx8yu xyri2b x18d9i69 x1c1uobl\" dir=\"auto\">\n<div class=\"html-div xdj266r x14z9mp xat24cr x1lziwak xexx8yu xyri2b x18d9i69 x1c1uobl\" data-ad-rendering-role=\"story_message\">\n<div class=\"x1l90r2v x1iorvi4 x1g0dm76 xpdmqnj\" data-ad-comet-preview=\"message\" data-ad-preview=\"message\">\n<div class=\"x78zum5 xdt5ytf xz62fqu x16ldp7u\">\n<div class=\"xu06os2 x1ok221b\">\n<div class=\"html-div xdj266r x14z9mp xat24cr x1lziwak xexx8yu xyri2b x18d9i69 x1c1uobl\">\n<div class=\"xdj266r x14z9mp xat24cr x1lziwak x1vvkbs x126k92a\">\n<div dir=\"auto\"><span style=\"color: #008080\"><em>Los j\u00f3venes de La Corredoria ya tienen su ansiado nuevo instituto: el IES Margarita Salas, que hemos inaugurado esta ma\u00f1ana.<\/em><\/span><\/div>\n<\/div>\n<div class=\"x14z9mp xat24cr x1lziwak x1vvkbs xtlvy1s x126k92a\">\n<div dir=\"auto\"><span style=\"color: #008080\"><em>Un equipamiento fruto de nuestra colaboraci\u00f3n con el Gobierno del <span class=\"html-span xdj266r x14z9mp xat24cr x1lziwak xexx8yu xyri2b x18d9i69 x1c1uobl x1hl2dhg x16tdsg8 x1vvkbs\"><a class=\"x1i10hfl xjbqb8w x1ejq31n x18oe1m7 x1sy0etr xstzfhl x972fbf x10w94by x1qhh985 x14e42zd x9f619 x1ypdohk xt0psk2 x3ct3a4 xdj266r x14z9mp xat24cr x1lziwak xexx8yu xyri2b x18d9i69 x1c1uobl x16tdsg8 x1hl2dhg xggy1nq x1a2a7pz xkrqix3 x1sur9pj x1fey0fg x1s688f\" style=\"color: #008080\" role=\"link\" href=\"https:\/\/www.facebook.com\/gobiernodeasturias?__cft__[0]=AZWskLrQ4uHcXoKQzztfBU1NAyzPoALTfmZzOdayNwCuPup19BrpBnazOI9SO8S0W8cB7pVTbcB3XKVsFWnc14Xr5InIOgsmi-84B0nAj2zv3k6dEJ9E0B68KRiEmt2lS4RXwg__1VWGXoIcBjPNO5A0s8sOdTR5ORPDvAD1oscxDm6LLOUTc8_bNpp6Id3mqo5W0_u3vJjdnKrC8PWNtgL8&amp;__tn__=-]K-y-R\"><span class=\"xt0psk2\"><span class=\"xjp7ctv\">Principado de Asturias<\/span><\/span><\/a><\/span>, y nuestra constante reivindicaci\u00f3n, tal y como nos solicitaban los vecinos.<\/em><\/span><\/div>\n<div dir=\"auto\"><\/div>\n<\/div>\n<div class=\"x14z9mp xat24cr x1lziwak x1vvkbs xtlvy1s x126k92a\">\n<div dir=\"auto\"><span style=\"color: #008080\"><em>Se trata de un centro educativo moderno que, a partir de ahora, cumplir\u00e1 las necesidades del alumnado. Espero que lo disfrut\u00e9is.<\/em><\/span><\/div>\n<div dir=\"auto\"><\/div>\n<div dir=\"auto\" style=\"text-align: center\">\n<!-- iframe plugin v.6.0 wordpress.org\/plugins\/iframe\/ -->\n<iframe loading=\"lazy\" src=\"https:\/\/www.facebook.com\/plugins\/post.php?href=https%3A%2F%2Fwww.facebook.com%2Fphoto.php%3Ffbid%3D1205675858259781%26set%3Da.334843848676324%26type%3D3&#038;show_text=false&#038;width=500\" width=\"500\" height=\"772\" style=\"border:none;overflow:hidden\" scrolling=\"no\" frameborder=\"0\" allowfullscreen=\"true\" allow=\"autoplay; clipboard-write; encrypted-media; picture-in-picture; web-share\" 0=\"\/iframe\" class=\"iframe-class\"><\/iframe>\n<\/div>\n<\/div>\n<div dir=\"auto\" style=\"text-align: center\"><\/div>\n<\/div>\n<div dir=\"auto\" style=\"text-align: center\"><a href=\"https:\/\/estaticos-cdn.prensaiberica.es\/clip\/631b2b4c-2867-4035-9eec-a347954f6811_source-aspect-ratio_default_0.jpg\"><img loading=\"lazy\" decoding=\"async\" class=\"aligncenter size-large\" src=\"https:\/\/estaticos-cdn.prensaiberica.es\/clip\/631b2b4c-2867-4035-9eec-a347954f6811_source-aspect-ratio_default_0.jpg\" width=\"2000\" height=\"1142\" \/><\/a><\/div>\n<div class=\"html-div xdj266r x14z9mp xat24cr x1lziwak xexx8yu xyri2b x18d9i69 x1c1uobl\">\n<div dir=\"auto\"><a href=\"https:\/\/www.lne.es\/oviedo\/la-corredoria\/2025\/09\/05\/instituto-caro-historia-asturias-abre-121253729.html\">LNE<\/a> \/ <a href=\"https:\/\/www.lne.es\/fotos\/oviedo\/2025\/09\/05\/inauguracion-ies-margarita-salas-corredoria-121254161.html\">semeyes LNE<\/a> \/<\/div>\n<div dir=\"auto\"><\/div>\n<div dir=\"auto\" style=\"text-align: center\"><a href=\"https:\/\/estaticos-cdn.prensaiberica.es\/clip\/f01f1c8a-e69e-4a98-bfe5-e5a1eb76dc8b_source-aspect-ratio_default_0.jpg\"><img loading=\"lazy\" decoding=\"async\" class=\"aligncenter size-large\" src=\"https:\/\/estaticos-cdn.prensaiberica.es\/clip\/f01f1c8a-e69e-4a98-bfe5-e5a1eb76dc8b_source-aspect-ratio_default_0.jpg\" width=\"2000\" height=\"1342\" \/><\/a><\/div>\n<\/div>\n<\/div>\n<\/div>\n<\/div>\n<\/div>\n<\/div>\n<\/div>\n<\/div>\n<p style=\"text-align: center\"><a href=\"https:\/\/estaticos-cdn.prensaiberica.es\/clip\/10eee92a-d06a-420c-905a-dafdc8e1e323_source-aspect-ratio_default_0.jpg\"><img loading=\"lazy\" decoding=\"async\" class=\"aligncenter size-large\" src=\"https:\/\/estaticos-cdn.prensaiberica.es\/clip\/10eee92a-d06a-420c-905a-dafdc8e1e323_source-aspect-ratio_default_0.jpg\" width=\"2000\" height=\"1371\" \/><\/a><\/p>\n<p style=\"text-align: center\"><a href=\"https:\/\/estaticos-cdn.prensaiberica.es\/clip\/186c4f73-b284-4b0a-a396-251c134f41f8_source-aspect-ratio_default_0.jpg\"><img loading=\"lazy\" decoding=\"async\" class=\"aligncenter size-large\" src=\"https:\/\/estaticos-cdn.prensaiberica.es\/clip\/186c4f73-b284-4b0a-a396-251c134f41f8_source-aspect-ratio_default_0.jpg\" width=\"2000\" height=\"1721\" \/><\/a><\/p>\n<p><a href=\"https:\/\/actualidad.asturias.es\/documents\/537115\/2785609\/2025_09_04+presidente+inauguracion+centro+educativo+14.jpg\/26f91483-fe16-4143-0cdf-fa80f6a65227?t=1756984051245\"><img loading=\"lazy\" decoding=\"async\" class=\"aligncenter size-large\" src=\"https:\/\/actualidad.asturias.es\/documents\/537115\/2785609\/2025_09_04+presidente+inauguracion+centro+educativo+14.jpg\/26f91483-fe16-4143-0cdf-fa80f6a65227?t=1756984051245\" width=\"5472\" height=\"3648\" \/><\/a><\/p>\n<p style=\"text-align: center\"><img loading=\"lazy\" decoding=\"async\" class=\"alignnone size-large\" src=\"https:\/\/estaticos-cdn.prensaiberica.es\/clip\/99606f67-b93a-485e-b671-68abbc692d54_source-aspect-ratio_default_0.jpg\" width=\"2000\" height=\"1313\" \/><\/p>\n<p style=\"text-align: center\"><a href=\"https:\/\/actualidad.asturias.es\/documents\/537115\/2785609\/2025_09_04+presidente+inauguracion+centro+educativo+19.jpg\/71ddeeb0-bd76-450f-69d4-88df32c3b33f?t=1756984050884\"><img loading=\"lazy\" decoding=\"async\" class=\"aligncenter size-large\" src=\"https:\/\/actualidad.asturias.es\/documents\/537115\/2785609\/2025_09_04+presidente+inauguracion+centro+educativo+19.jpg\/71ddeeb0-bd76-450f-69d4-88df32c3b33f?t=1756984050884\" width=\"5116\" height=\"3415\" \/><\/a><\/p>\n<p style=\"text-align: center\"><a href=\"https:\/\/actualidad.asturias.es\/documents\/537115\/2785609\/2025_09_04+presidente+inauguracion+centro+educativo+18.jpg\/0da43d28-a8d5-9355-7245-4000f2fa1e4f?t=1756984050817\"><img loading=\"lazy\" decoding=\"async\" class=\"aligncenter size-large\" src=\"https:\/\/actualidad.asturias.es\/documents\/537115\/2785609\/2025_09_04+presidente+inauguracion+centro+educativo+18.jpg\/0da43d28-a8d5-9355-7245-4000f2fa1e4f?t=1756984050817\" width=\"5362\" height=\"3648\" \/><\/a><\/p>\n<p>&nbsp;<\/p>\n","protected":false},"excerpt":{"rendered":"<p>TPA \/ https:\/\/alojaweb.educastur.es\/web\/ieslacorredoria\/ies-margarita-salas LNE \/ semeyes LNE \/ Actualid\u00e1 Asturies \/ El segundu institutu de La Corredoria va abrir el martes con 55 profesores y 437 estudiantes Barb\u00f3n destaca que&#8217;l modelu educativu asturianu ye \u00ab\u00fanicu\u00bb y nun tien \u00abcomparanza\u00bb.\u00a0 El presidente del Princip\u00e1u, Adri\u00e1n Barb\u00f3n, asegur\u00f3 esti xueves que&#8217;l Gobiernu \u00abva cumplir lo alcordao\u00bb nel [&hellip;]<\/p>\n","protected":false},"author":117,"featured_media":0,"comment_status":"closed","ping_status":"open","sticky":false,"template":"","format":"standard","meta":{"footnotes":""},"categories":[431],"tags":[],"class_list":["post-57015","post","type-post","status-publish","format-standard","hentry","category-ies-margarita-salas"],"_links":{"self":[{"href":"https:\/\/edublog.educastur.es\/ixuxu\/wp-json\/wp\/v2\/posts\/57015","targetHints":{"allow":["GET"]}}],"collection":[{"href":"https:\/\/edublog.educastur.es\/ixuxu\/wp-json\/wp\/v2\/posts"}],"about":[{"href":"https:\/\/edublog.educastur.es\/ixuxu\/wp-json\/wp\/v2\/types\/post"}],"author":[{"embeddable":true,"href":"https:\/\/edublog.educastur.es\/ixuxu\/wp-json\/wp\/v2\/users\/117"}],"replies":[{"embeddable":true,"href":"https:\/\/edublog.educastur.es\/ixuxu\/wp-json\/wp\/v2\/comments?post=57015"}],"version-history":[{"count":10,"href":"https:\/\/edublog.educastur.es\/ixuxu\/wp-json\/wp\/v2\/posts\/57015\/revisions"}],"predecessor-version":[{"id":57337,"href":"https:\/\/edublog.educastur.es\/ixuxu\/wp-json\/wp\/v2\/posts\/57015\/revisions\/57337"}],"wp:attachment":[{"href":"https:\/\/edublog.educastur.es\/ixuxu\/wp-json\/wp\/v2\/media?parent=57015"}],"wp:term":[{"taxonomy":"category","embeddable":true,"href":"https:\/\/edublog.educastur.es\/ixuxu\/wp-json\/wp\/v2\/categories?post=57015"},{"taxonomy":"post_tag","embeddable":true,"href":"https:\/\/edublog.educastur.es\/ixuxu\/wp-json\/wp\/v2\/tags?post=57015"}],"curies":[{"name":"wp","href":"https:\/\/api.w.org\/{rel}","templated":true}]}}