{"id":57023,"date":"2025-09-04T20:00:47","date_gmt":"2025-09-04T18:00:47","guid":{"rendered":"https:\/\/edublog.educastur.es\/ixuxu\/?p=57023"},"modified":"2025-09-05T00:11:55","modified_gmt":"2025-09-04T22:11:55","slug":"entamal-xviii-festival-internacional-de-la-gaita-de-villaviciosa","status":"publish","type":"post","link":"https:\/\/edublog.educastur.es\/ixuxu\/2025\/09\/entamal-xviii-festival-internacional-de-la-gaita-de-villaviciosa\/","title":{"rendered":"Entama\u2019l XVIII Festival Internacional de la Gaita de Villaviciosa"},"content":{"rendered":"<div class=\"html-div xdj266r xat24cr x1lziwak xexx8yu xyri2b x18d9i69 x1c1uobl x78zum5 x2lah0s xqtp20y x1xegmmw\">\n<div class=\"xc9qbxq x14qfxbe x6s0dn4 x78zum5 xl56j7k\">\n<div class=\"\" style=\"text-align: center\"><a href=\"https:\/\/musicasturiana.com\/wp-content\/uploads\/2025\/09\/fig-corquieu.jpg\"><img loading=\"lazy\" decoding=\"async\" class=\"aligncenter size-large\" src=\"https:\/\/musicasturiana.com\/wp-content\/uploads\/2025\/09\/fig-corquieu.jpg\" width=\"1200\" height=\"600\" \/><\/a><em>Na semeya, actuaci\u00f3n de Corqui\u00e9u del pas\u00e1u a\u00f1u.<\/em><\/div>\n<\/div>\n<\/div>\n<div class=\"html-div xdj266r x14z9mp xat24cr x1lziwak xexx8yu xyri2b x18d9i69 x1c1uobl x1iyjqo2 xeuugli\">\n<div class=\"x78zum5 xdt5ytf xz62fqu x16ldp7u\">\n<div class=\"xu06os2 x1ok221b\">\n<ul>\n<li class=\"html-h3 x14z9mp xat24cr x1lziwak xexx8yu xyri2b x18d9i69 x1c1uobl x1vvkbs x1heor9g x1qlqyl8 x1pd3egz x1a2a7pz x1gslohp x1yc453h\"><span class=\"x78zum5 x1q0g3np\"><span class=\"x1lliihq x6ikm8r x10wlt62 x1n2onr6 xlyipyv xuxw1ft\"><span class=\"xt0psk2\"><span class=\"xjp7ctv\"><a class=\"x1i10hfl xjbqb8w x1ejq31n x18oe1m7 x1sy0etr xstzfhl x972fbf x10w94by x1qhh985 x14e42zd x9f619 x1ypdohk xt0psk2 x3ct3a4 xdj266r x14z9mp xat24cr x1lziwak xexx8yu xyri2b x18d9i69 x1c1uobl x16tdsg8 x1hl2dhg xggy1nq x1a2a7pz xkrqix3 x1sur9pj xzsf02u x1s688f\" role=\"link\" href=\"https:\/\/www.facebook.com\/musicasturiana?__cft__[0]=AZXynUZ9HwwqWXUeE9nbICk_IkMlGBTDRbLHv_1hr2HtTrJELjulIE2ocN2mejBPFlYHTAucAFiiDaqyGicDbX0Qoa8PRr7xyOjAnvdNBZkLNVh4f7HOPmKZ05_U47r0KQkBh8d4seMk7Ko5QWYlOys5JwBdQ_nNj8GvGzgAerzWrjpXuKfb7sOayULakr6FjjZcatMOV1ySJWa2mgvYHWUu&amp;__tn__=-UC%2CP-y-R\"><b class=\"html-b xdj266r x14z9mp xat24cr x1lziwak xexx8yu xyri2b x18d9i69 x1c1uobl x1hl2dhg x16tdsg8 x1vvkbs x1s688f\"><span class=\"html-span xdj266r x14z9mp xat24cr x1lziwak xexx8yu xyri2b x18d9i69 x1c1uobl x1hl2dhg x16tdsg8 x1vvkbs\">musicasturiana.com<\/span><\/b><\/a><\/span><\/span><\/span><\/span><\/li>\n<\/ul>\n<\/div>\n<\/div>\n<\/div>\n<div class=\"html-div xdj266r x14z9mp xat24cr x1lziwak xexx8yu xyri2b x18d9i69 x1c1uobl\" dir=\"auto\">\n<div class=\"html-div xdj266r x14z9mp xat24cr x1lziwak xexx8yu xyri2b x18d9i69 x1c1uobl\" dir=\"auto\">\n<div class=\"html-div xdj266r x14z9mp xat24cr x1lziwak xexx8yu xyri2b x18d9i69 x1c1uobl\" data-ad-rendering-role=\"story_message\">\n<div class=\"x1l90r2v x1iorvi4 x1g0dm76 xpdmqnj\" data-ad-comet-preview=\"message\" data-ad-preview=\"message\">\n<div class=\"x78zum5 xdt5ytf xz62fqu x16ldp7u\">\n<div class=\"xu06os2 x1ok221b\">\n<div class=\"html-div xdj266r x14z9mp xat24cr x1lziwak xexx8yu xyri2b x18d9i69 x1c1uobl\">\n<div class=\"xdj266r x14z9mp xat24cr x1lziwak x1vvkbs x126k92a\">\n<div dir=\"auto\">G\u00fcei arranca la XVIII edici\u00f3n del <span class=\"html-span xdj266r x14z9mp xat24cr x1lziwak xexx8yu xyri2b x18d9i69 x1c1uobl x1hl2dhg x16tdsg8 x1vvkbs\"><a class=\"x1i10hfl xjbqb8w x1ejq31n x18oe1m7 x1sy0etr xstzfhl x972fbf x10w94by x1qhh985 x14e42zd x9f619 x1ypdohk xt0psk2 x3ct3a4 xdj266r x14z9mp xat24cr x1lziwak xexx8yu xyri2b x18d9i69 x1c1uobl x16tdsg8 x1hl2dhg xggy1nq x1a2a7pz xkrqix3 x1sur9pj x1fey0fg x1s688f\" role=\"link\" href=\"https:\/\/www.facebook.com\/FestivaInternacionaldelaGaita?__cft__[0]=AZXynUZ9HwwqWXUeE9nbICk_IkMlGBTDRbLHv_1hr2HtTrJELjulIE2ocN2mejBPFlYHTAucAFiiDaqyGicDbX0Qoa8PRr7xyOjAnvdNBZkLNVh4f7HOPmKZ05_U47r0KQkBh8d4seMk7Ko5QWYlOys5JwBdQ_nNj8GvGzgAerzWrjpXuKfb7sOayULakr6FjjZcatMOV1ySJWa2mgvYHWUu&amp;__tn__=-]K-y-R\"><span class=\"xt0psk2\"><span class=\"xjp7ctv\">Festival Internacional de la Gaita<\/span><\/span><\/a><\/span> (FIG), \u00fan de los eventos m\u00e1s destacaos pa la m\u00fasica n&#8217;asturianu <span class=\"html-span xexx8yu xyri2b x18d9i69 x1c1uobl x1hl2dhg x16tdsg8 x1vvkbs x3nfvp2 x1j61x8r x1fcty0u xdj266r xat24cr xm2jcoa x1mpyi22 xxymvpz xlup9mm x1kky2od\"><img loading=\"lazy\" decoding=\"async\" class=\"xz74otr x15mokao x1ga7v0g x16uus16 xbiv7yw\" src=\"https:\/\/static.xx.fbcdn.net\/images\/emoji.php\/v9\/t8e\/1\/16\/1f941.png\" alt=\"\ud83e\udd41\" width=\"16\" height=\"16\" \/><\/span> Hasta&#8217;l domingu 7 va desendolcase na capital maliaya una programaci\u00f3n qu&#8217;incl\u00fai conciertos, pasuc\u00e1is, concursos, esposiciones, charres, talleres, merc\u00e1u y otres actividaes. Conciertos, pasuc\u00e1is, concursos, esposiciones, charres, talleres y otres actividaes enllenen la capital maliaya de cultura&#8217;l pa\u00eds hasta&#8217;l domingu. <a href=\"https:\/\/musicasturiana.com\/entamal-xviii-festival-internacional-de-la-gaita-de-villaviciosa\/?fbclid=IwY2xjawMm6zdleHRuA2FlbQIxMQABHuX2M7Usfw73NlYzCCj9MY7p4MZoJukQJYu2qCSSZopVGxkleLuAYdUu5CYA_aem_rkBWBM3vnxo2aWFzg6H7RQ\">M\u00fasicasturiana.com<\/a><\/div>\n<div dir=\"auto\"><\/div>\n<\/div>\n<\/div>\n<\/div>\n<\/div>\n<\/div>\n<\/div>\n<\/div>\n<\/div>\n<p><!--more--><\/p>\n<div class=\"elementor-element elementor-element-a767a8c elementor-widget__width-inherit elementor-widget elementor-widget-theme-post-content\" data-id=\"a767a8c\" data-element_type=\"widget\" data-widget_type=\"theme-post-content.default\">\n<div class=\"elementor-widget-container\">\n<p>G\u00fcei arranca la XVIII edici\u00f3n del <strong>Festival Internacional de la Gaita de Villaviciosa<\/strong> (FIG), \u00fan de los eventos m\u00e1s destacaos pa la m\u00fasica n\u2019asturianu.<strong> Hasta\u2019l domingu 7 <\/strong>va desendolcase na capital maliaya una programaci\u00f3n qu\u2019incl\u00fai <strong>conciertos, pasuc\u00e1is, concursos, esposiciones, charres, talleres, merc\u00e1u <\/strong>y otres actividaes.<\/p>\n<p style=\"text-align: center\"><a href=\"https:\/\/musicasturiana.com\/wp-content\/uploads\/2025\/07\/FIG-2025.jpg\"><img loading=\"lazy\" decoding=\"async\" class=\"aligncenter size-large\" src=\"https:\/\/musicasturiana.com\/wp-content\/uploads\/2025\/07\/FIG-2025.jpg\" width=\"1200\" height=\"600\" \/><\/a><\/p>\n<p>La programaci\u00f3n entama esta tarde a les 18.00 cola esposici\u00f3n \u00abAsturies notra d\u00f3mina: Muncho m\u00e1s que ropa\u00bb, qu\u2019amuesa la colecci\u00f3n de traxes tradicionales del grupu de baille San F\u00e9lix de Cand\u00e1s. A les 20.00h, la BGV El Gaitero, anfitriona del festival, va facer un pasuc\u00e1is al que-y sigue\u2019l<strong> conciertu de Simon Bradley, Borja Baraga\u00f1o y Julio Rodr\u00edguez<\/strong>, a les <strong>21.00h<\/strong> nel<strong> Teatru Riera<\/strong>. L\u2019apertura de puertes ye a les 20.30, y el conciertu va ser d\u2019entrada llibre. Dempu\u00e9s del conciertu, torna la <strong>Jam Session Folk<\/strong> del festival, que va facese nel bar <strong>La Caleya les Indies<\/strong>, entamando a les <strong>23.00h<\/strong>.<\/p>\n<p>Al d\u00eda siguiente, <strong>vienres 5<\/strong>, entama a les 17.00h el <strong>merc\u00e1u artesanu<\/strong> del FIG, acompa\u00f1\u00e1u d\u2019un pasuc\u00e1is de la <strong>Banda Gaites Cabu Pe\u00f1es<\/strong>. A les 18.15h, va haber una actuaci\u00f3n de la Bandina de la BGV El Gaitero, sigu\u00eda d\u2019otra de la BG Cabu Pe\u00f1es a les 19.00h. A les 19.30, ufi\u00e9rtase una <strong>charra de Balbino Fern\u00e1ndez y Ricardo Soberado <\/strong>al rodiu\u2019l llibru <em><a href=\"https:\/\/musicasturiana.com\/producto\/balbino-menendez-y-ricardo-soberado-llibru-el-floreu-de-gaita-asturiana\/\">El Flor\u00e9u de Gaita Asturiana<\/a><\/em>. Les <strong>actuaciones <\/strong>de la BG Xinzo de Limia y de los escolinos y profesores de la escuela de la BGV El Gaitero, preludien la <strong>IX Nueche en Danza del FIG<\/strong>, onde van tar presentes,<strong> dende les 21.00h <\/strong>na Carpa\u2019l FIG, los <strong>Escolinos<\/strong> de la Escuela de M\u00fasica Tradicional de la <strong>BGV \u00abEl Gaitero\u00bb<\/strong>, <strong>El Grupu Etnogr\u00e1ficu L\u2019Oriente<\/strong>, <strong>Pandereteros d\u2019Angua\u00f1o<\/strong> y la <strong>Bandina Los Colla\u00ednos<\/strong>. N\u2019acabando, <strong>escenariu llibre<\/strong>.<\/p>\n<p>El <strong>s\u00e1badu 6<\/strong> de setiembre, el festival ufre un <strong>taller <\/strong>al rodiu \u2018La fabricaci\u00f3n del pay\u00f3n y axuste del ronc\u00f3n na gaita asturiana\u2019, que va tar impart\u00edu por <strong>Pelayo Fern\u00e1ndez<\/strong>. Va tener llugar de 10.30 a 12.30h nel Aten\u00e9u Obreru, y ye necesaria inscripci\u00f3n previa. Durante tol d\u00eda les bandes de gaites y los grupos etnogr\u00e1ficos que participen nel festival van tar faciendo <strong>pasuc\u00e1is y actuaciones <\/strong>en distintes localizaciones de La Villa. Na Carpa\u2019l Fig, <strong>Carlos Velasco y Chino \u00abEl Indio\u00bb<\/strong> van amenizar la hora\u2019l verm\u00fa, de 14:00 a 16:00. Pa pela tarde, entama a les 16.30h el <strong>VII Alcuentru d\u2019Artesanos d\u2019Instrumentos Musicales Tradicionales<\/strong>. A les 18.00h, <strong>Ana Feito<\/strong> va tar impartiendo un taller did\u00e1uticu de m\u00fasica tradicional pa ne\u00f1es y ne\u00f1os. Na carpa, y dende les 19.00, va tener llugar <strong>l\u2019Alcuentru de Bandes de Gaites<\/strong>, onde van participar la <strong>BG Cand\u00e1s<\/strong>, la <strong>BG Xinzo de Limia<\/strong>, <strong>Roncones y Sonajas<\/strong>, <strong>l\u2019Albokariak Herri Arte Eskolako<\/strong>, la<strong> BG El Centru<\/strong>, la propia <strong>BGV El Gaitero <\/strong>y el <strong>Grupu de Baille San F\u00e9lix de Cand\u00e1s<\/strong>.<\/p>\n<h2 class=\"wp-block-heading\"><mark class=\"has-inline-color\">Nueches Folk y m\u00e1s<\/mark><\/h2>\n<p>Previo a los conciertos de pela nueche, a les 21.00h la<strong> Bandina \u00abCam\u00edn del Carm\u00edn\u00bb<\/strong> va animar la carpa al pie de la barra, pa dempu\u00e9s dar pasu a la <strong>Nueche Folk del FIG<\/strong>, a les <strong>22.00h<\/strong>, colos conciertos de <strong>Felpeyu<\/strong>, <strong>Hevia<\/strong>, <strong>Malin Lewis <\/strong>y <strong>Skama La Rede<\/strong>.<\/p>\n<p>Pal <strong>domingu 7<\/strong> de setiembre, va cellebrase\u2019l <strong>XV Concursu de Gaita \u00abMemorial Jos\u00e9 Huerta\u00bb<\/strong>, a les 11.00h nel Teatru Riera, previa inscripci\u00f3n de los participantes. A partir de les 12:00h, va haber actuaciones de bandines tradicionales pelos chigres de La Villa, con la<strong> Bandina Los Mu\u00edles<\/strong>, la <strong>Bandina l\u2019Embol\u00e1u<\/strong> y la <strong>bandina de la BGV El Gaitero<\/strong>.<\/p>\n<p>La entrega de premios del concursu va ser a les 14.00h, y va tar sigu\u00eda d\u2019un verm\u00fa tami\u00e9n anim\u00e1u poles bandines tradicionales. A les 17.00, <strong>Malin Lewis<\/strong> va tar faciendo un <strong>conciertu did\u00e1uticu na Ilesia de Santa Mar\u00eda<\/strong>, y a les 19.00h entama\u2019l <strong>VI Certame de Canci\u00f3n Asturiana \u00abXavi Solares\u00bb<\/strong>, con Carlos Velasco, Alicia Villanueva, Andr\u00e9s Cueli y Andrea Cueli, acompa\u00f1aos de Valent\u00edn Fuente a la gaita. Y\u00e1 pela nueche, a les 21.00h, ye la <strong>segunda nueche folk del FIG<\/strong>, onde vs poder sentise a <strong>Soi Panderetera<\/strong>, a los gallegos <strong>B\u00d6J<\/strong> y a <strong>N\u2019Ochebre<\/strong>.<\/p>\n<h2 class=\"wp-block-heading\"><mark class=\"has-inline-color\">Programa por d\u00edes<\/mark><\/h2>\n<figure class=\"wp-block-gallery has-nested-images columns-default is-cropped wp-block-gallery-1 is-layout-flex wp-block-gallery-is-layout-flex\">\n<figure class=\"wp-block-image size-large\"><a href=\"https:\/\/musicasturiana.com\/wp-content\/uploads\/2025\/09\/fig-2025-01.jpg\"><img loading=\"lazy\" decoding=\"async\" class=\"wp-image-42760\" src=\"https:\/\/musicasturiana.com\/wp-content\/uploads\/2025\/09\/fig-2025-01-819x1024.jpg\" alt=\"\" width=\"819\" height=\"1024\" data-id=\"42760\" \/><\/a><\/figure>\n<figure class=\"wp-block-image size-large\"><a href=\"https:\/\/musicasturiana.com\/wp-content\/uploads\/2025\/09\/fig-2025-02.jpg\"><img loading=\"lazy\" decoding=\"async\" class=\"wp-image-42761\" src=\"https:\/\/musicasturiana.com\/wp-content\/uploads\/2025\/09\/fig-2025-02-819x1024.jpg\" alt=\"\" width=\"819\" height=\"1024\" data-id=\"42761\" \/><\/a><\/figure>\n<figure class=\"wp-block-image size-large\"><a href=\"https:\/\/musicasturiana.com\/wp-content\/uploads\/2025\/09\/fig-2025-03.jpg\"><img loading=\"lazy\" decoding=\"async\" class=\"wp-image-42758\" src=\"https:\/\/musicasturiana.com\/wp-content\/uploads\/2025\/09\/fig-2025-03-819x1024.jpg\" alt=\"\" width=\"819\" height=\"1024\" data-id=\"42758\" \/><\/a><\/figure>\n<figure class=\"wp-block-image size-large\"><a href=\"https:\/\/musicasturiana.com\/wp-content\/uploads\/2025\/09\/fig-2025-04.jpg\"><img loading=\"lazy\" decoding=\"async\" class=\"wp-image-42762\" src=\"https:\/\/musicasturiana.com\/wp-content\/uploads\/2025\/09\/fig-2025-04-819x1024.jpg\" alt=\"\" width=\"819\" height=\"1024\" data-id=\"42762\" \/><\/a><\/figure>\n<figure class=\"wp-block-image size-large\"><a href=\"https:\/\/musicasturiana.com\/wp-content\/uploads\/2025\/09\/fig-2025-05.jpg\"><img loading=\"lazy\" decoding=\"async\" class=\"wp-image-42759\" src=\"https:\/\/musicasturiana.com\/wp-content\/uploads\/2025\/09\/fig-2025-05-819x1024.jpg\" alt=\"\" width=\"819\" height=\"1024\" data-id=\"42759\" \/><\/a><\/figure>\n<\/figure>\n<\/div>\n<\/div>\n<div class=\"elementor-element elementor-element-6d96732 elementor-widget__width-inherit elementor-post-navigation-borders-yes elementor-widget elementor-widget-post-navigation\" data-id=\"6d96732\" data-element_type=\"widget\" data-widget_type=\"post-navigation.default\">\n<div class=\"elementor-widget-container\">\n<div class=\"elementor-post-navigation\">\n<div class=\"elementor-post-navigation__next elementor-post-navigation__link\"><\/div>\n<\/div>\n<\/div>\n<\/div>\n","protected":false},"excerpt":{"rendered":"<p>Na semeya, actuaci\u00f3n de Corqui\u00e9u del pas\u00e1u a\u00f1u. musicasturiana.com G\u00fcei arranca la XVIII edici\u00f3n del Festival Internacional de la Gaita (FIG), \u00fan de los eventos m\u00e1s destacaos pa la m\u00fasica n&#8217;asturianu Hasta&#8217;l domingu 7 va desendolcase na capital maliaya una programaci\u00f3n qu&#8217;incl\u00fai conciertos, pasuc\u00e1is, concursos, esposiciones, charres, talleres, merc\u00e1u y otres actividaes. Conciertos, pasuc\u00e1is, concursos, [&hellip;]<\/p>\n","protected":false},"author":117,"featured_media":0,"comment_status":"closed","ping_status":"open","sticky":false,"template":"","format":"standard","meta":{"footnotes":""},"categories":[425,35,125],"tags":[],"class_list":["post-57023","post","type-post","status-publish","format-standard","hentry","category-gaita","category-musica","category-musicasturiana-com"],"_links":{"self":[{"href":"https:\/\/edublog.educastur.es\/ixuxu\/wp-json\/wp\/v2\/posts\/57023","targetHints":{"allow":["GET"]}}],"collection":[{"href":"https:\/\/edublog.educastur.es\/ixuxu\/wp-json\/wp\/v2\/posts"}],"about":[{"href":"https:\/\/edublog.educastur.es\/ixuxu\/wp-json\/wp\/v2\/types\/post"}],"author":[{"embeddable":true,"href":"https:\/\/edublog.educastur.es\/ixuxu\/wp-json\/wp\/v2\/users\/117"}],"replies":[{"embeddable":true,"href":"https:\/\/edublog.educastur.es\/ixuxu\/wp-json\/wp\/v2\/comments?post=57023"}],"version-history":[{"count":2,"href":"https:\/\/edublog.educastur.es\/ixuxu\/wp-json\/wp\/v2\/posts\/57023\/revisions"}],"predecessor-version":[{"id":57025,"href":"https:\/\/edublog.educastur.es\/ixuxu\/wp-json\/wp\/v2\/posts\/57023\/revisions\/57025"}],"wp:attachment":[{"href":"https:\/\/edublog.educastur.es\/ixuxu\/wp-json\/wp\/v2\/media?parent=57023"}],"wp:term":[{"taxonomy":"category","embeddable":true,"href":"https:\/\/edublog.educastur.es\/ixuxu\/wp-json\/wp\/v2\/categories?post=57023"},{"taxonomy":"post_tag","embeddable":true,"href":"https:\/\/edublog.educastur.es\/ixuxu\/wp-json\/wp\/v2\/tags?post=57023"}],"curies":[{"name":"wp","href":"https:\/\/api.w.org\/{rel}","templated":true}]}}