{"id":57035,"date":"2025-09-05T19:55:56","date_gmt":"2025-09-05T17:55:56","guid":{"rendered":"https:\/\/edublog.educastur.es\/ixuxu\/?p=57035"},"modified":"2025-09-13T16:24:19","modified_gmt":"2025-09-13T14:24:19","slug":"57035","status":"publish","type":"post","link":"https:\/\/edublog.educastur.es\/ixuxu\/2025\/09\/57035\/","title":{"rendered":"La Banda Sonora de&#8230; Marina Pangua"},"content":{"rendered":"<div class=\"xbmvrgn\">\n<div>\n<div>La cantante, compositora y escritora escueye los 20 cantares que m\u00e1s-y presten y fala de la so familia, d&#8217;espect\u00e1culos, d&#8217;inxusticies y m\u00e1s. <span class=\"x193iq5w xeuugli x13faqbe x1vvkbs xt0psk2 x1i0vuye xvs91rp xo1l8bm x5n08af x10wh9bi xpm28yp x8viiok x1o7cslx x126k92a\"><a class=\"x1i10hfl xjbqb8w x1ejq31n x18oe1m7 x1sy0etr xstzfhl x972fbf x10w94by x1qhh985 x14e42zd x9f619 x1ypdohk xt0psk2 x3ct3a4 xdj266r x14z9mp xat24cr x1lziwak xexx8yu xyri2b x18d9i69 x1c1uobl x16tdsg8 x1hl2dhg xggy1nq x1a2a7pz notranslate _a6hd\" role=\"link\" href=\"https:\/\/www.instagram.com\/caparinamariella\/\">@caparinamariella<\/a> (Uvi\u00e9u, 1992) ye cantante, compositora y escritora. Dende la cuna tuvo venceyada a la m\u00fasica asturiana -ye f\u00eda de Pedro Pangua (Ubi\u00f1a, Xar\u00e9u, Nuberu) y hermana de Diego Pangua (<a class=\"x1i10hfl xjbqb8w x1ejq31n x18oe1m7 x1sy0etr xstzfhl x972fbf x10w94by x1qhh985 x14e42zd x9f619 x1ypdohk xt0psk2 x3ct3a4 xdj266r x14z9mp xat24cr x1lziwak xexx8yu xyri2b x18d9i69 x1c1uobl x16tdsg8 x1hl2dhg xggy1nq x1a2a7pz notranslate _a6hd\" role=\"link\" href=\"https:\/\/www.instagram.com\/felpeyuoficial\/\">@felpeyuoficial<\/a> ,<a class=\"x1i10hfl xjbqb8w x1ejq31n x18oe1m7 x1sy0etr xstzfhl x972fbf x10w94by x1qhh985 x14e42zd x9f619 x1ypdohk xt0psk2 x3ct3a4 xdj266r x14z9mp xat24cr x1lziwak xexx8yu xyri2b x18d9i69 x1c1uobl x16tdsg8 x1hl2dhg xggy1nq x1a2a7pz notranslate _a6hd\" role=\"link\" href=\"https:\/\/www.instagram.com\/DRD\/\">@DRD<\/a>)- y entam\u00f3 dende mui ne\u00f1a a xubir a los escenarios, como amuesa que con 13 a\u00f1os y\u00e1 fora cantante del grupu Verdasca, col que grab\u00f3\u2019l discu D\u2019Ab\u00e9u.<\/span><\/div>\n<\/div>\n<\/div>\n<div class=\"x5yr21d xw2csxc x1odjw0f x1n2onr6\">\n<div class=\"x9f619 x78zum5 xdt5ytf x5yr21d xexx8yu xv54qhq x1l90r2v xf7dkkf x10l6tqk xh8yej3\">\n<div>\n<div class=\"html-div xdj266r x14z9mp xat24cr x1lziwak xyri2b x1c1uobl x9f619 xjbqb8w x78zum5 x15mokao x1ga7v0g x16uus16 xbiv7yw xsag5q8 xz9dl7a x1uhb9sk x1plvlek xryxfnj x1c4vz4f x2lah0s x1q0g3np xqjyukv x1qjc9v5 x1oa3qoh x1nhvcw1\">\n<div class=\"html-div xdj266r x14z9mp xat24cr x1lziwak xexx8yu xyri2b x18d9i69 x1c1uobl x9f619 xjbqb8w x78zum5 x15mokao x1ga7v0g x16uus16 xbiv7yw x1uhb9sk x1plvlek xryxfnj x1iyjqo2 x2lwn1j xeuugli x1q0g3np xqjyukv x1qjc9v5 x1oa3qoh x1nhvcw1\">\n<div class=\"html-div xdj266r x14z9mp xat24cr x1lziwak xexx8yu xyri2b x18d9i69 x1c1uobl x9f619 xjbqb8w x78zum5 x15mokao x1ga7v0g x16uus16 xbiv7yw x1uhb9sk x1plvlek xryxfnj x1iyjqo2 x2lwn1j xeuugli xdt5ytf xqjyukv x1qjc9v5 x1oa3qoh x1nhvcw1\">\n<div><\/div>\n<div style=\"text-align: center\"><span class=\"x193iq5w xeuugli x13faqbe x1vvkbs xt0psk2 x1i0vuye xvs91rp xo1l8bm x5n08af x10wh9bi xpm28yp x8viiok x1o7cslx x126k92a\"><span class=\"html-span xexx8yu x4uap5 x18d9i69 xkhd6sd x1hl2dhg x16tdsg8 x1vvkbs x3nfvp2 x1j61x8r x1fcty0u xdj266r xat24cr xgzva0m xhhsvwb xxymvpz xlup9mm x1kky2od\">\n<!-- iframe plugin v.6.0 wordpress.org\/plugins\/iframe\/ -->\n<iframe loading=\"lazy\" src=\"https:\/\/www.instagram.com\/reel\/DOEiqf4jHqg\/embed\" width=\"490\" height=\"675\" 0=\"\/iframe\" scrolling=\"yes\" class=\"iframe-class\" frameborder=\"0\"><\/iframe>\n<\/span><\/span><\/div>\n<div><\/div>\n<div><!--more--><\/div>\n<div class=\"html-div xdj266r x14z9mp xat24cr x1lziwak xexx8yu xyri2b x18d9i69 x1c1uobl x9f619 xjbqb8w x78zum5 x15mokao x1ga7v0g x16uus16 xbiv7yw x1uhb9sk x1plvlek xryxfnj x1c4vz4f x2lah0s xdt5ytf xqjyukv x1qjc9v5 x1oa3qoh x1nhvcw1\">\n<p><span class=\"x193iq5w xeuugli x13faqbe x1vvkbs xt0psk2 x1i0vuye xvs91rp xo1l8bm x5n08af x10wh9bi xpm28yp x8viiok x1o7cslx x126k92a\"> \ud83c\udf99\ufe0f Na actualid\u00e1 ye cantante, lletrista y percusionista de <a class=\"x1i10hfl xjbqb8w x1ejq31n x18oe1m7 x1sy0etr xstzfhl x972fbf x10w94by x1qhh985 x14e42zd x9f619 x1ypdohk xt0psk2 x3ct3a4 xdj266r x14z9mp xat24cr x1lziwak xexx8yu xyri2b x18d9i69 x1c1uobl x16tdsg8 x1hl2dhg xggy1nq x1a2a7pz notranslate _a6hd\" role=\"link\" href=\"https:\/\/www.instagram.com\/laciudanelmar\/\">@laciudanelmar<\/a> -cuartetu col que lleva unos meses asoleyando cenciellos y que va sacar el so primer EP esti payares- y de <a class=\"x1i10hfl xjbqb8w x1ejq31n x18oe1m7 x1sy0etr xstzfhl x972fbf x10w94by x1qhh985 x14e42zd x9f619 x1ypdohk xt0psk2 x3ct3a4 xdj266r x14z9mp xat24cr x1lziwak xexx8yu xyri2b x18d9i69 x1c1uobl x16tdsg8 x1hl2dhg xggy1nq x1a2a7pz notranslate _a6hd\" role=\"link\" href=\"https:\/\/www.instagram.com\/muyeres.oficial\/\">@muyeres.oficial<\/a> , formaci\u00f3n cola que particip\u00f3 nos espect\u00e1culos \u201820 a\u00f1os sobre la escena asturiana\u2019, \u2018Pa\u00eds Malva\u2019, \u2018Humanes\u2019 \u2712\ufe0f Nel so llabor d\u2019escritora, foi ganadora del I premiu \u2018Muyer\u2019 de Narraciones <a class=\"x1i10hfl xjbqb8w x1ejq31n x18oe1m7 x1sy0etr xstzfhl x972fbf x10w94by x1qhh985 x14e42zd x9f619 x1ypdohk xt0psk2 x3ct3a4 xdj266r x14z9mp xat24cr x1lziwak xexx8yu xyri2b x18d9i69 x1c1uobl x16tdsg8 x1hl2dhg xggy1nq x1a2a7pz notranslate _a6hd\" role=\"link\" href=\"https:\/\/www.instagram.com\/edicionestrabe\/\">@edicionestrabe<\/a> cola novela Pel norte n\u2019El Cantu Llunada.<\/span><\/p>\n<p style=\"text-align: center\"><a href=\"https:\/\/musicasturiana.com\/wp-content\/uploads\/2025\/09\/la-banda-sonora-marina-pangua.jpg\"><img loading=\"lazy\" decoding=\"async\" class=\"aligncenter size-large\" src=\"https:\/\/musicasturiana.com\/wp-content\/uploads\/2025\/09\/la-banda-sonora-marina-pangua.jpg\" width=\"1200\" height=\"600\" \/><\/a><\/p>\n<p>\ud83c\udfb6 Con ella siguimos cola estaya La Banda Sonora De\u2026, una serie d\u2019entrevistes de personalid\u00e1 acompa\u00f1aes d\u2019una playlist de Spotify na que cada persona entrevistada escueye los 20 cantares que m\u00e1s-y presten.<strong><a href=\"https:\/\/www.instagram.com\/musicasturiana\/\"> M\u00fasicasturiana.com<\/a><\/strong><\/p>\n<p style=\"text-align: center\">\n<!-- iframe plugin v.6.0 wordpress.org\/plugins\/iframe\/ -->\n<iframe data-testid=\"embed-iframe\" style=\"border-radius:12px\" src=\"https:\/\/open.spotify.com\/embed\/playlist\/7yTojjo7FdbCCFVX8fXeZU?utm_source=generator\" width=\"100%\" height=\"352\" frameborder=\"0\" allowfullscreen allow=\"autoplay; clipboard-write; encrypted-media; fullscreen; picture-in-picture\" loading=\"lazy\" 0=\"\/iframe\" scrolling=\"yes\" class=\"iframe-class\"><\/iframe>\n<\/p>\n<p><strong>Marina Pangua<\/strong> (Uvi\u00e9u, 1992) ye cantante, compositora y escritora. Dende la cuna tuvo venceyada a la m\u00fasica asturiana -ye f\u00eda de Pedro Pangua (Ubi\u00f1a, Xar\u00e9u, Nuberu) y hermana de Diego Pangua (Felpeyu, DRD)- y entam\u00f3 dende mui ne\u00f1a a xubir a los escenarios, como amuesa que con 13 a\u00f1os y\u00e1 fora cantante del grupu <strong>Verdasca<\/strong>, col que grab\u00f3\u2019l discu <em><strong>D\u2019Ab\u00e9u<\/strong><\/em>. Na actualid\u00e1 ye cantante, lletrista y percusionista de<strong> La ciud\u00e1 nel mar<\/strong> -cuartetu col que lleva unos meses asoleyando cenciellos y que va sacar el so primer EP esti payares- y de <strong>Muyeres<\/strong>, formaci\u00f3n cola que particip\u00f3 nos espect\u00e1culos<em> 20 a\u00f1os sobre la escena asturiana, Pa\u00eds Malva, Humanes<\/em>. Nel so llabor d\u2019escritora, foi ganadora del I premiu \u2018Muyer\u2019 de Narraciones Trabe cola novela <em><strong>Pel norte n\u2019El Cantu Llunada<\/strong><\/em>.<\/p>\n<p>Con ella siguimos cola estaya <strong>La Banda Sonora De\u2026<\/strong>, una serie d\u2019entrevistes de personalid\u00e1 acompa\u00f1aes d\u2019una <strong><em>playlist<\/em> <\/strong>de Spotify na que cada persona entrevistada escueye los <strong>20 cantares<\/strong> <strong>que m\u00e1s-y presten<\/strong>.<\/p>\n<div class=\"wp-block-spacer\" aria-hidden=\"true\"><\/div>\n<ul>\n<li id=\"un-discu-qu-enxamas-canses-de-sentir\" class=\"wp-block-heading\">Un discu qu\u2019enxam\u00e1s canses de sentir.<\/li>\n<\/ul>\n<p><em>Tuenda<\/em>, el primeru.<\/p>\n<ul>\n<li id=\"si-tuvieres-que-formar-parte-d-otru-proyectu-musical-cual-seria\" class=\"wp-block-heading\">Si tuvieres que formar parte d\u2019otru proyectu musical, \u00bfcu\u00e1l ser\u00eda?<\/li>\n<\/ul>\n<p>M\u00e1s que formar parte d\u2019otru proyectu, prestar\u00edame facer collaboraciones con otres m\u00fasiques.<\/p>\n<div class=\"wp-block-spacer\" aria-hidden=\"true\"><\/div>\n<ul>\n<li id=\"de-los-cantares-que-compusisti-o-interpretes-cual-ye-l-to-preferiu\" class=\"wp-block-heading\">De los cantares que compusisti o interpretes, \u00bfcu\u00e1l ye\u2019l to prefer\u00edu?<\/li>\n<\/ul>\n<p>\u00bfA qu\u00e9 f\u00eda\/u quies m\u00e1s? Esta pregunta ye tremenda. Pero voi moyame: a d\u00eda de g\u00fcei dir\u00eda que ye \u2018Foles ermes\u2019. Mui re\u00f1\u00edu con dalg\u00fan que tenemos por grabar.<\/p>\n<blockquote class=\"wp-block-quote is-style-large is-layout-flow wp-block-quote-is-layout-flow\"><p>\u00abNel a\u00f1u 2002 estren\u00f3se pal d\u00eda d\u2019Asturies un conciertu con munchos de los grandes m\u00fasicos de la escena asturiana: Mariluz Crist\u00f3bal, Ram\u00f3n Prada, Nuberu, Tejedor, Victor Manuel\u2026 Yo ten\u00eda diez a\u00f1os y qued\u00e9 ablucada col espect\u00e1culu viv\u00edu aquella nueche na plaza la catedral d\u2019Uvi\u00e9u\u00bb<\/p><\/blockquote>\n<div class=\"wp-block-spacer\" aria-hidden=\"true\"><\/div>\n<ul>\n<li id=\"cuando-foi-la-primer-vez-que-xubisti-a-un-escenariu-y-que-paso-enantes-durante-y-depues\" class=\"wp-block-heading\">\u00bfCu\u00e1ndo foi la primer vez que xubisti a un escenariu y que pas\u00f3 enantes, durante y depu\u00e9s?<\/li>\n<\/ul>\n<p>Cuando yera ne\u00f1a, la escuela municipal de m\u00fasica de Llanera taba xorreciendo. A cantar en solitario, xub\u00ed per primer vez acabante cumplir los diez a\u00f1os. Cant\u00e9 \u2018El hombre del piano\u2019. Y\u00e1 nun m\u2019alcuerdo lo que pas\u00f3 enantes, pero lo que s\u00ed s\u00e9 ye qu\u2019a cuenta d\u2019aquello tuvi la suerte de pasar a ser la cantante de la Big Band de ne\u00f1es y ne\u00f1os que dirix\u00eda\u2019l profesor de vientu-metal, Baldomero Guti\u00e9rrez. Disfrut\u00e9 muncho de toes aquelles canciones \u2014les primeres que me vienen al recuerdu son \u2018Summertime\u2019, \u2018When I\u2019m sixty-four\u2019, \u2018Fever\u2019\u2026\u2014 que preparamos con aquella banda d\u2019unos trenta rapacinos de Llanera.<\/p>\n<div class=\"wp-block-spacer\" aria-hidden=\"true\"><\/div>\n<ul>\n<li id=\"que-ye-lo-mas-inxusto-de-ser-artista\" class=\"wp-block-heading\">\u00bfQu\u00e9 ye lo m\u00e1s inxusto de ser artista?<\/li>\n<\/ul>\n<p>Non siempre se reconoz el valor de lo bien fecho. Nun falo nam\u00e1sde lo econ\u00f3mico, anque tami\u00e9n. Cuasi toles amistaes que tengo que se dediquen a dalg\u00fan arte faenlo nos ratos llibres que-yos dexa\u2019l trabayu que los alimenta.<\/p>\n<div class=\"wp-block-spacer\" aria-hidden=\"true\"><\/div>\n<ul>\n<li id=\"si-fueres-conseyeru-de-cultura-que-son-les-primeres-coses-que-fadries\" class=\"wp-block-heading\">Si fueres Conseyera de Cultura, \u00bfqu\u00e9 son les primeres coses que fadr\u00edes?<\/li>\n<\/ul>\n<p>Nun me veo capacitada pa dar una bona rempuesta sobr una llabor tan importante ya complexa. Siguir\u00eda apostando por tentar de detectar y apoyar el talentu creativu que tenemos nesta tierra: impulsalu, respaldalu, dalu a conocer na poblaci\u00f3n grande y lo peque\u00f1o. Habr\u00eda muncho de facer por posibilitar la m\u00fasica en directo y de tentar de facer que los profesionales de toles artes puedan tener unes bones condiciones llaborales.<\/p>\n<div class=\"wp-block-spacer\" aria-hidden=\"true\"><\/div>\n<blockquote class=\"wp-block-quote is-style-large is-layout-flow wp-block-quote-is-layout-flow\"><p>\u00abConvidar\u00eda al escenariu a dalg\u00fan pexe gordu de los que mueve\u2019l mundu pa tentar de convencelu de que pare les guerres. Desque faiga eso, que se ponga rapid\u00edn a iguar lo del mediu ambiente\u00bb<\/p><\/blockquote>\n<div class=\"wp-block-spacer\" aria-hidden=\"true\"><\/div>\n<ul>\n<li id=\"enantes-de-ser-artista-de-la-musica-asturiana-de-xuru-que-sentisti-o-visti-en-directo-a-mas-companeros-y-companeres-d-esta-escena-quien-te-marco-y-t-animo-a-xubir-al-barcu-de-facer-musica-n-asturianu\" class=\"wp-block-heading\">Enantes de ser artista de la m\u00fasica asturiana, de xuru que sentisti o visti en directo a m\u00e1s compa\u00f1eros y compa\u00f1eres d\u2019esta escena. \u00bfQui\u00e9n te marc\u00f3 y t\u2019anim\u00f3 a xubir al barcu de facer m\u00fasica n\u2019asturianu?<\/li>\n<\/ul>\n<p>Nac\u00ed nuna casa inundada pola m\u00fasica: sent\u00eda a mio padre estudiando guitarra nel cuartu d\u2019al llau de la que me dorm\u00eda, mio hermanu pasaba les tardes col punteru ente los abrigos del armariu pa nun molestar a los vecinos de la que deprend\u00eda a tocar la gaita\u2026 Fueron munchos los conciertos que vi en cuellu de mio madre. Y en coche, acompa\u00f1\u00e1bennos nos viaxes les cintes y discos de tola m\u00fasica n\u2019asturianu que se ficiera hasta\u2019l momentu y de les novedaes que diben saliendo. Y\u00e1 daquella cantaba yo con Muyeres, lo que pasa que dende l\u2019asientu d\u2019atr\u00e1s del nuesu Renault 21 color\u00e1u.<\/p>\n<p>Nel a\u00f1u 2002 estren\u00f3se pal d\u00eda d\u2019Asturies un conciertu con munchos de los grandes m\u00fasicos de la escena asturiana: Mariluz Crist\u00f3bal, Ram\u00f3n Prada, Nuberu, Tejedor, Victor Manuel\u2026 Yo ten\u00eda diez a\u00f1os y qued\u00e9 ablucada col espect\u00e1culu viv\u00edu aquella nueche na plaza la catedral d\u2019Uvi\u00e9u. Cuento que daqu\u00e9 tendr\u00eda que ver pa qu\u2019a los trece a\u00f1os m\u2019animara a entamar a cantar nel grupu Verdasca, nel que por cierto la mayor\u00eda d\u2019integrantes y\u00e9remos alumnos de mio padre. Daquella hasta tuvi l\u2019honor de recibir unes clases de tonada de la grand\u00edsima cantante y amiga Mariluz Crist\u00f3bal.<\/p>\n<p>Faciendo balance de too ello, ta claro que quien me marc\u00f3 pa facer m\u00fasica n\u2019asturianu foron la familia y tolos bonos int\u00e9rpretes qu\u2019hebo y qu\u2019hai a d\u00eda de g\u00fcei n\u2019Asturies. Y una preba de la calid\u00e1 y bayura de la m\u00fasica asturiana, ye que podr\u00eda facer agora mesmo otra llista d\u2019otres tantes canciones y siguir\u00eden qued\u00e1ndome fuera grandes temes y artistes.<\/p>\n<div class=\"wp-block-spacer\" aria-hidden=\"true\"><\/div>\n<blockquote class=\"wp-block-quote is-style-large is-layout-flow wp-block-quote-is-layout-flow\"><p>\u00abCon \u2018<em>T\u00fa me dejaste de querer<\/em>\u2018 de C. Tangana. Tengo sentimientos mui alcontraos con \u00e9l, pero sentir esti tema a les ocho la ma\u00f1ana de la que conduc\u00eda pal trabayu tienme arrancao bastante desidia \u00bb<\/p><\/blockquote>\n<div class=\"wp-block-spacer\" aria-hidden=\"true\"><\/div>\n<ul>\n<li id=\"ya-conocemos-les-tos-recomendaciones-y-influencies-agora-toca-que-te-confieses-cual-ye-esi-cantar-o-esi-grupu-qu-escuches-culposamente-na-intimida\" class=\"wp-block-heading\">Y\u00e1 conocemos les tos recomendaciones y influencies\u2026 agora toca que te confieses: \u00bfcu\u00e1l ye esi cantar o esi grupu qu\u2019escuches culposamente \u201cna intimid\u00e1\u201d?<\/li>\n<\/ul>\n<div class=\"wp-block-spacer\" aria-hidden=\"true\"><\/div>\n<p>\u2018T\u00fa me dejaste de querer\u2019 de C. Tangana. Tengo sentimientos mui alcontraos con \u00e9l, pero sentir esti tema a les ocho la ma\u00f1ana de la que conduc\u00eda pal trabayu tienme arrancao bastante desidia y llevantao unos palminos l\u2019esp\u00edritu.<\/p>\n<div class=\"wp-block-spacer\" aria-hidden=\"true\"><\/div>\n<ul>\n<li id=\"a-que-personaxe-publicu-convidaries-a-un-conciertu-tuyu-a-pasar-llueu-pel-backstage-y-pa-que\" class=\"wp-block-heading\">\u00bfA qu\u00e9 personaxe p\u00fablicu convidar\u00edes a un conciertu tuyu, a pasar llueu pel <em>backstage <\/em>y pa qu\u00e9?<\/li>\n<\/ul>\n<p>A dalg\u00fan pexe gordu de los que mueve\u2019l mundu pa tentar de convencelu de que pare les guerres. Desque faiga eso, que se ponga rapid\u00edn a iguar lo del mediu ambiente.<\/p>\n<div class=\"wp-block-spacer\" aria-hidden=\"true\"><\/div>\n<ul>\n<li id=\"ya-qu-escoyisti-la-to-banda-sonora-vital-vamos-rematar-con-una-banda-sonora-orixinal-de-que-llibru-n-asturianu-te-prestaria-qu-hubiere-una-pelicula-a-la-qu-amas-pongas-y-tu-la-bso\" class=\"wp-block-heading\">Y\u00e1 qu\u2019escoyisti la to \u201cBanda Sonora Vital\u201d, vamos rematar con una Banda Sonora Orixinal. \u00bfDe qu\u00e9 llibru n\u2019asturianu te prestar\u00eda qu\u2019hubiere una pel\u00edcula a la qu\u2019am\u00e1s pongas-y t\u00fa la BSO?<\/li>\n<\/ul>\n<p>Como m\u2019apasiona la lliteratura y am\u00e1s tengo muncha gana de facer m\u00fasica, voi pedime tres: <em>Hestoria Universal de Paniceiros<\/em> de Xuan Bello, <em>D\u00edes de muncho<\/em> d\u2019Ant\u00f3n Garc\u00eda y \u00bfpor qu\u00e9 non una pel\u00edcula de poes\u00eda? <em>Al abellu les besties<\/em> de Berta Pi\u00f1\u00e1n.<\/p>\n<\/div>\n<div><\/div>\n<div style=\"text-align: center\"><\/div>\n<\/div>\n<\/div>\n<\/div>\n<\/div>\n<\/div>\n<\/div>\n<p>&nbsp;<\/p>\n","protected":false},"excerpt":{"rendered":"<p>La cantante, compositora y escritora escueye los 20 cantares que m\u00e1s-y presten y fala de la so familia, d&#8217;espect\u00e1culos, d&#8217;inxusticies y m\u00e1s. @caparinamariella (Uvi\u00e9u, 1992) ye cantante, compositora y escritora. Dende la cuna tuvo venceyada a la m\u00fasica asturiana -ye f\u00eda de Pedro Pangua (Ubi\u00f1a, Xar\u00e9u, Nuberu) y hermana de Diego Pangua (@felpeyuoficial ,@DRD)- y [&hellip;]<\/p>\n","protected":false},"author":117,"featured_media":0,"comment_status":"closed","ping_status":"open","sticky":false,"template":"","format":"standard","meta":{"footnotes":""},"categories":[35,125],"tags":[],"class_list":["post-57035","post","type-post","status-publish","format-standard","hentry","category-musica","category-musicasturiana-com"],"_links":{"self":[{"href":"https:\/\/edublog.educastur.es\/ixuxu\/wp-json\/wp\/v2\/posts\/57035","targetHints":{"allow":["GET"]}}],"collection":[{"href":"https:\/\/edublog.educastur.es\/ixuxu\/wp-json\/wp\/v2\/posts"}],"about":[{"href":"https:\/\/edublog.educastur.es\/ixuxu\/wp-json\/wp\/v2\/types\/post"}],"author":[{"embeddable":true,"href":"https:\/\/edublog.educastur.es\/ixuxu\/wp-json\/wp\/v2\/users\/117"}],"replies":[{"embeddable":true,"href":"https:\/\/edublog.educastur.es\/ixuxu\/wp-json\/wp\/v2\/comments?post=57035"}],"version-history":[{"count":5,"href":"https:\/\/edublog.educastur.es\/ixuxu\/wp-json\/wp\/v2\/posts\/57035\/revisions"}],"predecessor-version":[{"id":57685,"href":"https:\/\/edublog.educastur.es\/ixuxu\/wp-json\/wp\/v2\/posts\/57035\/revisions\/57685"}],"wp:attachment":[{"href":"https:\/\/edublog.educastur.es\/ixuxu\/wp-json\/wp\/v2\/media?parent=57035"}],"wp:term":[{"taxonomy":"category","embeddable":true,"href":"https:\/\/edublog.educastur.es\/ixuxu\/wp-json\/wp\/v2\/categories?post=57035"},{"taxonomy":"post_tag","embeddable":true,"href":"https:\/\/edublog.educastur.es\/ixuxu\/wp-json\/wp\/v2\/tags?post=57035"}],"curies":[{"name":"wp","href":"https:\/\/api.w.org\/{rel}","templated":true}]}}