{"id":57044,"date":"2025-09-05T08:25:06","date_gmt":"2025-09-05T06:25:06","guid":{"rendered":"https:\/\/edublog.educastur.es\/ixuxu\/?p=57044"},"modified":"2025-09-05T00:28:02","modified_gmt":"2025-09-04T22:28:02","slug":"el-tiempu-el-comercio-130","status":"publish","type":"post","link":"https:\/\/edublog.educastur.es\/ixuxu\/2025\/09\/el-tiempu-el-comercio-130\/","title":{"rendered":"El tiempu  (El Comercio)"},"content":{"rendered":"<p><img decoding=\"async\" src=\"https:\/\/s1.ppllstatics.com\/elcomercio\/www\/multimedia\/2025\/09\/04\/tiempo-asturias-viernes-5-septiembre-kmHB-U2302588077118HVD-1200x870@El%20Comercio.jpg\" \/><\/p>\n<p>Esperamos una xornada estable en tola rex\u00f3n. <strong>Vamos amanecer<\/strong> con dellos intervalos de nubes que r\u00e1pido van sumir. <strong>A partir del mediud\u00eda<\/strong> vamos tar falando dafechu de cielos estenos en tol Princip\u00e1u y asina se va caltener tola tarde. <strong>Los vientos<\/strong> van ser fluexos mientres <strong>les primeres hores de la ma\u00f1ana<\/strong> pero, conforme trescurra la mesma, van soplar de componente este con raches moderaes ya inclusive relativamente daqu\u00e9 m\u00e1s fuertes na mari\u00f1a. <strong>Les temperatures<\/strong> van xubir al respective de esti xueves.<\/p>\n<p><!--more--><\/p>\n<p><strong>El s\u00e1badu<\/strong> va ser posiblemente&#8217;l d\u00eda m\u00e1s templ\u00e1u de la selmana. Los cielos van siguir poco nublos con, a lo sumo, dellos intervalos de nubes altes insignificantes, siendo nula la probabilid\u00e1 de precipitaciones. Los vientos esperarense de componente sur con raches moderaes, ensin refugase fuertes n&#8217;altes zones de monte, anque na mari\u00f1a y prelitoral los vientos van ser fluexos pudiendo entrar de componente norte. Poro, gracies a esos vientos de sur, les temperatures volver\u00e1n xubir ma\u00f1ana super\u00e1ndose los 25 \u00baC f\u00e1cilmente en munches poblaciones del interior y ensin refugase la posibilid\u00e1 d&#8217;algamar los 30 \u00baC nel suroccidente.<\/p>\n","protected":false},"excerpt":{"rendered":"<p>Esperamos una xornada estable en tola rex\u00f3n. Vamos amanecer con dellos intervalos de nubes que r\u00e1pido van sumir. A partir del mediud\u00eda vamos tar falando dafechu de cielos estenos en tol Princip\u00e1u y asina se va caltener tola tarde. Los vientos van ser fluexos mientres les primeres hores de la ma\u00f1ana pero, conforme trescurra la [&hellip;]<\/p>\n","protected":false},"author":117,"featured_media":0,"comment_status":"closed","ping_status":"open","sticky":false,"template":"","format":"standard","meta":{"footnotes":""},"categories":[5],"tags":[],"class_list":["post-57044","post","type-post","status-publish","format-standard","hentry","category-tiempu"],"_links":{"self":[{"href":"https:\/\/edublog.educastur.es\/ixuxu\/wp-json\/wp\/v2\/posts\/57044","targetHints":{"allow":["GET"]}}],"collection":[{"href":"https:\/\/edublog.educastur.es\/ixuxu\/wp-json\/wp\/v2\/posts"}],"about":[{"href":"https:\/\/edublog.educastur.es\/ixuxu\/wp-json\/wp\/v2\/types\/post"}],"author":[{"embeddable":true,"href":"https:\/\/edublog.educastur.es\/ixuxu\/wp-json\/wp\/v2\/users\/117"}],"replies":[{"embeddable":true,"href":"https:\/\/edublog.educastur.es\/ixuxu\/wp-json\/wp\/v2\/comments?post=57044"}],"version-history":[{"count":1,"href":"https:\/\/edublog.educastur.es\/ixuxu\/wp-json\/wp\/v2\/posts\/57044\/revisions"}],"predecessor-version":[{"id":57045,"href":"https:\/\/edublog.educastur.es\/ixuxu\/wp-json\/wp\/v2\/posts\/57044\/revisions\/57045"}],"wp:attachment":[{"href":"https:\/\/edublog.educastur.es\/ixuxu\/wp-json\/wp\/v2\/media?parent=57044"}],"wp:term":[{"taxonomy":"category","embeddable":true,"href":"https:\/\/edublog.educastur.es\/ixuxu\/wp-json\/wp\/v2\/categories?post=57044"},{"taxonomy":"post_tag","embeddable":true,"href":"https:\/\/edublog.educastur.es\/ixuxu\/wp-json\/wp\/v2\/tags?post=57044"}],"curies":[{"name":"wp","href":"https:\/\/api.w.org\/{rel}","templated":true}]}}