{"id":57151,"date":"2025-09-08T08:30:29","date_gmt":"2025-09-08T06:30:29","guid":{"rendered":"https:\/\/edublog.educastur.es\/ixuxu\/?p=57151"},"modified":"2025-09-08T12:20:31","modified_gmt":"2025-09-08T10:20:31","slug":"el-tiempu-el-comercio-131","status":"publish","type":"post","link":"https:\/\/edublog.educastur.es\/ixuxu\/2025\/09\/el-tiempu-el-comercio-131\/","title":{"rendered":"El tiempu (El Comercio)"},"content":{"rendered":"<p style=\"text-align: center\"><a href=\"https:\/\/s3.ppllstatics.com\/elcomercio\/www\/multimedia\/2025\/09\/07\/prevision-tiempo-asturias-kpPE-U2302588077118HVD-1200x870@El%20Comercio.jpg\"><img loading=\"lazy\" decoding=\"async\" class=\"aligncenter size-large\" src=\"https:\/\/s3.ppllstatics.com\/elcomercio\/www\/multimedia\/2025\/09\/07\/prevision-tiempo-asturias-kpPE-U2302588077118HVD-1200x870@El%20Comercio.jpg\" width=\"1200\" height=\"870\" \/><\/a><\/p>\n<p>Esperamos una xornada bien nubosa, especialmente na met\u00e1 oriental. Tami\u00e9n se preven<strong> nubes<\/strong> escontra l&#8217;oeste pero van ser menos compactes. Esta nubosid\u00e1 va dexar precipitaciones d\u00e9biles que van ser m\u00e1s frecuentes escontra l&#8217;esti pero nun se refuguenpuntualmente dellos orbayos escontra l&#8217;occidente, a pesar de ser menos probables. <strong>Les temperatures<\/strong> van sufrir un descensu importante al respective de les rexistraes el domingu. Van baxar unos 4 \u00baC nel occidente y hasta 6 o 7 \u00baC nel restu del Princip\u00e1u. Poro, va ser raru que<strong> los term\u00f3metros<\/strong> lleguen a superar los 20 \u00baC na mayor\u00eda de poblaciones asturianes mientres el d\u00eda. Am\u00e1s,<strong> les temperatures m\u00ednimes<\/strong> tami\u00e9n van baxar unos 4 o 5 \u00baC en toa Asturies. <strong>Los vientos<\/strong> van ser fluexos predominando de noroeste-norte tol tiempu.<\/p>\n<p><!--more--><\/p>\n<p><strong>El martes<\/strong> vamos tener un mayor protagonismu del sol cuidao que los cielos van tar pocu nublos. Gracies tami\u00e9n a la presencia del sol, y a unos vientos que van tender a soplar d&#8217;oeste-suroeste, les temperatures van recuperase y van xubir hasta 4 o 5 \u00baC, salvu nel suroccidente onde se van caltener y na mari\u00f1a onde van xubir de forma m\u00e1s llixera.<\/p>\n","protected":false},"excerpt":{"rendered":"<p>Esperamos una xornada bien nubosa, especialmente na met\u00e1 oriental. Tami\u00e9n se preven nubes escontra l&#8217;oeste pero van ser menos compactes. Esta nubosid\u00e1 va dexar precipitaciones d\u00e9biles que van ser m\u00e1s frecuentes escontra l&#8217;esti pero nun se refuguenpuntualmente dellos orbayos escontra l&#8217;occidente, a pesar de ser menos probables. Les temperatures van sufrir un descensu importante al [&hellip;]<\/p>\n","protected":false},"author":117,"featured_media":0,"comment_status":"closed","ping_status":"open","sticky":false,"template":"","format":"standard","meta":{"footnotes":""},"categories":[5],"tags":[],"class_list":["post-57151","post","type-post","status-publish","format-standard","hentry","category-tiempu"],"_links":{"self":[{"href":"https:\/\/edublog.educastur.es\/ixuxu\/wp-json\/wp\/v2\/posts\/57151","targetHints":{"allow":["GET"]}}],"collection":[{"href":"https:\/\/edublog.educastur.es\/ixuxu\/wp-json\/wp\/v2\/posts"}],"about":[{"href":"https:\/\/edublog.educastur.es\/ixuxu\/wp-json\/wp\/v2\/types\/post"}],"author":[{"embeddable":true,"href":"https:\/\/edublog.educastur.es\/ixuxu\/wp-json\/wp\/v2\/users\/117"}],"replies":[{"embeddable":true,"href":"https:\/\/edublog.educastur.es\/ixuxu\/wp-json\/wp\/v2\/comments?post=57151"}],"version-history":[{"count":1,"href":"https:\/\/edublog.educastur.es\/ixuxu\/wp-json\/wp\/v2\/posts\/57151\/revisions"}],"predecessor-version":[{"id":57152,"href":"https:\/\/edublog.educastur.es\/ixuxu\/wp-json\/wp\/v2\/posts\/57151\/revisions\/57152"}],"wp:attachment":[{"href":"https:\/\/edublog.educastur.es\/ixuxu\/wp-json\/wp\/v2\/media?parent=57151"}],"wp:term":[{"taxonomy":"category","embeddable":true,"href":"https:\/\/edublog.educastur.es\/ixuxu\/wp-json\/wp\/v2\/categories?post=57151"},{"taxonomy":"post_tag","embeddable":true,"href":"https:\/\/edublog.educastur.es\/ixuxu\/wp-json\/wp\/v2\/tags?post=57151"}],"curies":[{"name":"wp","href":"https:\/\/api.w.org\/{rel}","templated":true}]}}