{"id":57155,"date":"2025-09-08T09:45:00","date_gmt":"2025-09-08T07:45:00","guid":{"rendered":"https:\/\/edublog.educastur.es\/ixuxu\/?p=57155"},"modified":"2025-09-08T12:30:53","modified_gmt":"2025-09-08T10:30:53","slug":"57155","status":"publish","type":"post","link":"https:\/\/edublog.educastur.es\/ixuxu\/2025\/09\/57155\/","title":{"rendered":"Adrian Barb\u00f3n, llama a salvar \u201cAsturies como para\u00edsu natural\u201d"},"content":{"rendered":"<p style=\"text-align: center\"><a href=\"https:\/\/actualidad.asturias.es\/documents\/537115\/2791840\/2025_09_08+presidente+mensaje+1.jpg\/681d1a26-53b1-d32c-6d8e-cbfa064a7bb3?t=1757325778899\"><img loading=\"lazy\" decoding=\"async\" class=\"aligncenter size-large\" src=\"https:\/\/actualidad.asturias.es\/documents\/537115\/2791840\/2025_09_08+presidente+mensaje+1.jpg\/681d1a26-53b1-d32c-6d8e-cbfa064a7bb3?t=1757325778899\" width=\"1920\" height=\"1280\" \/><\/a><\/p>\n<p>El presidente del Princip\u00e1u d&#8217;Asturies, Adrian Barb\u00f3n, llam\u00f3 a <strong><span style=\"color: #008080\">salvar \u201cAsturies como para\u00edsu natural\u201d<\/span><\/strong>, un oxetivu que \u00a0considera \u201cunu de los deberes de la nuesa xeneraci\u00f3n\u201d, sobremanera, tres la reci\u00e9n fola de quemes forestales que sufri\u00f3 la comunid\u00e1. \u201cEstos d\u00edes sentimos el dolor d&#8217;Asturies. El dolor, la congoxa y la rabia causaos poles quemes qu&#8217;afararon miles d&#8217;hect\u00e1rees, xamusc\u00e1u montes y camperes d&#8217;oriente a occidente\u201d.<\/p>\n<p><!--more--><\/p>\n<p><strong>Nel so mensaxe institucional por cuenta de la celebraci\u00f3n del D\u00eda d&#8217;Asturies<\/strong>, Barb\u00f3n destac\u00f3 que les sos palabres tienen de ser \u201cuna declaraci\u00f3n obligada d&#8217;agradecimientu a toles persones que dieron lo meyor de s\u00ed, hasta llendes sobrehumanes, neses xeres. Gracies de coraz\u00f3n nel nome d&#8217;Asturies\u201d.<\/p>\n<p>Nel so mensaxe, <strong>grab\u00e1u en P\u00f3o de Cabrales<\/strong>, reivindic\u00f3 tami\u00e9n el \u201cpotente tresformamientu que vive&#8217;l Princip\u00e1u\u201d, que tien de ser \u201ccompatible, por fuerza, col cuidu de los nuesos recursos naturales. Esa conciliaci\u00f3n ye la que nos dex\u00f3 consolidanos como potencia tur\u00edstica\u201d.<\/p>\n<p>Asina, destac\u00f3&#8217;l \u201cresurdir d&#8217;Asturies\u201d, tierra \u201creconocida como referencia del turismu calidable\u201d y que ye y\u00e1 \u201cuna comunid\u00e1 hiperconect\u00e1\u201d que ta \u201cforxando un tex\u00edu empresarial bas\u00e1u na innovaci\u00f3n y fortalec\u00edu pol emburrie de la industria de defensa\u201d.<\/p>\n<p>Esta foi la so intervenci\u00f3n \u00edntegra.<\/p>\n<p>&nbsp;<\/p>\n<h3 style=\"text-align: center\"><span style=\"color: #008080\">MENSAJE DEL PRESIDENTE DEL PRINCIPADO DE ASTURIAS, ADRI\u00c1N BARB\u00d3N.<br \/>\n<strong>D\u00eda de Asturias<\/strong><\/span><\/h3>\n<p>La celebraci\u00f3n del D\u00eda de Asturias nos llama a volcarnos con nuestra tierra. Hoy nos reencontramos con la patria querida de nuestro himno, la comunidad abierta y solidaria que nos acoge sin distinci\u00f3n de ideolog\u00edas, credos o partidas de nacimiento.<\/p>\n<p>Estos d\u00edas hemos sentido el dolor de Asturias. El dolor, la angustia y la rabia causados por los incendios que han arrasado miles de hect\u00e1reas, calcinado montes y pastos de oriente a occidente. Pude comprobar sobre el terreno, la entrega de quienes trabajan envueltos en humo contra las llamas para salvar pueblos y vidas.<\/p>\n<p>Lo consiguieron. Este mensaje es una declaraci\u00f3n de agradecimiento a todas las personas que han dado lo mejor de s\u00ed, hasta l\u00edmites sobrehumanos, en esas tareas. Gracias de coraz\u00f3n en el nombre de Asturias.<\/p>\n<p>Pero tambi\u00e9n estamos obligados a mucho m\u00e1s: a entender que salvar Asturias como para\u00edso natural es uno de los deberes de nuestra generaci\u00f3n.<\/p>\n<p>Del mismo modo que aprendimos de los fuegos de 2023, ahora tambi\u00e9n tenemos que sacar lecciones. La lucha contra el despoblamiento, el respaldo al medio rural o el refuerzo de la prevenci\u00f3n son m\u00e1s que compromisos. Los asumimos como exigencias. M\u00e1s, cuando la certeza del calentamiento global nos apremia a dar una respuesta r\u00e1pida y decidida.<\/p>\n<p>La Conferencia de Presidentes que acogeremos este mismo a\u00f1o ha de servir para abordar estos asuntos, aut\u00e9nticas cuestiones de Estado, con una visi\u00f3n amplia y desnuda de sectarismo.<\/p>\n<p>La potente transformaci\u00f3n que vive el Principado tiene que ser compatible, por fuerza, con el cuidado de nuestros recursos naturales. Esa conciliaci\u00f3n es la que nos ha permitido consolidarnos como potencia tur\u00edstica.<\/p>\n<p>En efecto, reconocida como referencia del turismo de calidad, en Espa\u00f1a se habla del resurgir de Asturias. Varias razones justifican esa percepci\u00f3n. Hemos pasado del complejo de aislamiento a la comunidad hiperconectada.<\/p>\n<p>Estamos forjando un tejido empresarial basado en la innovaci\u00f3n, fortalecido por el empuje de la industria de defensa. La mejora del mercado laboral nos ha permitido bajar de las 50.000 personas en paro y acercarnos a las 400.000 con trabajo. Las oportunidades econ\u00f3micas, en fin, explican el repunte demogr\u00e1fico, impulsado por la inmigraci\u00f3n.<\/p>\n<p><strong><span style=\"color: #008080\">Si, hai raz\u00f3is pra reconocer el rexurdir da Asturias que deix\u00f3u atr\u00e1s el p\u00e1ramo fatigoso da reconversi\u00f3n. As\u00ed y todo, nun son pequenos os desaf\u00edos que nos aguardan.\u00a0<\/span><\/strong><\/p>\n<p><strong><span style=\"color: #008080\">Dalg\u00fas d\u2019esos retos son inmediatos. A poucos d\u00edas de qu\u2019empece el curso escolar, reafirmo el apoyo pleno \u00e1 miyora continua del sistema educativo. El di\u00e1logo, a negociaci\u00f3n y el cumprimento rigoroso dos acordos han a ser a nosa \u00fanica foya de ruta.\u00a0<\/span><\/strong><\/p>\n<p><strong><span style=\"color: #008080\">A d\u00e9cada del cambeo tam\u00e9n sup\u00f3n \u00faa axenda social ambiciosa. Sup\u00f3n despregar a rede das escol\u00edas, seguir cua mengua das llistas d\u2019espera da sanid\u00e1, facilitar el dereto \u00e1 vivenda ou atender ese drama silencioso que se chama soled\u00e1 non deseada. Ou sup\u00f3n, fer realid\u00e1 el gran Pacto pola Sal\u00fa Mental suscrito este brao, outra urxencia dos nosos tempos.\u00a0<\/span><\/strong><\/p>\n<p><strong><span style=\"color: #008080\">Nun esqueizo a lluita contra a sinistralid\u00e1 llaboral. El accidente de Dega\u00f1a, el caso Blue Solving, con cinco fallecidos, maz\u00f3unos con \u00faa dureza terrible pra demostrarnos que nunca se pode baxar a guardia. Como asegur\u00e9i dende el primeiro instante, tamos decididos a investigar hasta el final pra que se sepa toda a verd\u00e1 y se faga xusticia.<\/span><\/strong><\/p>\n<p><strong><span style=\"color: #008080\">Todos esos obxetivos, parte del programa de reformas del goberno d\u2019unid\u00e1 progresista, precisan recursos. El aprobaci\u00f3n dos presupostos nun \u00e9 nam\u00e1is \u00faa proba d\u2019estabilid\u00e1. Esas partidas son as que nos deixaron constru\u00edr institutos novos, como el qu\u2019acabamos d\u2019inaugurar na Corredoria; implantar a matr\u00edcula gratu\u00edta dos estudios universitarios ou miyorar os hospitales comarcales.<\/span><\/strong><\/p>\n<p><strong><span style=\"color: #008080\">Cada debate presupostario sup\u00f3n tam\u00e9n un test de responsabilid\u00e1. Conf\u00edo en qu\u2019el consenso volva impo\u00f1erse pra qu\u2019a educaci\u00f3n y a prevenci\u00f3n de queimas, prioridades pral 2026 (dous mil veintis\u00e9is), reciban el respaldo econ\u00f3mico imprescindible.<\/span><\/strong><\/p>\n<p><strong><span style=\"color: #008080\">Falar de recursos ll\u00e9vanos al financiamientu auton\u00f3micu. La clarid\u00e1 de les idees del Princip\u00e1u, recoy\u00edes nel pactu de los grupos parllamentarios y na Declaraci\u00f3n de Santiago, nun dexa un rispiu de dulda. Vamos dir a la negociaci\u00f3n multilateral, vamos participar con llealt\u00e1 y vamos defender con firmeza los criterios que siempre sostuviemos. Nam\u00e1s nos val un alcuerdu ensin privilexos, ensin discriminaciones y con m\u00e1s recursos p\u2019Asturies.\u00a0<\/span><\/strong><\/p>\n<p><strong><span style=\"color: #008080\">Cola mesma rotundid\u00e1 manifest\u00e1monos sobre la enerx\u00eda. Agora que\u2019l Princip\u00e1u se convirti\u00f3 nuna tierra d\u2019oportunidaes, con un n\u00famberu curiosu de proyectos d\u2019inversi\u00f3n a les puertes, tenemos de garantizar el suministru que facilite que se desenvuelvan.<\/span><\/strong><\/p>\n<p><strong><span style=\"color: #008080\">Nun podemos perder tiempu, como tampoco lu tien que perder la Uni\u00f3n Europea, que nun pue conformase con una xesti\u00f3n paliativa de les arbitrariedaes de Trump o cualquier otru aut\u00f3crata. Ye\u2019l momentu de qu\u2019espierte y aplique les mid\u00edes previstes pa protexer la so industria y, sobre manera, la so siderurxa.\u00a0<\/span><\/strong><\/p>\n<p><strong><span style=\"color: #008080\">Dientro d\u2019esta llista curtia de retos, nun ye secundaria la revitalizaci\u00f3n de la cultura asturiana. Tenemos qu\u2019aprovechar la oportunid\u00e1 que sup\u00f3n la declaraci\u00f3n de la cultura sidrera como patrimoniu de la humanid\u00e1. Que los actos festivos del D\u00eda d\u2019Asturies se celebren en Villaviciosa, Nava, Sariegu, Cabranes, Bimenes y Colunga, los seis conceyos de la comarca de la sidra, respuende a esi prop\u00f3situ. Ye pena que\u2019l surdimientu nuevu que vivimos nun se viere reforci\u00e1u pola oficialid\u00e1 del eonaviegu y del asturianu, la llingua qu\u2019agora echa en falta la palabra maestra de Xuan Bello.<\/span><\/strong><\/p>\n<p><strong><span style=\"color: #008080\">Nesa alcordanza d\u2019ausencies tami\u00e9n guardo un g\u00fcecu pal presidente Antonio Trev\u00edn. Nun lu reivindico pola so filiaci\u00f3n ideol\u00f3xica, sin\u00f3n pola so manera d\u2019entender la pol\u00edtica, siempre del llau del asosiegu y l\u2019alcuerdu, enxam\u00e1s nel bandu de la crispaci\u00f3n. Ye xusto recordalu pol so talante y tami\u00e9n pola so vinculaci\u00f3n fonda cola emigraci\u00f3n, coles mil y milenta persones repart\u00edes per tol mundu que g\u00fcei celebren con una intensid\u00e1 especial l\u20198 de setiembre, a los que tenemos siempre presentes como parte activa, protagonistes de la meyor Asturies.<\/span><\/strong><\/p>\n<p><strong><span style=\"color: #008080\">Dende Po, en Cabrales, el llugar qu\u2019escoy\u00ed pa grabar esti mensaxe, ta bono de fundise cola naturaleza. Ye abondo con contemplar esti paisaxe pa entender por qu\u00e9 merecemos el t\u00edtulu de Para\u00edsu Natural. Ye abondo con sentinos parte d\u2019Asturies pa saber que tenemos el deber colectivu de protexer esti leg\u00e1u.<\/span><\/strong><\/p>\n<p><strong><span style=\"color: #008080\">G\u00fcei, D\u00eda d\u2019Asturies, esi ye\u2019l mio des\u00e9u y el mio prop\u00f3situ.<\/span><\/strong><\/p>\n<p><strong><span style=\"color: #008080\">\u00a1Puxa Asturies!<\/span><\/strong><\/p>\n<p style=\"text-align: center\"><a href=\"https:\/\/actualidad.asturias.es\/documents\/537115\/2791840\/2025_09_08+presidente+mensaje+6.jpg\/9a0b8204-5703-57a7-e495-be884a5349cb?t=1757326191346\"><img loading=\"lazy\" decoding=\"async\" class=\"aligncenter size-large\" src=\"https:\/\/actualidad.asturias.es\/documents\/537115\/2791840\/2025_09_08+presidente+mensaje+6.jpg\/9a0b8204-5703-57a7-e495-be884a5349cb?t=1757326191346\" width=\"1920\" height=\"1280\" \/><\/a><\/p>\n","protected":false},"excerpt":{"rendered":"<p>El presidente del Princip\u00e1u d&#8217;Asturies, Adrian Barb\u00f3n, llam\u00f3 a salvar \u201cAsturies como para\u00edsu natural\u201d, un oxetivu que \u00a0considera \u201cunu de los deberes de la nuesa xeneraci\u00f3n\u201d, sobremanera, tres la reci\u00e9n fola de quemes forestales que sufri\u00f3 la comunid\u00e1. \u201cEstos d\u00edes sentimos el dolor d&#8217;Asturies. El dolor, la congoxa y la rabia causaos poles quemes qu&#8217;afararon [&hellip;]<\/p>\n","protected":false},"author":117,"featured_media":0,"comment_status":"closed","ping_status":"open","sticky":false,"template":"","format":"standard","meta":{"footnotes":""},"categories":[19,6],"tags":[],"class_list":["post-57155","post","type-post","status-publish","format-standard","hentry","category-asturies","category-dia-de"],"_links":{"self":[{"href":"https:\/\/edublog.educastur.es\/ixuxu\/wp-json\/wp\/v2\/posts\/57155","targetHints":{"allow":["GET"]}}],"collection":[{"href":"https:\/\/edublog.educastur.es\/ixuxu\/wp-json\/wp\/v2\/posts"}],"about":[{"href":"https:\/\/edublog.educastur.es\/ixuxu\/wp-json\/wp\/v2\/types\/post"}],"author":[{"embeddable":true,"href":"https:\/\/edublog.educastur.es\/ixuxu\/wp-json\/wp\/v2\/users\/117"}],"replies":[{"embeddable":true,"href":"https:\/\/edublog.educastur.es\/ixuxu\/wp-json\/wp\/v2\/comments?post=57155"}],"version-history":[{"count":4,"href":"https:\/\/edublog.educastur.es\/ixuxu\/wp-json\/wp\/v2\/posts\/57155\/revisions"}],"predecessor-version":[{"id":57159,"href":"https:\/\/edublog.educastur.es\/ixuxu\/wp-json\/wp\/v2\/posts\/57155\/revisions\/57159"}],"wp:attachment":[{"href":"https:\/\/edublog.educastur.es\/ixuxu\/wp-json\/wp\/v2\/media?parent=57155"}],"wp:term":[{"taxonomy":"category","embeddable":true,"href":"https:\/\/edublog.educastur.es\/ixuxu\/wp-json\/wp\/v2\/categories?post=57155"},{"taxonomy":"post_tag","embeddable":true,"href":"https:\/\/edublog.educastur.es\/ixuxu\/wp-json\/wp\/v2\/tags?post=57155"}],"curies":[{"name":"wp","href":"https:\/\/api.w.org\/{rel}","templated":true}]}}