{"id":57160,"date":"2025-09-08T12:32:40","date_gmt":"2025-09-08T10:32:40","guid":{"rendered":"https:\/\/edublog.educastur.es\/ixuxu\/?p=57160"},"modified":"2025-09-08T12:32:40","modified_gmt":"2025-09-08T10:32:40","slug":"57160","status":"publish","type":"post","link":"https:\/\/edublog.educastur.es\/ixuxu\/2025\/09\/57160\/","title":{"rendered":""},"content":{"rendered":"<p style=\"text-align: center\">\n<!-- iframe plugin v.6.0 wordpress.org\/plugins\/iframe\/ -->\n<iframe loading=\"lazy\" src=\"https:\/\/www.facebook.com\/plugins\/post.php?href=https%3A%2F%2Fwww.facebook.com%2FSoyFelipeRodriguez%2Fposts%2Fpfbid0Kf2UG6Mp48zkyJVfi6LwhHfQ2WPYddGKcDW7v3xZM1nHrw3JpEdLcuSMLrdgKrz6l&#038;show_text=false&#038;width=500\" width=\"500\" height=\"498\" style=\"border:none;overflow:hidden\" scrolling=\"no\" frameborder=\"0\" allowfullscreen=\"true\" allow=\"autoplay; clipboard-write; encrypted-media; picture-in-picture; web-share\" 0=\"\/iframe\" class=\"iframe-class\"><\/iframe>\n<\/p>\n<p><span style=\"color: #008080;font-size: 20px\"><em>\u201cL&#8217;amigu mio, ye una bisarma especial. N\u00f3s entend\u00e9monos bien, anque&#8217;l probe nun sabe falar y por eso toos ti\u00e9nen-y mieu. Esta bisarma amiga mio ye tan, pero tan grandote, que los xigantes ll\u00e9guen-y nam\u00e1s que hasta&#8217;l tod\u00edu.<\/em><\/span><\/p>\n<p><span style=\"color: #008080;font-size: 20px\"><em>\u00c9l vive nel \u00c1frica. Nel cielu nun vive, porque si tuviera nel cielu, como Dios, cayer\u00edase. Ye demasi\u00e1u grande para poder vivir perh\u00ed, pel cielu. Hai otres bisarmes m\u00e1s chiques qu&#8217;\u00e9l y ent\u00f3s viven nel infinitu, barganal d&#8217;onde queda Plut\u00f3n; o inda m\u00e1s llue\u00f1e, all\u00e1 nel infinito o nel piranfinito. Pero esta bisarma amiga mio nun tien m\u00e1s remediu que vivir nel \u00c1frica\u201d<\/em><\/span><\/p>\n<p>La bisarma amiga mio, Eduardo Galeano<\/p>\n","protected":false},"excerpt":{"rendered":"<p>\u201cL&#8217;amigu mio, ye una bisarma especial. N\u00f3s entend\u00e9monos bien, anque&#8217;l probe nun sabe falar y por eso toos ti\u00e9nen-y mieu. Esta bisarma amiga mio ye tan, pero tan grandote, que los xigantes ll\u00e9guen-y nam\u00e1s que hasta&#8217;l tod\u00edu. \u00c9l vive nel \u00c1frica. Nel cielu nun vive, porque si tuviera nel cielu, como Dios, cayer\u00edase. Ye demasi\u00e1u [&hellip;]<\/p>\n","protected":false},"author":117,"featured_media":0,"comment_status":"closed","ping_status":"open","sticky":false,"template":"","format":"quote","meta":{"footnotes":""},"categories":[1],"tags":[],"class_list":["post-57160","post","type-post","status-publish","format-quote","hentry","category-sin-categoria","post_format-post-format-quote"],"_links":{"self":[{"href":"https:\/\/edublog.educastur.es\/ixuxu\/wp-json\/wp\/v2\/posts\/57160","targetHints":{"allow":["GET"]}}],"collection":[{"href":"https:\/\/edublog.educastur.es\/ixuxu\/wp-json\/wp\/v2\/posts"}],"about":[{"href":"https:\/\/edublog.educastur.es\/ixuxu\/wp-json\/wp\/v2\/types\/post"}],"author":[{"embeddable":true,"href":"https:\/\/edublog.educastur.es\/ixuxu\/wp-json\/wp\/v2\/users\/117"}],"replies":[{"embeddable":true,"href":"https:\/\/edublog.educastur.es\/ixuxu\/wp-json\/wp\/v2\/comments?post=57160"}],"version-history":[{"count":1,"href":"https:\/\/edublog.educastur.es\/ixuxu\/wp-json\/wp\/v2\/posts\/57160\/revisions"}],"predecessor-version":[{"id":57161,"href":"https:\/\/edublog.educastur.es\/ixuxu\/wp-json\/wp\/v2\/posts\/57160\/revisions\/57161"}],"wp:attachment":[{"href":"https:\/\/edublog.educastur.es\/ixuxu\/wp-json\/wp\/v2\/media?parent=57160"}],"wp:term":[{"taxonomy":"category","embeddable":true,"href":"https:\/\/edublog.educastur.es\/ixuxu\/wp-json\/wp\/v2\/categories?post=57160"},{"taxonomy":"post_tag","embeddable":true,"href":"https:\/\/edublog.educastur.es\/ixuxu\/wp-json\/wp\/v2\/tags?post=57160"}],"curies":[{"name":"wp","href":"https:\/\/api.w.org\/{rel}","templated":true}]}}