{"id":57164,"date":"2025-09-08T10:20:33","date_gmt":"2025-09-08T08:20:33","guid":{"rendered":"https:\/\/edublog.educastur.es\/ixuxu\/?p=57164"},"modified":"2025-09-08T13:49:13","modified_gmt":"2025-09-08T11:49:13","slug":"la-disenadora-ques-que-pinta-el-dia-dasturies-con-gaites-y-sidra","status":"publish","type":"post","link":"https:\/\/edublog.educastur.es\/ixuxu\/2025\/09\/la-disenadora-ques-que-pinta-el-dia-dasturies-con-gaites-y-sidra\/","title":{"rendered":"La dise\u00f1adora ques que \u00abpinta\u00bb el D\u00eda d&#8217;Asturies con gaites y sidra"},"content":{"rendered":"<p>&nbsp;<\/p>\n<p style=\"text-align: center\"><a href=\"https:\/\/estaticos-cdn.prensaiberica.es\/clip\/bae60c41-b87e-4e3b-adbb-c97047e85615_16-9-discover-aspect-ratio_default_0.webp\"><img loading=\"lazy\" decoding=\"async\" class=\"aligncenter \" src=\"https:\/\/estaticos-cdn.prensaiberica.es\/clip\/bae60c41-b87e-4e3b-adbb-c97047e85615_16-9-discover-aspect-ratio_default_0.webp\" width=\"658\" height=\"370\" \/><\/a><\/p>\n<p>La hestoria de la dise\u00f1adora de Piedres Blanques que <a href=\"https:\/\/estaticos-cdn.prensaiberica.es\/epi\/public\/content\/file\/original\/2025\/0906\/10\/dia-de-asturias-pdf.pdf?_gl=1*1fvxkja*_ga*ODAyMDY4MzQ2LjE3MjMxOTg3MjA.*_ga_LH29TC7DZF*czE3NTczMjY0MzgkbzE0OCRnMSR0MTc1NzMyNzkyOSRqNjAkbDAkaDA.\"><strong>\u00abpinta\u00bb el D\u00eda d&#8217;Asturies con gaites y sidra (pdf).<\/strong><\/a> Marga Casta\u00f1o mont\u00f3 en 2014 el so propiu estudiu en Madrid para \u00abtornar a la esencia\u00bb del so oficiu.<a href=\"https:\/\/www.centroscomerciales.elcorteingles.es\/centroscomerciales\/uploads\/slider\/image\/145\/Di%CC%81a%20de%20Asturias_1920x960px.jpg\"><strong> Imaxe<\/strong><\/a> \/ <a href=\"https:\/\/www.lne.es\/asturias-exterior\/2025\/09\/06\/historia-disenadora-asturiana-pinta-dia-121299762.html\">LNE<\/a><\/p>\n<p><!--more--><br \/>\nMarga Casta\u00f1o (Llangr\u00e9u, 1973) ye una dise\u00f1adora asturiana afincada en Madrid dende finales de los noventa. Trabay\u00f3 en grandes axencies del sector hasta que, en 2014, tom\u00f3 una decisi\u00f3n que marcar\u00eda la so carrera y de la que nun se pena: \u201cCamud\u00e9 d&#8217;aldu y mont\u00e9 el mio propiu estudiu para poder faer proyectos fora de la vor\u00e1xine de les multinacionales. Di cuenta de que dexara d&#8217;utilizar les manos y quer\u00eda retomar el llau art\u00edsticu, volver a la esencia del mio oficiu\u201d, esplica.<\/p>\n<p>Asturiana d&#8217;orixe \u2014con DNI en Llangr\u00e9u, anque criada en Piedres Blanques (Castrill\u00f3n)\u2014, Casta\u00f1al torn\u00f3 a esa esencia\u201d al pie de otru sociu y <strong>fund\u00f3 l&#8217;estudiu Ap\u00e9ritif<\/strong>, bautiz\u00e1u asina porque&#8217;l proyectu naci\u00f3 una fin de selmana en Par\u00eds, mientres un aperitivo.<\/p>\n<p>\u201cPreferimos recordar lo b\u00e1sico y falar d&#8217;idees que mueven y mu\u00e9vennos. Porque, por munches vueltes que dea tou, espertar la fame, les ganes de m\u00e1s y de meyor va siguir siendo la esencia de cualquier proyectu interesante. Como la d&#8217;un bon aperitivo\u201d, puede lleese na so web.<\/p>\n<p>G\u00fcei Casta\u00f1o ta de norabona: foi la dise\u00f1adora escoyida por El Tayu Ingl\u00e9s para crear el cartelu del D\u00eda d&#8217;Asturies, inspir\u00e1u na sidra y la gaita. <em>\u201cSelo, suena a clix\u00e9, pero tien el so porqu\u00e9. La gaita porque ye un son\u00edu que m&#8217;emociona desque vini a vivir a Madrid fai y\u00e1 unos cuantos a\u00f1os. Quiciabes al vivir fuera resignificas les coses: inclusive aquelles qu&#8217;antes me pasaben desapercib\u00edes agora p\u00f3nenme los pelos de punta. Y la sidra, por esi culete\u2019 que compart\u00eda col mio padre na sidrer\u00eda cada vez que xub\u00eda a Asturies de visita. \u00c9l, col so arte del escanci\u00e1u: a la temperatura xusto, col \u00e1ngulu fayadizu y con g\u00fceyu cr\u00edticu cuando&#8217;l l\u00edquidu nun romp\u00eda bien nel cristal. Zunes de padre qu&#8217;agora echo enforma de menos\u201d.<\/em><\/p>\n<p><a href=\"https:\/\/estaticos-cdn.prensaiberica.es\/epi\/public\/content\/file\/original\/2025\/0906\/10\/dia-de-asturias-pdf.pdf?_gl=1*1fvxkja*_ga*ODAyMDY4MzQ2LjE3MjMxOTg3MjA.*_ga_LH29TC7DZF*czE3NTczMjY0MzgkbzE0OCRnMSR0MTc1NzMyNzkyOSRqNjAkbDAkaDA.\">La ilustraci\u00f3n de Marga Casta\u00f1al pal D\u00eda d&#8217;Asturies<\/a><\/p>\n<p>Na ilustraci\u00f3n \u2014<a href=\"https:\/\/estaticos-cdn.prensaiberica.es\/epi\/public\/content\/file\/original\/2025\/0906\/10\/dia-de-asturias-pdf.pdf?_gl=1*1fvxkja*_ga*ODAyMDY4MzQ2LjE3MjMxOTg3MjA.*_ga_LH29TC7DZF*czE3NTczMjY0MzgkbzE0OCRnMSR0MTc1NzMyNzkyOSRqNjAkbDAkaDA.\">que puede vese faciendo clic nel arquivu que va axuntu enriba d&#8217;estes ll\u00ednees<\/a>\u2014 tami\u00e9n apaecen gui\u00f1os a la hestoria de Justina Casta\u00f1\u00f3n, pionera de la gaita finada en 2019. \u201cDecid\u00ed faer una especie d&#8217;homenaxe plantegando la figura d&#8217;una muyer gaitera como exa de la composici\u00f3n\u201d, cuenta.<\/p>\n<p>La obra desenvuelve una f\u00f3rmula visual inspirada nos s\u00edmbolos celtes y les sos simetr\u00edes, \u201cbien presentes tami\u00e9n na cultura asturiana\u201d, se\u00f1ala. Nel coraz\u00f3n de la composici\u00f3n, l&#8217;artista vuelve a la sidra: \u201cPaec\u00edame guapu que&#8217;l coraz\u00f3n fuera la flor del pumar\u201d.<\/p>\n<p>Pa Casta\u00f1o, ser escoyida tien un componente sentimental. Estudi\u00f3 Belles Artes en Salamanca y al poco abri\u00f3se un buecu en Madrid, dientro d&#8217;una industria bien competitivo.<\/p>\n<p>El so estudiu arrinc\u00f3 con fuerza, participando en campa\u00f1es como la del Arguyu pal Conceyu de Madrid mientres la etapa de Manuela Carmena. \u201cFoi una d\u00f3mina de muncha creativid\u00e1, con delles axencies implicaes y un gran nivel calidable\u201d.<\/p>\n<p>Angua\u00f1o, dende&#8217;l so estudiu xestionen numberoses campa\u00f1es pa distintes marques ya instituciones. Ella siempres s&#8217;encarga de realizar el primer bocetu y c\u00e9ntrase na parte art\u00edstica, xusto lo que buscaba al montar el so propiu negociu.<\/p>\n<p>Anque vive en Madrid, caltien a Asturies bien presente: def\u00ednilo como \u201cabelugu clim\u00e1ticu\u201d y pide \u201caprovechalo bien, faer bon usu de la tierra y curiala\u201d.<\/p>\n<p>Nun refuga tornar dalg\u00fan d\u00eda, convencida de qu&#8217;el teletrabayu \u2014\u201clo \u00fanico bonu que dex\u00f3&#8217;l covid\u201d\u2014 normaliz\u00f3 l&#8217;oficiu a distancia. Como tantos otros asturianos en distintos sectores, plantega asitiase nel Princip\u00e1u y dir a Madrid solo cuando lo rique. Pel momento, Casta\u00f1al pinta&#8217;l D\u00eda d&#8217;Asturies.<\/p>\n<p style=\"text-align: center\">\n<!-- iframe plugin v.6.0 wordpress.org\/plugins\/iframe\/ -->\n<iframe loading=\"lazy\" width=\"100%\" height=\"487\" src=\"https:\/\/www.youtube.com\/embed\/SsAF4guS1j0\" title=\"Entrevista - Marga Casta\u00f1o - Founder &amp;amp; Creative Director de Aperitif\" frameborder=\"0\" allow=\"accelerometer; autoplay; clipboard-write; encrypted-media; gyroscope; picture-in-picture; web-share\" referrerpolicy=\"strict-origin-when-cross-origin\" 0=\"allowfullscreen\" 1=\"\/iframe\" scrolling=\"yes\" class=\"iframe-class\"><\/iframe>\n<\/p>\n","protected":false},"excerpt":{"rendered":"<p>&nbsp; La hestoria de la dise\u00f1adora de Piedres Blanques que \u00abpinta\u00bb el D\u00eda d&#8217;Asturies con gaites y sidra (pdf). Marga Casta\u00f1o mont\u00f3 en 2014 el so propiu estudiu en Madrid para \u00abtornar a la esencia\u00bb del so oficiu. Imaxe \/ LNE<\/p>\n","protected":false},"author":117,"featured_media":0,"comment_status":"closed","ping_status":"open","sticky":false,"template":"","format":"standard","meta":{"footnotes":""},"categories":[214,1],"tags":[],"class_list":["post-57164","post","type-post","status-publish","format-standard","hentry","category-cartelos","category-sin-categoria"],"_links":{"self":[{"href":"https:\/\/edublog.educastur.es\/ixuxu\/wp-json\/wp\/v2\/posts\/57164","targetHints":{"allow":["GET"]}}],"collection":[{"href":"https:\/\/edublog.educastur.es\/ixuxu\/wp-json\/wp\/v2\/posts"}],"about":[{"href":"https:\/\/edublog.educastur.es\/ixuxu\/wp-json\/wp\/v2\/types\/post"}],"author":[{"embeddable":true,"href":"https:\/\/edublog.educastur.es\/ixuxu\/wp-json\/wp\/v2\/users\/117"}],"replies":[{"embeddable":true,"href":"https:\/\/edublog.educastur.es\/ixuxu\/wp-json\/wp\/v2\/comments?post=57164"}],"version-history":[{"count":4,"href":"https:\/\/edublog.educastur.es\/ixuxu\/wp-json\/wp\/v2\/posts\/57164\/revisions"}],"predecessor-version":[{"id":57192,"href":"https:\/\/edublog.educastur.es\/ixuxu\/wp-json\/wp\/v2\/posts\/57164\/revisions\/57192"}],"wp:attachment":[{"href":"https:\/\/edublog.educastur.es\/ixuxu\/wp-json\/wp\/v2\/media?parent=57164"}],"wp:term":[{"taxonomy":"category","embeddable":true,"href":"https:\/\/edublog.educastur.es\/ixuxu\/wp-json\/wp\/v2\/categories?post=57164"},{"taxonomy":"post_tag","embeddable":true,"href":"https:\/\/edublog.educastur.es\/ixuxu\/wp-json\/wp\/v2\/tags?post=57164"}],"curies":[{"name":"wp","href":"https:\/\/api.w.org\/{rel}","templated":true}]}}