{"id":57167,"date":"2025-09-07T09:00:43","date_gmt":"2025-09-07T07:00:43","guid":{"rendered":"https:\/\/edublog.educastur.es\/ixuxu\/?p=57167"},"modified":"2025-09-08T13:01:58","modified_gmt":"2025-09-08T11:01:58","slug":"dia-internacional-del-aire-llimpio-per-un-cielu-azul-2","status":"publish","type":"post","link":"https:\/\/edublog.educastur.es\/ixuxu\/2025\/09\/dia-internacional-del-aire-llimpio-per-un-cielu-azul-2\/","title":{"rendered":"D\u00eda Internacional del Aire Llimpio per un Cielu Azul."},"content":{"rendered":"<p><a href=\"https:\/\/fundacion-biodiversidad.es\/wp-content\/uploads\/2022\/11\/dia_internacional_aire_limpio-2048x1531.jpg\"><img loading=\"lazy\" decoding=\"async\" class=\"aligncenter size-large\" src=\"https:\/\/fundacion-biodiversidad.es\/wp-content\/uploads\/2022\/11\/dia_internacional_aire_limpio-2048x1531.jpg\" width=\"2048\" height=\"1531\" \/><\/a><\/p>\n<p style=\"text-align: center\">\n<p>\ud83d\udca8 La contaminaci\u00f3n del aire ye&#8217;l mayor riesgu ambiental para nuesa sal\u00fa y el planeta. Nesti D\u00eda Internacional del Aire Llimpio per un Cielu Azul, <strong>toos tenemos la responsabilid\u00e1 de protexer la nuesa atm\u00f3sfera y garantizar un aire sano pa toles persones.<\/strong><\/p>\n<p>Esti d\u00eda recu\u00e9rdanos que <strong>tenemos d&#8217;actuar pa poder siguir esfrutando d&#8217;un aire llimpio y un cielu azul<\/strong>. <a href=\"https:\/\/www.un.org\/es\/observances\/clean-air-day\">D\u00eda de&#8230;<\/a> \/ L&#8217;aire llimpio ye importante pa la sal\u00fa y la vida cotidiana de les persones, y la contaminaci\u00f3n atmosf\u00e9rica ye&#8217;l mayor riesgu ambiental pa la sal\u00fa humana y una de les principales causes de muerte y enfermed\u00e1 en tol mundu que podr\u00eden evitase. Dicha contaminaci\u00f3n afecta de manera desproporcionada a les muyeres, los ne\u00f1os y a les persones d&#8217;ed\u00e1 avanzada y tien efectos negativos nos ecosistemes.<\/p>\n<p><!--more--><\/p>\n<p style=\"text-align: center\">\n<!-- iframe plugin v.6.0 wordpress.org\/plugins\/iframe\/ -->\n<iframe loading=\"lazy\" width=\"436\" height=\"246\" src=\"https:\/\/www.youtube.com\/embed\/vdhDnYdBDhQ\" title=\"OMS: Respira la Vida - C\u00f3mo la contaminaci\u00f3n del aire afecta a tu cuerpo\" frameborder=\"0\" allow=\"accelerometer; autoplay; clipboard-write; encrypted-media; gyroscope; picture-in-picture; web-share\" referrerpolicy=\"strict-origin-when-cross-origin\" 0=\"allowfullscreen\" 1=\"\/iframe\" scrolling=\"yes\" class=\"iframe-class\"><\/iframe>\n<\/p>\n<p>&nbsp;<\/p>\n<p>La comunid\u00e1 internacional ye bien consciente na actualid\u00e1 que la meyora de la calid\u00e1 del aire puede ayudar a amenorgar les consecuencies del camb\u00e9u clim\u00e1ticu y que les mid\u00edes de mitigaci\u00f3n del camb\u00e9u clim\u00e1ticu pueden ameyorar la calid\u00e1 del aire.<\/p>\n<p>La contaminaci\u00f3n del aire ye&#8217;l mayor riesgu ambiental para la sal\u00fa humana na actualid\u00e1. Coles mesmes, agrava los efectos del camb\u00e9u clim\u00e1ticu, provoca perdes econ\u00f3miques y amenorga la productivid\u00e1 agr\u00edcola. Nun conoz barreres: toos tenemos la responsabilid\u00e1 de protexer la nuesa atm\u00f3sfera y garantizar un aire sano para toles persones. Si collaboramos m\u00e1s all\u00e1 de fronteres, sectores y llendes, vamos amenorgar la contaminaci\u00f3n del aire por aciu inversiones colectives de tiempu, recursos y esfuerzos.<\/p>\n<p>Impulsada pol creciente inter\u00e9s en tol mundu pel aire llimpiu, y pa concenciar sobro la necesid\u00e1 de faer mayores esfuerzos p&#8217;ameyorar la calid\u00e1 del aire, ente ellos amenorgar la contaminaci\u00f3n atmosf\u00e9rica, l&#8217;<a href=\"https:\/\/www.un.org\/es\/observances\/clean-air-day\">Asamblea Xeneral declar\u00f3&#8217;l 7 de setiembre como&#8217;l D\u00eda Internacional del Aire Llimpio per un cielu azul.<\/a><\/p>\n<p style=\"text-align: center\"><a href=\"https:\/\/www.un.org\/sites\/un2.un.org\/files\/spanish_-_sg_clean_air.png\"><img loading=\"lazy\" decoding=\"async\" class=\"aligncenter \" src=\"https:\/\/www.un.org\/sites\/un2.un.org\/files\/spanish_-_sg_clean_air.png\" width=\"649\" height=\"649\" \/><\/a><\/p>\n<ul>\n<li><a href=\"https:\/\/undocs.org\/es\/A\/RES\/74\/212\">D\u00eda Internacional del Aire Limpio por un cielo azul (A\/RES\/74\/212)<\/a><\/li>\n<li><span class=\"pdf-link\"><a href=\"http:\/\/undocs.org\/es\/UNEP\/EA.3\/Res.8\">Prevenci\u00f3n y reducci\u00f3n de la contaminaci\u00f3n atmosf\u00e9rica para mejorar la calidad del aire a nivel mundial<\/a><\/span><\/li>\n<li><span class=\"pdf-en-link\"><a href=\"https:\/\/apps.who.int\/iris\/bitstream\/handle\/10665\/253237\/A68_R8-en.pdf\">Salud y medio ambiente: abordar el impacto de la contaminaci\u00f3n del aire en la salud (WHA68.8)<\/a><\/span><\/li>\n<li><span class=\"pdf-en-link\"><a href=\"https:\/\/apps.who.int\/iris\/bitstream\/handle\/10665\/250141\/9789241511353-eng.pdf?sequence=1\">Contaminaci\u00f3n atmosf\u00e9rica: una evaluaci\u00f3n mundial de la exposici\u00f3n y la carga de morbilidad<\/a><\/span><\/li>\n<li><span class=\"english-link\"><a href=\"https:\/\/www.unenvironment.org\/resources\/report\/towards-pollution-free-planet-background-report\">Hacia un planeta libre de contaminaci\u00f3n atmosf\u00e9rica<\/a><\/span><\/li>\n<li><span class=\"pdf-en-link\"><a href=\"https:\/\/ccacoalition.org\/en\/resources\/actions-air-quality-printable-version\">Acciones sobre la calidad del aire<\/a><\/span><\/li>\n<\/ul>\n<div>\n<h3>Recursos<\/h3>\n<\/div>\n<ul>\n<li><a href=\"https:\/\/www.cleanairblueskies.org\/es\">P\u00e1gina del d\u00eda de ONU Medio Ambiente<\/a><\/li>\n<li><a href=\"https:\/\/www.cleanairblueskies.org\/es\/novedades\/actualizaciones-destacadas\">Actualizaciones destacadas sobre el D\u00eda<\/a><\/li>\n<li><a href=\"https:\/\/www.cleanairblueskies.org\/es\/sabias-que\/reportes-y-publicaciones\">Informes y publicaciones<\/a><\/li>\n<li><a href=\"https:\/\/www.cleanairblueskies.org\/es\/sabias-que\/cuestionarios-y-encuestas\">Cuestionario y encuestas<\/a><\/li>\n<li><a href=\"https:\/\/www.youtube.com\/watch?v=M_ilxzFxAeg&amp;list=PL9S6xGsoqIBVFe8QqYPMhiQORrITNZFrv\">V\u00eddeos de la OMS sobre contaminaci\u00f3n del aire y otros temas de salud\u00a0<\/a><\/li>\n<li><a href=\"https:\/\/breathelife2030.org\/news\/breathelife-videos\/\">V\u00eddeos de la campa\u00f1a BreatheLife<\/a>\u00a0(clica sobre los v\u00eddeos en espa\u00f1ol)<\/li>\n<li><a href=\"https:\/\/breathelife2030.org\/news\/infographic-library\/\">Biblioteca de infograf\u00edas de la campa\u00f1a BreatheLife<\/a>\u00a0(clica sobre las infograf\u00edas en espa\u00f1ol)<\/li>\n<li><span class=\"english-link\"><a href=\"https:\/\/www.who.int\/airpollution\/publications\/en\/\">Publicaciones<\/a><\/span><\/li>\n<li><a href=\"https:\/\/www.cleanairblueskies.org\/es\/sabias-que\/preguntas-frecuentes-sobre-la-contaminacion-del-aire\">Preguntas frecuentes sobre contaminaci\u00f3n del aire<\/a><\/li>\n<\/ul>\n<div>\n<h3>Sistema de la ONU<\/h3>\n<\/div>\n<ul>\n<li><a href=\"https:\/\/www.unenvironment.org\/es\/explora-los-temas\/aire\">ONU Medio Ambiente: el aire<\/a><\/li>\n<li><a href=\"https:\/\/www.who.int\/es\/news-room\/fact-sheets\/detail\/ambient-(outdoor)-air-quality-and-health\">Organizaci\u00f3n Mundial de la Salud (OMS): Calidad del aire y salud<\/a><\/li>\n<li><a href=\"https:\/\/www.who.int\/es\/news-room\/fact-sheets\/detail\/ambient-(outdoor)-air-quality-and-health\">Organizaci\u00f3n Mundial de la Salud (OMS):<\/a><a href=\"https:\/\/www.who.int\/es\/health-topics\/air-pollution#tab=tab_1\">\u00a0Contaminaci\u00f3n atmosf\u00e9rica<\/a><\/li>\n<li><span class=\"english-link\"><a href=\"https:\/\/www.worldbank.org\/en\/topic\/pollution\">Banco Mundial<\/a><\/span><\/li>\n<\/ul>\n<p>&nbsp;<\/p>\n","protected":false},"excerpt":{"rendered":"<p>\ud83d\udca8 La contaminaci\u00f3n del aire ye&#8217;l mayor riesgu ambiental para nuesa sal\u00fa y el planeta. Nesti D\u00eda Internacional del Aire Llimpio per un Cielu Azul, toos tenemos la responsabilid\u00e1 de protexer la nuesa atm\u00f3sfera y garantizar un aire sano pa toles persones. Esti d\u00eda recu\u00e9rdanos que tenemos d&#8217;actuar pa poder siguir esfrutando d&#8217;un aire llimpio [&hellip;]<\/p>\n","protected":false},"author":117,"featured_media":0,"comment_status":"closed","ping_status":"open","sticky":false,"template":"","format":"standard","meta":{"footnotes":""},"categories":[6],"tags":[],"class_list":["post-57167","post","type-post","status-publish","format-standard","hentry","category-dia-de"],"_links":{"self":[{"href":"https:\/\/edublog.educastur.es\/ixuxu\/wp-json\/wp\/v2\/posts\/57167","targetHints":{"allow":["GET"]}}],"collection":[{"href":"https:\/\/edublog.educastur.es\/ixuxu\/wp-json\/wp\/v2\/posts"}],"about":[{"href":"https:\/\/edublog.educastur.es\/ixuxu\/wp-json\/wp\/v2\/types\/post"}],"author":[{"embeddable":true,"href":"https:\/\/edublog.educastur.es\/ixuxu\/wp-json\/wp\/v2\/users\/117"}],"replies":[{"embeddable":true,"href":"https:\/\/edublog.educastur.es\/ixuxu\/wp-json\/wp\/v2\/comments?post=57167"}],"version-history":[{"count":8,"href":"https:\/\/edublog.educastur.es\/ixuxu\/wp-json\/wp\/v2\/posts\/57167\/revisions"}],"predecessor-version":[{"id":57177,"href":"https:\/\/edublog.educastur.es\/ixuxu\/wp-json\/wp\/v2\/posts\/57167\/revisions\/57177"}],"wp:attachment":[{"href":"https:\/\/edublog.educastur.es\/ixuxu\/wp-json\/wp\/v2\/media?parent=57167"}],"wp:term":[{"taxonomy":"category","embeddable":true,"href":"https:\/\/edublog.educastur.es\/ixuxu\/wp-json\/wp\/v2\/categories?post=57167"},{"taxonomy":"post_tag","embeddable":true,"href":"https:\/\/edublog.educastur.es\/ixuxu\/wp-json\/wp\/v2\/tags?post=57167"}],"curies":[{"name":"wp","href":"https:\/\/api.w.org\/{rel}","templated":true}]}}