{"id":57197,"date":"2025-09-09T09:15:10","date_gmt":"2025-09-09T07:15:10","guid":{"rendered":"https:\/\/edublog.educastur.es\/ixuxu\/?p=57197"},"modified":"2025-09-09T17:59:08","modified_gmt":"2025-09-09T15:59:08","slug":"57197","status":"publish","type":"post","link":"https:\/\/edublog.educastur.es\/ixuxu\/2025\/09\/57197\/","title":{"rendered":"Asina lluz (per dientro y per fora) l&#8217;IES m\u00e1s caru d&#8217;Asturies"},"content":{"rendered":"<ul>\n<li><a href=\"https:\/\/www.lne.es\/oviedo\/la-corredoria\/2025\/09\/07\/luce-fuera-ies-caro-asturias-121310943.html?utm_content=imagen&amp;utm_medium=social&amp;utm_campaign=echobox&amp;utm_source=Facebook&amp;sfnsn=scwspmo&amp;fbclid=IwY2xjawMro8xleHRuA2FlbQIxMQABHtl8LgSUtmA4EwxCz0n-xju6UHT3OiZsCu7I65Rck9gDa7SfA94aaR38Wqm0_aem_xIYvsRNi3QD7ODcmdDgGdQ#Echobox=1757224528\">LNE Videu<\/a> \/ <a href=\"https:\/\/alojaweb.educastur.es\/en\/web\/iesmsalas\"><strong>WEB IES Margarita Salas<\/strong><\/a>:\u00a0 Cai<a href=\"https:\/\/www.google.com\/maps\/place\/\/data=!4m2!3m1!1s0xd368d0051184421:0x9a85daf46ffb0316?sa=X&amp;ved=1t:8290&amp;ictx=111\" data-url=\"\/maps\/place\/\/data=!4m2!3m1!1s0xd368d0051184421:0x9a85daf46ffb0316?sa=X&amp;ved=2ahUKEwiG3rDnjsmPAxUnUaQEHWwrHecQ4kB6BAgIEAA\" data-jsarwt=\"1\" data-usg=\"AOvVaw190XOp82juazV-qArhgITW\" data-ved=\"2ahUKEwiG3rDnjsmPAxUnUaQEHWwrHecQ4kB6BAg9EAM\">la Media Legua, 33011 Uvi\u00e9u, Asturias<\/a>\/ <span class=\"w8qArf FoJoyf\"><a class=\"fl\" href=\"https:\/\/www.google.com\/search?client=opera&amp;hs=GiK&amp;sca_esv=0ba2932d10fe8916&amp;sxsrf=AE3TifOX7r4NjDjbm_xYtRFZdRKcJ-ny2w:1757332793737&amp;q=ies+margarita+salas+oviedo+tel%C3%A9fono&amp;ludocid=11134546397129016086&amp;sa=X&amp;ved=2ahUKEwiG3rDnjsmPAxUnUaQEHWwrHecQ6BN6BAhCEAI\" data-ved=\"2ahUKEwiG3rDnjsmPAxUnUaQEHWwrHecQ6BN6BAhCEAI\">Tel\u00e9fono<\/a>:\u00a0<\/span><span class=\"LrzXr zdqRlf kno-fv\"><a href=\"https:\/\/www.google.com\/search?client=opera&amp;q=ies+margarita+salas+oviedo&amp;sourceid=opera&amp;ie=UTF-8&amp;oe=UTF-8#\" data-dtype=\"d3ph\" data-local-attribute=\"d3ph\" data-ved=\"2ahUKEwiG3rDnjsmPAxUnUaQEHWwrHecQkAgoAHoECEIQAw\"><span aria-label=\"Llamar al n\u00famero de tel\u00e9fono 985 10 01 96\">985 10 01 96<\/span><\/a><\/span><\/li>\n<li><a href=\"https:\/\/edublog.educastur.es\/ixuxu\/category\/ies-margarita-salas\">Etiqueta: IES Margarita Salas<\/a> \/<\/li>\n<li><strong>Correu<\/strong>: iesmargaritasalas@educastur.org<\/li>\n<li><strong>Sitio web<\/strong>:\u00a0<a href=\"http:\/\/alojaweb.educastur.es\/web\/iesmsalas\">alojaweb.educastur.es\/web\/iesmsalas<\/a><\/li>\n<\/ul>\n<p>Dos a\u00f1os d&#8217;obres, 5.000 metros c\u00fabicos de formig\u00f3n, 4.500 metros de techos axardinados y 18 millones d&#8217;euros son les cifres grueses que describen la magnit\u00fa de los trabayos de construcci\u00f3n del institutu m\u00e1s caru de la hestoria d&#8217;Asturies.<\/p>\n<p style=\"text-align: center\"><a href=\"https:\/\/alojaweb.educastur.es\/image\/layout_set_logo?img_id=13842377&amp;t=1757332408415\"><img loading=\"lazy\" decoding=\"async\" class=\"aligncenter size-large\" src=\"https:\/\/alojaweb.educastur.es\/image\/layout_set_logo?img_id=13842377&amp;t=1757332408415\" width=\"128\" height=\"128\" \/><\/a><\/p>\n<div class=\"html-div xdj266r x14z9mp xat24cr x1lziwak xexx8yu xyri2b x18d9i69 x1c1uobl\">\n<div class=\"html-div xdj266r x14z9mp x1lziwak x18d9i69 x1cy8zhl x78zum5 x1q0g3np xod5an3 xz9dl7a x1g0dm76 xpdmqnj\">\n<div class=\"html-div xdj266r x14z9mp xat24cr x1lziwak xexx8yu xyri2b x18d9i69 x1c1uobl x1iyjqo2 xeuugli\">\n<div class=\"x78zum5 xdt5ytf xz62fqu x16ldp7u\">\n<div class=\"xu06os2 x1ok221b\">\n<div class=\"html-div xdj266r x14z9mp xat24cr x1lziwak xexx8yu xyri2b x18d9i69 x1c1uobl\" data-ad-rendering-role=\"profile_name\">\n<ul>\n<li id=\"_r_el_\" class=\"html-h2 x14z9mp xat24cr x1lziwak xexx8yu xyri2b x18d9i69 x1c1uobl x1vvkbs x1heor9g x1qlqyl8 x1pd3egz x1a2a7pz x1gslohp x1yc453h\"><span class=\"x78zum5 x1q0g3np\"><span class=\"x1lliihq x6ikm8r x10wlt62 x1n2onr6 xlyipyv xuxw1ft\"><span class=\"xt0psk2\"><a class=\"x1i10hfl xjbqb8w x1ejq31n x18oe1m7 x1sy0etr xstzfhl x972fbf x10w94by x1qhh985 x14e42zd x9f619 x1ypdohk xt0psk2 x3ct3a4 xdj266r x14z9mp xat24cr x1lziwak xexx8yu xyri2b x18d9i69 x1c1uobl x16tdsg8 x1hl2dhg xggy1nq x1a2a7pz xkrqix3 x1sur9pj xzsf02u x1s688f\" role=\"link\" href=\"https:\/\/www.facebook.com\/RTPAoficial?__cft__[0]=AZXLBcKS9QeL2JUhm3KDVfRAAG5naGAeUVwzZ_eAUaQpCgMgvoRM7MBIU136PkWgibz4mgRaf7itYSz7Dxfa5oA8n026sQzpwgzv6Th1bdMypOhReCdV_dcGsynFtpyA0DCdF0V_p8TAfqI3Lm7znFHGqH3r5yQ-AgH8yKCvexll6dBcHJLgXBsPM7yDH3LxotQMWZMUApYX4zV5ZYgIoxeP&amp;__tn__=-UC%2CP-R\"><b class=\"html-b xdj266r x14z9mp xat24cr x1lziwak xexx8yu xyri2b x18d9i69 x1c1uobl x1hl2dhg x16tdsg8 x1vvkbs x1s688f\"><span class=\"html-span xdj266r x14z9mp xat24cr x1lziwak xexx8yu xyri2b x18d9i69 x1c1uobl x1hl2dhg x16tdsg8 x1vvkbs\">RTPA<\/span><\/b><\/a><\/span><\/span><\/span>\/ <span class=\"html-span xdj266r x14z9mp xat24cr x1lziwak xexx8yu xyri2b x18d9i69 x1c1uobl x1hl2dhg x16tdsg8 x1vvkbs\"><a class=\"x1i10hfl xjbqb8w x1ejq31n x18oe1m7 x1sy0etr xstzfhl x972fbf x10w94by x1qhh985 x14e42zd x9f619 x1ypdohk xt0psk2 x3ct3a4 xdj266r x14z9mp xat24cr x1lziwak xexx8yu xyri2b x18d9i69 x1c1uobl x16tdsg8 x1hl2dhg xggy1nq x1a2a7pz xkrqix3 x1sur9pj x1fey0fg x1s688f\" role=\"link\" href=\"https:\/\/www.facebook.com\/hashtag\/margaritasalas?__eep__=6&amp;__cft__[0]=AZXLBcKS9QeL2JUhm3KDVfRAAG5naGAeUVwzZ_eAUaQpCgMgvoRM7MBIU136PkWgibz4mgRaf7itYSz7Dxfa5oA8n026sQzpwgzv6Th1bdMypOhReCdV_dcGsynFtpyA0DCdF0V_p8TAfqI3Lm7znFHGqH3r5yQ-AgH8yKCvexll6dBcHJLgXBsPM7yDH3LxotQMWZMUApYX4zV5ZYgIoxeP&amp;__tn__=*NK-R\">#MargaritaSalas<\/a><\/span><\/li>\n<\/ul>\n<p style=\"text-align: center\">\n<!-- iframe plugin v.6.0 wordpress.org\/plugins\/iframe\/ -->\n<iframe loading=\"lazy\" src=\"https:\/\/www.facebook.com\/plugins\/video.php?height=476&#038;href=https%3A%2F%2Fwww.facebook.com%2FRTPAoficial%2Fvideos%2F1321914496346471%2F&#038;show_text=false&#038;width=476&#038;t=0\" width=\"476\" height=\"476\" style=\"border:none;overflow:hidden\" scrolling=\"no\" frameborder=\"0\" allowfullscreen=\"true\" allow=\"autoplay; clipboard-write; encrypted-media; picture-in-picture; web-share\" 0=\"\/iframe\" class=\"iframe-class\"><\/iframe>\n<\/p>\n<p><!--more--><\/p>\n<\/div>\n<\/div>\n<div class=\"xu06os2 x1ok221b\">\n<div id=\"_r_em_\" class=\"html-div xdj266r x14z9mp xat24cr x1lziwak xexx8yu xyri2b x18d9i69 x1c1uobl x6s0dn4 x17zd0t2 x78zum5 x1q0g3np x1a02dak\"><span class=\"html-span xexx8yu xyri2b x18d9i69 x1c1uobl x1hl2dhg x16tdsg8 x1vvkbs x3nfvp2 x1j61x8r x1fcty0u xdj266r xat24cr xm2jcoa x1mpyi22 xxymvpz xlup9mm x1kky2od\"><img loading=\"lazy\" decoding=\"async\" class=\"xz74otr x15mokao x1ga7v0g x16uus16 xbiv7yw\" src=\"https:\/\/static.xx.fbcdn.net\/images\/emoji.php\/v9\/t28\/1\/16\/1f3eb.png\" alt=\"\ud83c\udfeb\" width=\"16\" height=\"16\" \/><\/span><span class=\"html-span xexx8yu xyri2b x18d9i69 x1c1uobl x1hl2dhg x16tdsg8 x1vvkbs x3nfvp2 x1j61x8r x1fcty0u xdj266r xat24cr xm2jcoa x1mpyi22 xxymvpz xlup9mm x1kky2od\"><img loading=\"lazy\" decoding=\"async\" class=\"xz74otr x15mokao x1ga7v0g x16uus16 xbiv7yw\" src=\"https:\/\/static.xx.fbcdn.net\/images\/emoji.php\/v9\/tf4\/1\/16\/2728.png\" alt=\"\u2728\" width=\"16\" height=\"16\" \/><\/span> L&#8217;IES Margarita Salas ye una reivindicaci\u00f3n hist\u00f3rica fecha realid\u00e1 en La Corredoria: educaci\u00f3n calidable, al \u00ece de casa. L&#8217;IES. el segundu abiertu nel populosu barriu dende 2007, va empecipiar el martes el cursu con 437 alumnos provec\u00edos por afayar les coraes d&#8217;una superficie construyida de 10.000 metros cuadraos na que se van atopar con \u00absuperaules\u00bb d&#8217;hasta 400 metros cuadraos de superficie y un polideportivu qu&#8217;el mesmu claustru califica como \u00abde luxu\u00bb. \u00abYe una obra ic\u00f3nica\u00bb, se\u00f1alen dende la UTE formada por Taller d&#8217;Urbanismu ya Inxenier\u00eda S.A., Ogensa y Esfer S.A.<\/div>\n<\/div>\n<\/div>\n<\/div>\n<\/div>\n<\/div>\n<p>&nbsp;<\/p>\n<p>&nbsp;<\/p>\n","protected":false},"excerpt":{"rendered":"<p>LNE Videu \/ WEB IES Margarita Salas:\u00a0 Caila Media Legua, 33011 Uvi\u00e9u, Asturias\/ Tel\u00e9fono:\u00a0985 10 01 96 Etiqueta: IES Margarita Salas \/ Correu: iesmargaritasalas@educastur.org Sitio web:\u00a0alojaweb.educastur.es\/web\/iesmsalas Dos a\u00f1os d&#8217;obres, 5.000 metros c\u00fabicos de formig\u00f3n, 4.500 metros de techos axardinados y 18 millones d&#8217;euros son les cifres grueses que describen la magnit\u00fa de los trabayos de [&hellip;]<\/p>\n","protected":false},"author":117,"featured_media":0,"comment_status":"closed","ping_status":"open","sticky":false,"template":"","format":"standard","meta":{"footnotes":""},"categories":[431],"tags":[],"class_list":["post-57197","post","type-post","status-publish","format-standard","hentry","category-ies-margarita-salas"],"_links":{"self":[{"href":"https:\/\/edublog.educastur.es\/ixuxu\/wp-json\/wp\/v2\/posts\/57197","targetHints":{"allow":["GET"]}}],"collection":[{"href":"https:\/\/edublog.educastur.es\/ixuxu\/wp-json\/wp\/v2\/posts"}],"about":[{"href":"https:\/\/edublog.educastur.es\/ixuxu\/wp-json\/wp\/v2\/types\/post"}],"author":[{"embeddable":true,"href":"https:\/\/edublog.educastur.es\/ixuxu\/wp-json\/wp\/v2\/users\/117"}],"replies":[{"embeddable":true,"href":"https:\/\/edublog.educastur.es\/ixuxu\/wp-json\/wp\/v2\/comments?post=57197"}],"version-history":[{"count":10,"href":"https:\/\/edublog.educastur.es\/ixuxu\/wp-json\/wp\/v2\/posts\/57197\/revisions"}],"predecessor-version":[{"id":57366,"href":"https:\/\/edublog.educastur.es\/ixuxu\/wp-json\/wp\/v2\/posts\/57197\/revisions\/57366"}],"wp:attachment":[{"href":"https:\/\/edublog.educastur.es\/ixuxu\/wp-json\/wp\/v2\/media?parent=57197"}],"wp:term":[{"taxonomy":"category","embeddable":true,"href":"https:\/\/edublog.educastur.es\/ixuxu\/wp-json\/wp\/v2\/categories?post=57197"},{"taxonomy":"post_tag","embeddable":true,"href":"https:\/\/edublog.educastur.es\/ixuxu\/wp-json\/wp\/v2\/tags?post=57197"}],"curies":[{"name":"wp","href":"https:\/\/api.w.org\/{rel}","templated":true}]}}