{"id":5723,"date":"2021-05-08T12:00:29","date_gmt":"2021-05-08T10:00:29","guid":{"rendered":"https:\/\/edublog.educastur.es\/ixuxu\/?p=5723"},"modified":"2021-05-09T20:57:34","modified_gmt":"2021-05-09T18:57:34","slug":"oficialida","status":"publish","type":"post","link":"https:\/\/edublog.educastur.es\/ixuxu\/2021\/05\/oficialida\/","title":{"rendered":"\u00abOficialid\u00e1\u00bb"},"content":{"rendered":"<p style=\"text-align: center\"><a href=\"https:\/\/imgbox.es\/images\/2021\/05\/01\/oficialidaaa9fb8667fbe6e2251.jpg\"><img loading=\"lazy\" decoding=\"async\" class=\"alignnone\" src=\"https:\/\/imgbox.es\/images\/2021\/05\/01\/oficialidaaa9fb8667fbe6e2251.jpg\" alt=\"\" width=\"456\" height=\"646\" \/><\/a><\/p>\n<p><span class=\"d2edcug0 hpfvmrgz qv66sw1b c1et5uql lr9zc1uh a8c37x1j keod5gw0 nxhoafnm aigsh9s9 d3f4x2em fe6kdd0r mau55g9w c8b282yb iv3no6db jq4qci2q a3bd9o3v knj5qynh oo9gr5id\" dir=\"auto\">La <a href=\"https:\/\/www.facebook.com\/exunta\"><span style=\"color: #008080\">XUNTA POLA DEFENSA DE LA LLINGUA ASTURIANA<\/span> <\/a>llama a la movilizaci\u00f3n con motivu del D\u00eda de les lletres Asturianes.<\/span><\/p>\n<p>Col env\u00eds d\u2019adaptalo a les restricciones y mid\u00edes de seguranza necesaries angua\u00f1o por mor de la pandemia de Covid-19, la XDLA convoca una concentraci\u00f3n onde les persones participantes van formar un mosaicu coles banderes de la Oficialid\u00e1. Pa facilitar la organizaci\u00f3n, la Xunta pide a toles persones que quieran participar que<a href=\"https:\/\/forms.gle\/d9tmyNPbnaYJnzFV8?fbclid=IwAR1JwI1JjRBjMkoW0QNecw81uVFgYKLDqTTgEjKtY-9Zo-zoQ8XhU-Pcd68\"> ?\u2019????????? ????? ??????????.\u00a0<\/a><\/p>\n<p>La concentraci\u00f3n va facese\u2019l s\u00e1badu 8 de mayu, a les 12:00, na Plaza la Catedral d\u2019Uvi\u00e9u. \u00a1Nun hai nada qu\u2019esperar! L\u2019asturianu, llingua oficial, \u00a1y\u00e1!<\/p>\n<ul>\n<li><a href=\"http:\/\/www.exunta.org\/\">http:\/\/www.exunta.org\/<\/a><\/li>\n<\/ul>\n","protected":false},"excerpt":{"rendered":"<p>La XUNTA POLA DEFENSA DE LA LLINGUA ASTURIANA llama a la movilizaci\u00f3n con motivu del D\u00eda de les lletres Asturianes. Col env\u00eds d\u2019adaptalo a les restricciones y mid\u00edes de seguranza necesaries angua\u00f1o por mor de la pandemia de Covid-19, la XDLA convoca una concentraci\u00f3n onde les persones participantes van formar un mosaicu coles banderes de [&hellip;]<\/p>\n","protected":false},"author":117,"featured_media":0,"comment_status":"open","ping_status":"open","sticky":false,"template":"","format":"image","meta":{"footnotes":""},"categories":[51,50],"tags":[],"class_list":["post-5723","post","type-post","status-publish","format-image","hentry","category-oficialida","category-xdla","post_format-post-format-image"],"_links":{"self":[{"href":"https:\/\/edublog.educastur.es\/ixuxu\/wp-json\/wp\/v2\/posts\/5723","targetHints":{"allow":["GET"]}}],"collection":[{"href":"https:\/\/edublog.educastur.es\/ixuxu\/wp-json\/wp\/v2\/posts"}],"about":[{"href":"https:\/\/edublog.educastur.es\/ixuxu\/wp-json\/wp\/v2\/types\/post"}],"author":[{"embeddable":true,"href":"https:\/\/edublog.educastur.es\/ixuxu\/wp-json\/wp\/v2\/users\/117"}],"replies":[{"embeddable":true,"href":"https:\/\/edublog.educastur.es\/ixuxu\/wp-json\/wp\/v2\/comments?post=5723"}],"version-history":[{"count":3,"href":"https:\/\/edublog.educastur.es\/ixuxu\/wp-json\/wp\/v2\/posts\/5723\/revisions"}],"predecessor-version":[{"id":5725,"href":"https:\/\/edublog.educastur.es\/ixuxu\/wp-json\/wp\/v2\/posts\/5723\/revisions\/5725"}],"wp:attachment":[{"href":"https:\/\/edublog.educastur.es\/ixuxu\/wp-json\/wp\/v2\/media?parent=5723"}],"wp:term":[{"taxonomy":"category","embeddable":true,"href":"https:\/\/edublog.educastur.es\/ixuxu\/wp-json\/wp\/v2\/categories?post=5723"},{"taxonomy":"post_tag","embeddable":true,"href":"https:\/\/edublog.educastur.es\/ixuxu\/wp-json\/wp\/v2\/tags?post=5723"}],"curies":[{"name":"wp","href":"https:\/\/api.w.org\/{rel}","templated":true}]}}