{"id":57240,"date":"2025-09-08T18:32:31","date_gmt":"2025-09-08T16:32:31","guid":{"rendered":"https:\/\/edublog.educastur.es\/ixuxu\/?p=57240"},"modified":"2025-09-08T21:12:29","modified_gmt":"2025-09-08T19:12:29","slug":"miriam-reyes-premiu-nacional-de-poesia-2025","status":"publish","type":"post","link":"https:\/\/edublog.educastur.es\/ixuxu\/2025\/09\/miriam-reyes-premiu-nacional-de-poesia-2025\/","title":{"rendered":"Miriam Reyes, Premiu Nacional Poes\u00eda 2025"},"content":{"rendered":"<div class=\"html-div xdj266r x14z9mp xat24cr x1lziwak xexx8yu xyri2b x18d9i69 x1c1uobl\">\n<div class=\"html-div xdj266r x14z9mp x1lziwak x18d9i69 x1cy8zhl x78zum5 x1q0g3np xod5an3 xz9dl7a x1g0dm76 xpdmqnj\">\n<div class=\"html-div xdj266r x14z9mp xat24cr x1lziwak xexx8yu xyri2b x18d9i69 x1c1uobl x1iyjqo2 xeuugli\">\n<div class=\"x78zum5 xdt5ytf xz62fqu x16ldp7u\">\n<div class=\"xu06os2 x1ok221b\">\n<div class=\"html-div xdj266r x14z9mp xat24cr x1lziwak xexx8yu xyri2b x18d9i69 x1c1uobl\" data-ad-rendering-role=\"profile_name\">\n<ul>\n<li class=\"html-h4 x14z9mp xat24cr x1lziwak xexx8yu xyri2b x18d9i69 x1c1uobl x1vvkbs x1heor9g x1qlqyl8 x1pd3egz x1a2a7pz x1gslohp x1yc453h\"><span class=\"x78zum5 x1q0g3np\"><span class=\"x1lliihq x6ikm8r x10wlt62 x1n2onr6 xlyipyv xuxw1ft\"><span class=\"xt0psk2\"><a class=\"x1i10hfl xjbqb8w x1ejq31n x18oe1m7 x1sy0etr xstzfhl x972fbf x10w94by x1qhh985 x14e42zd x9f619 x1ypdohk xt0psk2 x3ct3a4 xdj266r x14z9mp xat24cr x1lziwak xexx8yu xyri2b x18d9i69 x1c1uobl x16tdsg8 x1hl2dhg xggy1nq x1a2a7pz xkrqix3 x1sur9pj xzsf02u x1s688f\" role=\"link\" href=\"https:\/\/www.facebook.com\/MinisteriodeCultura?__cft__[0]=AZXEBGh3cc9tumzQXrJUyorPf9pXd-RMRxBCqg5pxQaJ9QI3Vr_iy68Sc6IjyDF1PpBXQep6Zg3_u47xPShlfNqPJgq1JMT_b1S0FkfJ6Jbjj0gK6MqawYNbFpZMkUeXqWZPFyV7_oid0N42iO41B7kk2SjoSxXgqIPG-UQTN0KDtNlcEgDHIBYUEveeiK7ltlqTM5xsATJGJb3NLUItQGar&amp;__tn__=-UC%2CP-R\"><b class=\"html-b xdj266r x14z9mp xat24cr x1lziwak xexx8yu xyri2b x18d9i69 x1c1uobl x1hl2dhg x16tdsg8 x1vvkbs x1s688f\"><span class=\"html-span xdj266r x14z9mp xat24cr x1lziwak xexx8yu xyri2b x18d9i69 x1c1uobl x1hl2dhg x16tdsg8 x1vvkbs\">Ministerio de Cultura<\/span><\/b><\/a><\/span><\/span><span class=\"html-span xdj266r x14z9mp xat24cr x1lziwak xexx8yu xyri2b x18d9i69 x1c1uobl x1hl2dhg x16tdsg8 x1vvkbs x1dor1uw x1n2onr6 xxymvpz x78zum5\">\u00a0<\/span><span class=\"x78zum5\"><span class=\"xzsf02u xo1l8bm xdwrcjd\"><span class=\"xzpqnlu xjm9jq1 x6ikm8r x10wlt62 x10l6tqk x1i1rx1s\">\u00a0<\/span><span aria-hidden=\"true\">\u00b7<\/span><\/span><\/span><\/span>\/<a href=\"https:\/\/www.cultura.gob.es\/actualidad\/2025\/09\/250908-premio-nacional-poesia-2025.html?fbclid=IwY2xjawMr5D1leHRuA2FlbQIxMABicmlkETFCSjJmVWMyaXpOTGFhWkhKAR6ltyVjvkI8-FJh7x_6mmkce7Pvlf4QrIBc0G0Whwq9uQZecT16OshEJPjVaw_aem_jZvEUTZUfdbcUak_dd7uuw\">M\u00e1s informaci\u00f3n<\/a> <span class=\"html-span xexx8yu xyri2b x18d9i69 x1c1uobl x1hl2dhg x16tdsg8 x1vvkbs x3nfvp2 x1j61x8r x1fcty0u xdj266r xat24cr xm2jcoa x1mpyi22 xxymvpz xlup9mm x1kky2od\"><img loading=\"lazy\" decoding=\"async\" class=\"xz74otr x15mokao x1ga7v0g x16uus16 xbiv7yw\" src=\"https:\/\/static.xx.fbcdn.net\/images\/emoji.php\/v9\/tb3\/1\/16\/1f517.png\" alt=\"\ud83d\udd17\" width=\"16\" height=\"16\" \/> <a href=\"https:\/\/elpais.com\/cultura\/2025-09-08\/la-escritora-gallega-miriam-reyes-obtiene-el-premio-nacional-de-poesia-2025.html\">El Pa\u00eds<\/a> \/ <a href=\"https:\/\/www.rtve.es\/noticias\/20250908\/miriam-reyes-gana-premio-nacional-poesia-2025-por-su-obra-con\/16720982.shtml\">RTVE Play<\/a> \/<\/span><\/li>\n<\/ul>\n<p>\u00a1\u00a1<span style=\"color: #008080\"><strong>Miriam Reyes<\/strong><\/span>, Premiu Nacional de Poes\u00eda 2025!! El xur\u00e1u escoy\u00f3 la so obra<span style=\"color: #008080\"><strong> &#8216;Con&#8217;<\/strong> <\/span>por \u00abser un poemariu que participa de la conversaci\u00f3n p\u00fablica no que fai a les posibilidaes de los venceyos\u00bb. Am\u00e1s, se\u00f1al\u00f3 que <em>\u00abla voz de l&#8217;autora traza con fuerza y orixinalid\u00e1 el territoriu de lo mutuo, hasta da-y un escepcional sent\u00edu c\u00f3smicu\u00bb. <\/em>\u00a1Norabona!<\/p>\n<p style=\"text-align: center\"><a href=\"https:\/\/pbs.twimg.com\/media\/G0U0U0yWUAAYS1I?format=jpg&amp;name=900x900\"><img loading=\"lazy\" decoding=\"async\" class=\"aligncenter size-large\" src=\"https:\/\/pbs.twimg.com\/media\/G0U0U0yWUAAYS1I?format=jpg&amp;name=900x900\" width=\"900\" height=\"506\" \/><\/a><\/p>\n<p><!--more--><\/p>\n<p style=\"text-align: center\"><a href=\"https:\/\/imagenes.elpais.com\/resizer\/v2\/QLDOGQHZCZHTXDHUBOUCBO4EIM.jpg?auth=d397c6a1d59b201ac4e173cd209a8a9e34e96fdc318523655e2f74d1842c95a7&amp;width=1200\"><img loading=\"lazy\" decoding=\"async\" class=\"aligncenter \" src=\"https:\/\/imagenes.elpais.com\/resizer\/v2\/QLDOGQHZCZHTXDHUBOUCBO4EIM.jpg?auth=d397c6a1d59b201ac4e173cd209a8a9e34e96fdc318523655e2f74d1842c95a7&amp;width=1200\" width=\"584\" height=\"389\" \/><\/a><\/p>\n<p>Un poemariu que se centra nes dimensiones de la relaci\u00f3n col otru\u201d, seg\u00fan destac\u00f3&#8217;l xur\u00e1u nun comunic\u00e1u de prensa. Describe a la poeta, editora y traductora como posesora de <em>\u201cuna intelixencia lling\u00fc\u00edstica que piensa y trescala, mientres escribe, dende la desnudez de la conciencia y del cuerpu\u201d<\/em>. El premiu conced\u00edu pol Ministeriu de Cultura ta dot\u00e1u con 30.000 euros.<\/p>\n<p>&nbsp;<\/p>\n<p style=\"text-align: center\"><a href=\"https:\/\/www.cultura.gob.es\/.imaging\/mte\/mcd-theme\/contenido-cim-md\/dam\/mcd\/actualidad\/2025\/09\/250908-premio-nacional-poesia-2025\/premio-nacional-poesia-web\/jcr:content\/premio-nacional-poesia-web.jpg\"><img loading=\"lazy\" decoding=\"async\" class=\"aligncenter \" src=\"https:\/\/www.cultura.gob.es\/.imaging\/mte\/mcd-theme\/contenido-cim-md\/dam\/mcd\/actualidad\/2025\/09\/250908-premio-nacional-poesia-2025\/premio-nacional-poesia-web\/jcr:content\/premio-nacional-poesia-web.jpg\" width=\"478\" height=\"837\" \/><\/a><\/p>\n<p>&nbsp;<\/p>\n<\/div>\n<\/div>\n<\/div>\n<\/div>\n<\/div>\n<\/div>\n<p style=\"text-align: center\">\n<!-- iframe plugin v.6.0 wordpress.org\/plugins\/iframe\/ -->\n<iframe loading=\"lazy\" src=\"https:\/\/secure-embed.rtve.es\/drmn\/embed\/video\/4603468\" name=\"Miriam Reyes\" style=\"width:100%;height:90%;position:absolute;left:0;top:0;overflow:hidden;border:none;background-color:transparent;\" scrolling=\"no\" allowfullscreen=\"allowfullscreen\" 0=\"\/iframe\" width=\"100%\" height=\"500\" class=\"iframe-class\" frameborder=\"0\"><\/iframe>\n<\/p>\n<p class=\"strong-actualidad-noticia-0 i4t-reference-include\">Miriam Reyes es una poeta, editora y traductora nacida en Ourense. A los ocho a\u00f1os emigr\u00f3 a Caracas, donde estudi\u00f3 Letras en la Universidad Central de Venezuela. Posteriormente se licenci\u00f3 en Filolog\u00eda Hisp\u00e1nica en la Universitat de Barcelona.<\/p>\n<p>Adem\u00e1s de \u2018Con\u2019 (La Bella Varsovia, 2024), ha publicado los libros de poemas:<\/p>\n<ul>\n<li>\u2018Espejo negro\u2019 (DVD, 2001),<\/li>\n<li>\u2018Bella durmiente\u2019 (finalista del XIX Premio de poes\u00eda Hiperi\u00f3n, Hiperi\u00f3n, 2004),<\/li>\n<li>\u2018Desalojos\u2019 (Hiperi\u00f3n, 2008),<\/li>\n<li>\u2018Yo, interior, cuerpo. Antolog\u00eda po\u00e9tica\u2019 (Argentina, 2013),<\/li>\n<li>\u2018Haz lo que te digo\u2019 (Bartleby, 2015),<\/li>\n<li>\u2018Prensado en fr\u00edo\u2019 (Malasangre, 2016) y<\/li>\n<li>\u2018Sardi\u00f1a\u2019 (Chan da p\u00f3lvora, 2018).<\/li>\n<li>Su obra po\u00e9tica est\u00e1 recogida en el volumen \u2018Extra\u00f1a manera de estar viva\u2019 (Mixtura, 2022).<\/li>\n<\/ul>\n<p>Desde el a\u00f1o 2001 experimenta con la escritura audiovisual y el recital multimedia, llevando la poes\u00eda a otros formatos y escenarios.<\/p>\n<hr \/>\n<p><em>El nuevo poemario de Miriam Reyes es una reflexi\u00f3n sobre las relaciones de pareja o, mejor dicho, sobre la toma de conciencia de que la otra persona es una persona otra, soberana e insondable. La pregunta que este libro quiere responder es: \u00bfc\u00f3mo relacionarse con ella? Obviamente, no hay respuesta. Pero s\u00ed indagaci\u00f3n.<\/em><\/p>\n<p><em>En Zenda reproducimos cinco poemas de\u00a0<\/em><strong>Con<\/strong><em>\u00a0(La Bella Varsovia), de<strong>\u00a0Miriam Reyes<\/strong>.<\/em><\/p>\n<p>***<\/p>\n<p><strong><em>DESNUDA COMO UNA CINTA TE OFREZCO<\/em><\/strong><\/p>\n<p><em>la oscuridad del nudo<\/em><br \/>\n<em>te ofrezco la oscuridad del nudo<\/em><br \/>\n<em>con el que me sujeto a m\u00ed misma<\/em><br \/>\n<em>\u2014al m\u00e1stil de m\u00ed misma\u2014<\/em><br \/>\n<em>contra las perturbaciones del equilibrio<\/em><br \/>\n<em>he olvidado mucho<\/em><br \/>\n<em>pero recuerdo que dije<\/em><br \/>\n<em>la oscuridad es m\u00eda y vivir\u00e9 con ambas<\/em><br \/>\n<em>mientras me quede luz<br \/>\nlo dije con la boca llena de agua<\/em><br \/>\n<em>hace a\u00f1os y a\u00f1os<\/em><br \/>\n<em>cuando no era exactamente esta que ahora se<\/em><br \/>\n<em>ofrece<\/em><br \/>\n<em>ni era completamente otra<\/em><br \/>\n<em>lo dije a una persona y a otra persona<\/em><br \/>\n<em>y a ninguna persona o a m\u00ed misma<\/em><br \/>\n<em>dentro de la oscuridad del nudo<\/em><br \/>\n<em>con la boca llena de agua<\/em><br \/>\n<em>por un golpe de mar<\/em><br \/>\n<em>a golpes de mar se desanclan las palabras de la<\/em><br \/>\n<em>boca<\/em><br \/>\n<em>que dice<\/em><br \/>\n<em>veo con consciencia de l\u00edmite y de horizonte<\/em><br \/>\n<em>no sin frustraci\u00f3n y maravilla<\/em><br \/>\n<em>s\u00e9 que tengo fiebre porque siento la piel<\/em><br \/>\n<em>ardiendo<\/em><br \/>\n<em>del costado de la carne<\/em><br \/>\n<em>bajo la consciencia<\/em><br \/>\n<em>donde buceo y me introduzco a m\u00ed misma<\/em><br \/>\n<em>donde mastico la posibilidad de flotar<\/em><br \/>\n<em>y la de hundirme<\/em><br \/>\n<em>de uno a otro lado de la boca<\/em><br \/>\n<em>hasta tragarlas<\/em><\/p>\n<p>***<\/p>\n<p><em><strong>ATRA\u00cdDA POR LA APARIENCIA EXTERNA<br \/>\n<\/strong>que adquiere a sus ojos mi volumen<\/em><br \/>\n<em>la persona otra se aproxima<\/em><br \/>\n<em>a la superficie de mi cuerpo<\/em><br \/>\n<em>yo rojo tel\u00f3n<\/em><br \/>\n<em>de terciopelo para la caricia<\/em><br \/>\n<em>yo dorado cord\u00f3n<\/em><br \/>\n<em>de piel que me constri\u00f1e<\/em><\/p>\n<p>&nbsp;<\/p>\n<p><em>si me desata su mano es para sentir mi peso<\/em><br \/>\n<em>la cosquilla sobre la madera<\/em><br \/>\n<em>el tintineo de metales al cerrarme<\/em><br \/>\n<em>y abrirme y cerrarme y abrirme<\/em><\/p>\n<p>***<\/p>\n<p><em><strong>LA PERSONA OTRA PIDE PARA QUE LE SEA DADO<\/strong><\/em><\/p>\n<p><em>primeras cosechas<\/em><br \/>\n<em>v\u00edsceras calientes<\/em><br \/>\n<em>cosas sagradas<\/em><br \/>\n<em>porque mis pies desgastan<\/em><br \/>\n<em>el umbral de su puerta<\/em><br \/>\n<em>considera que todo lo merece<\/em><\/p>\n<p>***<\/p>\n<p><em><strong>TU AMOR Y EL TIEMPO<\/strong> \/<br \/>\n<\/em><em>difuminan todo lo que fue<br \/>\n<\/em><em>me modificas mentalmente \/ gen\u00e9ticamente<br \/>\n<\/em><em>yo capaz de m\u00e1s \/ capaz de ti<br \/>\n<\/em><em>que usas la palabra esp\u00edritu y el paradigma<br \/>\n<\/em><em>m\u00e1gico<br \/>\n<\/em><em>para alterar tu realidad \/ yo tu realidad<br \/>\n<\/em><em>la palabra materia el paradigma cient\u00edfico<br \/>\n<\/em><em>entro \/ te hago realidad<br \/>\n<\/em><em>mientras con tus pupilas a\u00f1ades<br \/>\n<\/em><em>profundidad a mi cuerpo<\/em><\/p>\n<p><em>***<\/em><\/p>\n<p><strong><em>CON O POR MEDIO DE TU CUERPO<\/em><\/strong><\/p>\n<p><em>ampl\u00edo los l\u00edmites de mi consciencia<br \/>\n<\/em><em>mi consciencia<br \/>\n<\/em><em>que no es materia sensible<br \/>\n<\/em><em>pero tiembla<\/em><\/p>\n<p>\u2014\u2014\u2014\u2014\u2014\u2014\u2014\u2014\u2014\u2014\u2014\u2014\u2014<\/p>\n<p><strong>Autora:\u00a0<\/strong>Miriam Reyes.\u00a0<strong>T\u00edtulo:\u00a0<\/strong><em>Con.\u00a0<\/em><strong>Editorial:\u00a0<\/strong>La Bella Varsovia.\u00a0<strong>Venta:\u00a0<\/strong><a href=\"https:\/\/www.todostuslibros.com\/libros\/con_978-84-339-2422-3\" target=\"_blank\" rel=\"noopener noreferrer\">Todos tus libros<\/a>.<\/p>\n<p>&nbsp;<\/p>\n","protected":false},"excerpt":{"rendered":"<p>Ministerio de Cultura\u00a0\u00a0\u00b7\/M\u00e1s informaci\u00f3n El Pa\u00eds \/ RTVE Play \/ \u00a1\u00a1Miriam Reyes, Premiu Nacional de Poes\u00eda 2025!! El xur\u00e1u escoy\u00f3 la so obra &#8216;Con&#8217; por \u00abser un poemariu que participa de la conversaci\u00f3n p\u00fablica no que fai a les posibilidaes de los venceyos\u00bb. Am\u00e1s, se\u00f1al\u00f3 que \u00abla voz de l&#8217;autora traza con fuerza y orixinalid\u00e1 [&hellip;]<\/p>\n","protected":false},"author":117,"featured_media":0,"comment_status":"closed","ping_status":"open","sticky":false,"template":"","format":"standard","meta":{"footnotes":""},"categories":[39],"tags":[],"class_list":["post-57240","post","type-post","status-publish","format-standard","hentry","category-poesia"],"_links":{"self":[{"href":"https:\/\/edublog.educastur.es\/ixuxu\/wp-json\/wp\/v2\/posts\/57240","targetHints":{"allow":["GET"]}}],"collection":[{"href":"https:\/\/edublog.educastur.es\/ixuxu\/wp-json\/wp\/v2\/posts"}],"about":[{"href":"https:\/\/edublog.educastur.es\/ixuxu\/wp-json\/wp\/v2\/types\/post"}],"author":[{"embeddable":true,"href":"https:\/\/edublog.educastur.es\/ixuxu\/wp-json\/wp\/v2\/users\/117"}],"replies":[{"embeddable":true,"href":"https:\/\/edublog.educastur.es\/ixuxu\/wp-json\/wp\/v2\/comments?post=57240"}],"version-history":[{"count":10,"href":"https:\/\/edublog.educastur.es\/ixuxu\/wp-json\/wp\/v2\/posts\/57240\/revisions"}],"predecessor-version":[{"id":57342,"href":"https:\/\/edublog.educastur.es\/ixuxu\/wp-json\/wp\/v2\/posts\/57240\/revisions\/57342"}],"wp:attachment":[{"href":"https:\/\/edublog.educastur.es\/ixuxu\/wp-json\/wp\/v2\/media?parent=57240"}],"wp:term":[{"taxonomy":"category","embeddable":true,"href":"https:\/\/edublog.educastur.es\/ixuxu\/wp-json\/wp\/v2\/categories?post=57240"},{"taxonomy":"post_tag","embeddable":true,"href":"https:\/\/edublog.educastur.es\/ixuxu\/wp-json\/wp\/v2\/tags?post=57240"}],"curies":[{"name":"wp","href":"https:\/\/api.w.org\/{rel}","templated":true}]}}