{"id":57253,"date":"2025-09-10T10:05:36","date_gmt":"2025-09-10T08:05:36","guid":{"rendered":"https:\/\/edublog.educastur.es\/ixuxu\/?p=57253"},"modified":"2025-09-08T18:43:02","modified_gmt":"2025-09-08T16:43:02","slug":"cursu-dasturianu-padultos-noyos-a1-a2","status":"publish","type":"post","link":"https:\/\/edublog.educastur.es\/ixuxu\/2025\/09\/cursu-dasturianu-padultos-noyos-a1-a2\/","title":{"rendered":"Cursu d&#8217;asturianu p&#8217;adultos Noyos A1-A2"},"content":{"rendered":"<p style=\"text-align: center\"><a href=\"https:\/\/alladixital.org\/wp-content\/uploads\/brizy\/imgs\/Noyos-10-x-6-cm-2100x1260x0x118x2100x1024x1756974295.png\"><img loading=\"lazy\" decoding=\"async\" class=\"aligncenter size-large\" src=\"https:\/\/alladixital.org\/wp-content\/uploads\/brizy\/imgs\/Noyos-10-x-6-cm-2100x1260x0x118x2100x1024x1756974295.png\" width=\"1181\" height=\"576\" \/><\/a><\/p>\n<p>Cursu d&#8217;asturianu p&#8217;adultos Noyos A1-A2. L&#8217;Academia de la Llingua Asturiana anuncia Noyos, el primer cursu d&#8217;asturianu p&#8217;adultos empobin\u00e1u a xente que quiera algamar un nivel elemental (A1-A2) del idioma.<\/p>\n<p><!--more--><\/p>\n<div>\n<ul>\n<li>El cursu, <strong>bas\u00e1u nun enfoque comunicativu<\/strong>, tien una duraci\u00f3n de 100 h llectives. D&#8217;estes, 60 van ser presenciales y 40 h d&#8217;autoestudiu al travi\u00e9s d&#8217;una plataforma con accesu a material complementariu y conten\u00edu audiovidual.<\/li>\n<li>Les clases presenciales van ser los martes y xueves n&#8217;horariu de 17 a 20 h, dende&#8217;l 7 d&#8217;ochobre hasta&#8217;l 11 d&#8217;avientu, nel llar social de l&#8217;Academia (C\/\u00c1guila, 10 &#8211; Uvi\u00e9u).<\/li>\n<li>El preciu, de 150 \u20ac, incl\u00fai materiales y la matr\u00edcula na Prueba de Conocencia. El periodu d&#8217;inscripci\u00f3n abre&#8217;l 15 de setiembre.<\/li>\n<li>Puedes consultar m\u00e1s informaci\u00f3n equ\u00ed:<strong>\u00a0<a href=\"https:\/\/alladixital.org\/programa-noyos\/\">https:\/\/alladixital.org\/programa-noyos\/<\/a>\u00a0<\/strong><\/li>\n<\/ul>\n<\/div>\n","protected":false},"excerpt":{"rendered":"<p>Cursu d&#8217;asturianu p&#8217;adultos Noyos A1-A2. L&#8217;Academia de la Llingua Asturiana anuncia Noyos, el primer cursu d&#8217;asturianu p&#8217;adultos empobin\u00e1u a xente que quiera algamar un nivel elemental (A1-A2) del idioma.<\/p>\n","protected":false},"author":117,"featured_media":0,"comment_status":"closed","ping_status":"open","sticky":false,"template":"","format":"standard","meta":{"footnotes":""},"categories":[157],"tags":[],"class_list":["post-57253","post","type-post","status-publish","format-standard","hentry","category-cursos-llingua-asturiana"],"_links":{"self":[{"href":"https:\/\/edublog.educastur.es\/ixuxu\/wp-json\/wp\/v2\/posts\/57253","targetHints":{"allow":["GET"]}}],"collection":[{"href":"https:\/\/edublog.educastur.es\/ixuxu\/wp-json\/wp\/v2\/posts"}],"about":[{"href":"https:\/\/edublog.educastur.es\/ixuxu\/wp-json\/wp\/v2\/types\/post"}],"author":[{"embeddable":true,"href":"https:\/\/edublog.educastur.es\/ixuxu\/wp-json\/wp\/v2\/users\/117"}],"replies":[{"embeddable":true,"href":"https:\/\/edublog.educastur.es\/ixuxu\/wp-json\/wp\/v2\/comments?post=57253"}],"version-history":[{"count":2,"href":"https:\/\/edublog.educastur.es\/ixuxu\/wp-json\/wp\/v2\/posts\/57253\/revisions"}],"predecessor-version":[{"id":57255,"href":"https:\/\/edublog.educastur.es\/ixuxu\/wp-json\/wp\/v2\/posts\/57253\/revisions\/57255"}],"wp:attachment":[{"href":"https:\/\/edublog.educastur.es\/ixuxu\/wp-json\/wp\/v2\/media?parent=57253"}],"wp:term":[{"taxonomy":"category","embeddable":true,"href":"https:\/\/edublog.educastur.es\/ixuxu\/wp-json\/wp\/v2\/categories?post=57253"},{"taxonomy":"post_tag","embeddable":true,"href":"https:\/\/edublog.educastur.es\/ixuxu\/wp-json\/wp\/v2\/tags?post=57253"}],"curies":[{"name":"wp","href":"https:\/\/api.w.org\/{rel}","templated":true}]}}