{"id":57269,"date":"2025-09-08T14:00:38","date_gmt":"2025-09-08T12:00:38","guid":{"rendered":"https:\/\/edublog.educastur.es\/ixuxu\/?p=57269"},"modified":"2025-09-09T18:16:09","modified_gmt":"2025-09-09T16:16:09","slug":"medayes-dasturies-y-de-los-titulos-de-fiu-predilectu-y-fiu-adoptivu","status":"publish","type":"post","link":"https:\/\/edublog.educastur.es\/ixuxu\/2025\/09\/medayes-dasturies-y-de-los-titulos-de-fiu-predilectu-y-fiu-adoptivu\/","title":{"rendered":"Medayes d&#8217;Asturies y de los t\u00edtulos de F\u00edu Predilectu y F\u00edu Adoptivu"},"content":{"rendered":"<div class=\"html-div xdj266r x14z9mp xat24cr x1lziwak xexx8yu xyri2b x18d9i69 x1c1uobl\">\n<div class=\"html-div xdj266r x14z9mp x1lziwak x18d9i69 x1cy8zhl x78zum5 x1q0g3np xod5an3 xz9dl7a x1g0dm76 xpdmqnj\">\n<div class=\"html-div xdj266r x14z9mp xat24cr x1lziwak xexx8yu xyri2b x18d9i69 x1c1uobl x1iyjqo2 xeuugli\">\n<div class=\"x78zum5 xdt5ytf xz62fqu x16ldp7u\">\n<div class=\"xu06os2 x1ok221b\">\n<div class=\"html-div xdj266r x14z9mp xat24cr x1lziwak xexx8yu xyri2b x18d9i69 x1c1uobl\" data-ad-rendering-role=\"profile_name\">\n<ul>\n<li id=\"_r_de_\" class=\"html-h2 x14z9mp xat24cr x1lziwak xexx8yu xyri2b x18d9i69 x1c1uobl x1vvkbs x1heor9g x1qlqyl8 x1pd3egz x1a2a7pz x1gslohp x1yc453h\"><span class=\"x78zum5 x1q0g3np\"><span class=\"x1lliihq x6ikm8r x10wlt62 x1n2onr6 xlyipyv xuxw1ft\"><span class=\"xt0psk2\"><a class=\"x1i10hfl xjbqb8w x1ejq31n x18oe1m7 x1sy0etr xstzfhl x972fbf x10w94by x1qhh985 x14e42zd x9f619 x1ypdohk xt0psk2 x3ct3a4 xdj266r x14z9mp xat24cr x1lziwak xexx8yu xyri2b x18d9i69 x1c1uobl x16tdsg8 x1hl2dhg xggy1nq x1a2a7pz xkrqix3 x1sur9pj xzsf02u x1s688f\" role=\"link\" href=\"https:\/\/www.facebook.com\/RTPAoficial?__cft__[0]=AZV23ReRBmnFpYvvgHSU56OoafIQrU7r6XDdn7XMbHtdHJLuMnZ4xSB9YRDcnesF7iFw91PkEeh0PuMgTDVjD8ZU0ibMUvoyYPbbuYcWhYOt-O0MWdnAm4oM-OIXy3GfsRO4iC06LKQm9HrYc7YN1i5kjSjLJhPG10GV-vEofXEp4Ef2dpJFISOiPa90ak3XH-LNyUVLS0rAzYALrSK7oPXU&amp;__tn__=-UC%2CP-R\"><b class=\"html-b xdj266r x14z9mp xat24cr x1lziwak xexx8yu xyri2b x18d9i69 x1c1uobl x1hl2dhg x16tdsg8 x1vvkbs x1s688f\"><span class=\"html-span xdj266r x14z9mp xat24cr x1lziwak xexx8yu xyri2b x18d9i69 x1c1uobl x1hl2dhg x16tdsg8 x1vvkbs\">Radiotelevisi\u00f3n del Principado de Asturias<\/span><\/b><\/a><\/span><\/span><\/span><\/li>\n<li>\/ <a href=\"https:\/\/actualidad.asturias.es\/-\/barb%C3%B3n-reivindica-el-acuerdo-en-un-d%C3%ADa-para-alzar-la-vista-y-unirnos-en-grandes-objetivos-?redirect=%2F\">Actualid\u00e1 Asturies<\/a> \/Asturies apurre les sos medayes nel d\u00eda de la comunid\u00e1.<\/li>\n<\/ul>\n<\/div>\n<\/div>\n<div class=\"xu06os2 x1ok221b\">\n<div id=\"_r_df_\" class=\"html-div xdj266r x14z9mp xat24cr x1lziwak xexx8yu xyri2b x18d9i69 x1c1uobl x6s0dn4 x17zd0t2 x78zum5 x1q0g3np x1a02dak\">\n<div class=\"padding-t-0 padding-b-20\"><\/div>\n<div id=\"multimedia\" class=\"capa_imagen_player img-det-not\">\n<div id=\"mediaplayer\">\n<div id=\"video-a-reproducir2881392914\" class=\"video-js vjs-default-skin vjs-16-9 vjs-big-play-centered vjs-paused vjs-fluid video-a-reproducir2881392914-dimensions vjs-controls-enabled vjs-workinghover vjs-v8 vjs-user-active vjs-layout-medium vjs-hls-quality-selector\" lang=\"es\" role=\"region\" aria-label=\"Reproductor de Video\">\n<div class=\"vjs-poster\"><strong>Aplausu, reconocencia y grati\u00fad pola so trayectoria volcada en sirvir a los dem\u00e1s<\/strong>. Ye lo que recibieron esta tarde los galardonaos coles Medayes d&#8217;Asturies. Dos nun tuvieron presentes nel escenariu del Auditoriu d&#8217;Uvi\u00e9u, Antonio Trev\u00edn y Consuelo Busto de Bodegues Mayador, al morrer. Fueron los sos familiares, emocionaos, los encargaos de recibir el galard\u00f3n. Adriana Lastra fixo un llamamientu a la concordia y la unid\u00e1. <a href=\"https:\/\/actualidad.asturias.es\/es\/-\/el-gobierno-aprueba-las-medallas-de-asturias-de-2025-que-este-a\u00f1o-reconocen-la-vocaci\u00f3n-de-servicio-p\u00fablico-y-la-cultura-sidrera?redirect=%2Fes%2Fnoticias%3Fp_p_id%3Dcom_liferay_asset_publisher_web_portlet_AssetPublisherPortlet_INSTANCE_Pk4uPC5yniIC%26p_p_lifecycle%3D0%26p_p_state%3Dnormal%26p_p_mode%3Dview%26_com_liferay_asset_publisher_web_portlet_AssetPublisherPortlet_INSTANCE_Pk4uPC5yniIC_delta%3D10%26p_r_p_resetCur%3Dfalse%26_com_liferay_asset_publisher_web_portlet_AssetPublisherPortlet_INSTANCE_Pk4uPC5yniIC_cur%3D90\"><strong>Actualid\u00e1 Asturies<\/strong><\/a> Esta tarde, a les 17:30, en <span class=\"html-span xdj266r x14z9mp xat24cr x1lziwak xexx8yu xyri2b x18d9i69 x1c1uobl x1hl2dhg x16tdsg8 x1vvkbs\"><a class=\"x1i10hfl xjbqb8w x1ejq31n x18oe1m7 x1sy0etr xstzfhl x972fbf x10w94by x1qhh985 x14e42zd x9f619 x1ypdohk xt0psk2 x3ct3a4 xdj266r x14z9mp xat24cr x1lziwak xexx8yu xyri2b x18d9i69 x1c1uobl x16tdsg8 x1hl2dhg xggy1nq x1a2a7pz xkrqix3 x1sur9pj x1fey0fg x1s688f\" role=\"link\" href=\"https:\/\/www.facebook.com\/hashtag\/tpa?__eep__=6&amp;__cft__[0]=AZV23ReRBmnFpYvvgHSU56OoafIQrU7r6XDdn7XMbHtdHJLuMnZ4xSB9YRDcnesF7iFw91PkEeh0PuMgTDVjD8ZU0ibMUvoyYPbbuYcWhYOt-O0MWdnAm4oM-OIXy3GfsRO4iC06LKQm9HrYc7YN1i5kjSjLJhPG10GV-vEofXEp4Ef2dpJFISOiPa90ak3XH-LNyUVLS0rAzYALrSK7oPXU&amp;__tn__=*NK-R\">#TPA<\/a><\/span><\/div>\n<\/div>\n<\/div>\n<\/div>\n<\/div>\n<div style=\"text-align: center\"><a href=\"https:\/\/actualidad.asturias.es\/documents\/537115\/2792876\/2025_09_08+Presidente+entrega+medallas+15.jpg\/e9710355-2bb3-bf99-0388-e79462140674?t=1757358010154\"><img loading=\"lazy\" decoding=\"async\" class=\"aligncenter size-large\" src=\"https:\/\/actualidad.asturias.es\/documents\/537115\/2792876\/2025_09_08+Presidente+entrega+medallas+15.jpg\/e9710355-2bb3-bf99-0388-e79462140674?t=1757358010154\" width=\"5157\" height=\"3406\" \/><\/a><\/div>\n<div><\/div>\n<\/div>\n<div><\/div>\n<div>Los distingu\u00edos coles Medayes son el expresidente del Princip\u00e1u, <strong><span style=\"color: #008080\">Antonio Trev\u00edn<\/span><\/strong>, fin\u00e1u&#8217;l pas\u00e1u mes de xunetu; la que fuera presidenta de la empresa Manuel Bustu Amandi (Bodegues Mayador), <strong><span style=\"color: #008080\">Consuelo Busto Alonso<\/span><\/strong>, a t\u00edtulu p\u00f3stumu; el profesor de Llingua nel Institutu Elisa y Luis Villamil d&#8217;A Veiga y impulsor del Foru Comunicaci\u00f3n y Escuela,<strong><span style=\"color: #008080\"> Luis Felipe Fern\u00e1ndez Garc\u00eda<\/span><\/strong>; la presidenta d&#8217;honor de la Federaci\u00f3n d&#8217;Asociaciones de Mayores del Princip\u00e1u (Fampa), <strong><span style=\"color: #008080\">Dolores San Mart\u00edn San Jos\u00e9<\/span><\/strong>; y el profesor d&#8217;Hestoria Contemporanea de la Universid\u00e1 d&#8217;Uvi\u00e9u, que dirixe la C\u00e1tedra de la Sidra d&#8217;Asturies de la instituci\u00f3n acad\u00e9mica, <strong><span style=\"color: #008080\">Luis Benito Garc\u00eda \u00c1lvarez<\/span><\/strong>, son los galardonaos.<\/div>\n<div><strong><!--more--><\/strong><\/div>\n<div style=\"text-align: center\"><a href=\"https:\/\/actualidad.asturias.es\/documents\/537115\/2480370\/2024_04_07+Info+conjunta+medallas+Asturias.jpg\/02faf90f-1dff-3b79-9f53-3bc63505786f?t=1744015236405\"><img loading=\"lazy\" decoding=\"async\" class=\"aligncenter size-large\" src=\"https:\/\/actualidad.asturias.es\/documents\/537115\/2480370\/2024_04_07+Info+conjunta+medallas+Asturias.jpg\/02faf90f-1dff-3b79-9f53-3bc63505786f?t=1744015236405\" width=\"1840\" height=\"1080\" \/><\/a><\/div>\n<div>\n<p>Coles mesmes, el Gobiernu asturianu apurre los t\u00edtulos de <strong>f\u00edos predilectos y adoptivos.<\/strong> Nel primer bloque at\u00f3pase la fundadora d&#8217;Alpe Acondroplasia, <strong><span style=\"color: #008080\">Carmen Alonso<\/span><\/strong>, la vicepresidenta del Comit\u00e9 de Representantes de Persones con Discapacid\u00e1 (CERMI), <strong><span style=\"color: #008080\">M\u00f3nica Oviedo<\/span><\/strong>, y el lletr\u00e1u mayor de la Xunta Xeneral hasta l&#8217;a\u00f1u pas\u00e1u,<span style=\"color: #008080\"><strong> Alberto Pl\u00e1danu.<\/strong><\/span><\/p>\n<p>Na categor\u00eda de f\u00edos adoptivos figura&#8217;l ceador de la imaxe \u201cAsturies Para\u00edsu Natural\u201d, <span style=\"color: #008080\"><strong>Arcadi Moradell<\/strong><\/span>, y el exrector de la Universid\u00e1 d&#8217;Uvi\u00e9u y ciruxanu maxilofacial, <span style=\"color: #008080\"><strong>Juan Sebasti\u00e1n L\u00f3pez-Arranz.<\/strong><\/span><\/p>\n<\/div>\n<\/div>\n<\/div>\n<\/div>\n<\/div>\n<p style=\"text-align: center\"><a href=\"https:\/\/actualidad.asturias.es\/documents\/537115\/2793049\/2025_09_08+Presidente+entrega+medallas+13.jpg\/5e037b3d-2941-15d7-d334-0835570ecf46?t=1757357886836\"><img loading=\"lazy\" decoding=\"async\" class=\"aligncenter \" src=\"https:\/\/actualidad.asturias.es\/documents\/537115\/2793049\/2025_09_08+Presidente+entrega+medallas+13.jpg\/5e037b3d-2941-15d7-d334-0835570ecf46?t=1757357886836\" width=\"763\" height=\"503\" \/><\/a><\/p>\n<p>Luis Felipe Fern\u00e1ndez del Foru de Comunicaci\u00f3n, Dolores San Mart\u00edn de la Federaci\u00f3n de Mayores y Luis Benito Garc\u00eda, l\u2019impulsor de la reconocencia de la Unesco a la sidra, completen la n\u00f3mina de les medayes d&#8217;Asturies d&#8217;angua\u00f1o.<\/p>\n<p>Nel so discursu los galardonaos coles Medayes d&#8217;Asturies <strong>aprovecharon p\u2019agradecer, pero tami\u00e9n pa reivindicar<\/strong>. Eva Paredes, f\u00eda de Dolores San Mart\u00edn, reclam\u00f3 que non solo se curie a les persones mayores, sin\u00f3n que tami\u00e9n s\u2019escuchen y seyan parte de la vida social.<\/p>\n<p>Pela so parte, <strong>Luis Benito Garc\u00eda y Luis Felipe Fern\u00e1ndez<\/strong> defendieron el valir de les humanidaes y reivindicaron la ense\u00f1anza p\u00fablica como la fundamental nel mundu rural.<\/p>\n<p>La viuda del ex-presidente del Princip\u00e1u, Antonio Trev\u00edn, y el f\u00edu de la pionera nel sector sidreru Consuelo Busto, muerta en 2023, reivindicaron el so leg\u00e1u al recoyer los galardones.<\/p>\n<p>Y nesi actu, el presidente del Princip\u00e1u nel so discursu fal\u00f3 de consensu, del alcuerdu necesariu n&#8217;asuntos como la educaci\u00f3n, el financiamientu auton\u00f3micu o&#8217;l cuid\u00e1u del territoriu.<\/p>\n<p style=\"text-align: center\"><a href=\"https:\/\/actualidad.asturias.es\/documents\/537115\/2793049\/2025_09_08+Presidente+entrega+medallas+4.jpg\/49a5b592-6229-e2cf-0af1-d66bd44f313a?t=1757357886884\"><img loading=\"lazy\" decoding=\"async\" class=\"aligncenter \" src=\"https:\/\/actualidad.asturias.es\/documents\/537115\/2793049\/2025_09_08+Presidente+entrega+medallas+4.jpg\/49a5b592-6229-e2cf-0af1-d66bd44f313a?t=1757357886884\" width=\"692\" height=\"454\" \/><\/a><\/p>\n<p><strong>Arcadi Moradell, dise\u00f1ador del logo d&#8217;Asturies Para\u00edsu Natural<\/strong>, distingu\u00edu como F\u00edu Adoptivu d&#8217;Asturies, espres\u00f3&#8217;l so contentu por contribuyir a la crecedera de la tierra asturiana.<\/p>\n<p style=\"text-align: center\"><a href=\"https:\/\/actualidad.asturias.es\/documents\/537115\/2793049\/2025_09_08+Presidente+entrega+medallas+2.jpg\/c1e1975a-4999-8471-47b0-7569c5a58960?t=1757357886792\"><img loading=\"lazy\" decoding=\"async\" class=\"aligncenter size-large\" src=\"https:\/\/actualidad.asturias.es\/documents\/537115\/2793049\/2025_09_08+Presidente+entrega+medallas+2.jpg\/c1e1975a-4999-8471-47b0-7569c5a58960?t=1757357886792\" width=\"5472\" height=\"3343\" \/><\/a><\/p>\n<p><strong>Arcadi y Arranz, F\u00edos Adoptivos, espresaron el so contentu por contribuyir a Asturies.<\/strong><\/p>\n<p>Na ceremonia tami\u00e9n se reconoci\u00f3 a tres f\u00edos predilectos. Toos agradecieron el galard\u00f3n y una d&#8217;elles, la presidente de Cocemfe, <strong>M\u00f3nica Oviedo<\/strong>, reivindic\u00f3 una Asturies accesible.<\/p>\n<p>El tami\u00e9n F\u00edu Adoptivu, el ciruxanu y ex-rector de la Universid\u00e1 d&#8217;Uvi\u00e9u, <strong>Juan Sebasti\u00e1n L\u00f3pez-Arranz<\/strong>, punxo \u00e9nfasis nel so enfotu n&#8217;ameyorar la sanid\u00e1 y la universid\u00e1 asturianes.<\/p>\n<div class=\"html-div xdj266r x14z9mp xat24cr x1lziwak xexx8yu xyri2b x18d9i69 x1c1uobl\">\n<div class=\"html-div xdj266r x14z9mp xat24cr x1lziwak xexx8yu xyri2b x18d9i69 x1c1uobl\" dir=\"auto\">\n<div class=\"html-div xdj266r x14z9mp xat24cr x1lziwak xexx8yu xyri2b x18d9i69 x1c1uobl\" data-ad-rendering-role=\"story_message\">\n<div id=\"_r_dg_\" class=\"x1l90r2v x1iorvi4 x1g0dm76 xpdmqnj\" data-ad-comet-preview=\"message\" data-ad-preview=\"message\">\n<div class=\"x78zum5 xdt5ytf xz62fqu x16ldp7u\">\n<div class=\"xu06os2 x1ok221b\">\n<div dir=\"auto\"><\/div>\n<div class=\"html-div xdj266r x14z9mp xat24cr x1lziwak xexx8yu xyri2b x18d9i69 x1c1uobl\">\n<div class=\"xdj266r x14z9mp xat24cr x1lziwak x1vvkbs x126k92a\">\n<div dir=\"auto\" style=\"text-align: center\">\n<!-- iframe plugin v.6.0 wordpress.org\/plugins\/iframe\/ -->\n<iframe loading=\"lazy\" width=\"646\" height=\"366\" src=\"https:\/\/www.youtube.com\/embed\/e6Bw_gBuIuM\" title=\"Medallas de Asturias 2025\" frameborder=\"0\" allow=\"accelerometer; autoplay; clipboard-write; encrypted-media; gyroscope; picture-in-picture; web-share\" referrerpolicy=\"strict-origin-when-cross-origin\" 0=\"allowfullscreen\" 1=\"\/iframe\" scrolling=\"yes\" class=\"iframe-class\"><\/iframe>\n<\/div>\n<\/div>\n<\/div>\n<\/div>\n<\/div>\n<\/div>\n<\/div>\n<\/div>\n<\/div>\n","protected":false},"excerpt":{"rendered":"<p>Radiotelevisi\u00f3n del Principado de Asturias \/ Actualid\u00e1 Asturies \/Asturies apurre les sos medayes nel d\u00eda de la comunid\u00e1. Aplausu, reconocencia y grati\u00fad pola so trayectoria volcada en sirvir a los dem\u00e1s. Ye lo que recibieron esta tarde los galardonaos coles Medayes d&#8217;Asturies. Dos nun tuvieron presentes nel escenariu del Auditoriu d&#8217;Uvi\u00e9u, Antonio Trev\u00edn y Consuelo [&hellip;]<\/p>\n","protected":false},"author":117,"featured_media":0,"comment_status":"closed","ping_status":"open","sticky":false,"template":"","format":"standard","meta":{"footnotes":""},"categories":[58],"tags":[],"class_list":["post-57269","post","type-post","status-publish","format-standard","hentry","category-premios"],"_links":{"self":[{"href":"https:\/\/edublog.educastur.es\/ixuxu\/wp-json\/wp\/v2\/posts\/57269","targetHints":{"allow":["GET"]}}],"collection":[{"href":"https:\/\/edublog.educastur.es\/ixuxu\/wp-json\/wp\/v2\/posts"}],"about":[{"href":"https:\/\/edublog.educastur.es\/ixuxu\/wp-json\/wp\/v2\/types\/post"}],"author":[{"embeddable":true,"href":"https:\/\/edublog.educastur.es\/ixuxu\/wp-json\/wp\/v2\/users\/117"}],"replies":[{"embeddable":true,"href":"https:\/\/edublog.educastur.es\/ixuxu\/wp-json\/wp\/v2\/comments?post=57269"}],"version-history":[{"count":7,"href":"https:\/\/edublog.educastur.es\/ixuxu\/wp-json\/wp\/v2\/posts\/57269\/revisions"}],"predecessor-version":[{"id":57380,"href":"https:\/\/edublog.educastur.es\/ixuxu\/wp-json\/wp\/v2\/posts\/57269\/revisions\/57380"}],"wp:attachment":[{"href":"https:\/\/edublog.educastur.es\/ixuxu\/wp-json\/wp\/v2\/media?parent=57269"}],"wp:term":[{"taxonomy":"category","embeddable":true,"href":"https:\/\/edublog.educastur.es\/ixuxu\/wp-json\/wp\/v2\/categories?post=57269"},{"taxonomy":"post_tag","embeddable":true,"href":"https:\/\/edublog.educastur.es\/ixuxu\/wp-json\/wp\/v2\/tags?post=57269"}],"curies":[{"name":"wp","href":"https:\/\/api.w.org\/{rel}","templated":true}]}}