{"id":57288,"date":"2025-09-07T16:00:05","date_gmt":"2025-09-07T14:00:05","guid":{"rendered":"https:\/\/edublog.educastur.es\/ixuxu\/?p=57288"},"modified":"2025-09-08T19:17:38","modified_gmt":"2025-09-08T17:17:38","slug":"bimenes-y-cabranes-celebren-el-dia-dasturies","status":"publish","type":"post","link":"https:\/\/edublog.educastur.es\/ixuxu\/2025\/09\/bimenes-y-cabranes-celebren-el-dia-dasturies\/","title":{"rendered":"Bimenes y Cabranes celebren el D\u00eda d&#8217;Asturies"},"content":{"rendered":"<p><a href=\"https:\/\/www.rtpa.es\/fotos\/\/25\/09\/20250907155228_RTPA7073602.webp\">TPA<\/a> \/<\/p>\n<p style=\"text-align: center\"><a href=\"https:\/\/www.rtpa.es\/fotos\/\/25\/09\/20250907155228_RTPA7073602.webp\"><img loading=\"lazy\" decoding=\"async\" class=\"aligncenter size-large\" src=\"https:\/\/www.rtpa.es\/fotos\/\/25\/09\/20250907155228_RTPA7073602.webp\" width=\"853\" height=\"480\" \/><\/a><\/p>\n<p class=\"font-size-m padding-b-20 font-weight-b margin-t-16\">Nava sedr\u00e1 ma\u00f1ana&#8217;l broche final a cuatro d\u00edes de celebraciones. Les visites teatralizaes y puertes abiertes nel Palaciu de Martimporra supunxeron l\u2019arranque de la fiesta. Compartieron protagonismu coles demostraciones de valtu, la llucha tradicional asturiana que se busca recuperar como deporte apunta Iv\u00e1n \u00c1lvarez, responsable de la Federaci\u00f3n Asturiana de Llucha Valtu.<\/p>\n<p><!--more--><\/p>\n<p>Pela ma\u00f1ana en Cabranes, m\u00e1s d\u2019un centenar de botelles de sidra, una ventena de fontes d\u2019arroz con lleche requemao y diez boro\u00f1es protagonizaron la preva aseguren Mariv\u00ed Chus, vecina de Xix\u00f3n; Chelo Velasco, ellaboradora del arroz con lleche; y Salvador Chus, vec\u00edn de Xix\u00f3n.<\/p>\n<p>Y brillaron los 30 traxes cabraniegos tradicionales xuntos per primer vegada apunta Enedina Rodr\u00edguez, art\u00edfice de los traxes tradicionales cabraniegos.<\/p>\n<p>Un conceyu que medra y desestacionaliza\u2019l so turismu, como les visites al so Mus\u00e9u de la Escuela Rural que cunt\u00f3 con puertes abiertes se\u00f1ala Loli Fabi\u00e1n, responsable del Mus\u00e9u de la Escuela Rural,<\/p>\n<p>La verbena yerbata esta nueche cuerre al cargu de Domin\u00f3 y Nava sedr\u00e1 ma\u00f1ana\u2019l broche final a cuatro d\u00edes de celebraciones.<\/p>\n","protected":false},"excerpt":{"rendered":"<p>TPA \/ Nava sedr\u00e1 ma\u00f1ana&#8217;l broche final a cuatro d\u00edes de celebraciones. Les visites teatralizaes y puertes abiertes nel Palaciu de Martimporra supunxeron l\u2019arranque de la fiesta. Compartieron protagonismu coles demostraciones de valtu, la llucha tradicional asturiana que se busca recuperar como deporte apunta Iv\u00e1n \u00c1lvarez, responsable de la Federaci\u00f3n Asturiana de Llucha Valtu.<\/p>\n","protected":false},"author":117,"featured_media":0,"comment_status":"closed","ping_status":"open","sticky":false,"template":"","format":"standard","meta":{"footnotes":""},"categories":[6],"tags":[],"class_list":["post-57288","post","type-post","status-publish","format-standard","hentry","category-dia-de"],"_links":{"self":[{"href":"https:\/\/edublog.educastur.es\/ixuxu\/wp-json\/wp\/v2\/posts\/57288","targetHints":{"allow":["GET"]}}],"collection":[{"href":"https:\/\/edublog.educastur.es\/ixuxu\/wp-json\/wp\/v2\/posts"}],"about":[{"href":"https:\/\/edublog.educastur.es\/ixuxu\/wp-json\/wp\/v2\/types\/post"}],"author":[{"embeddable":true,"href":"https:\/\/edublog.educastur.es\/ixuxu\/wp-json\/wp\/v2\/users\/117"}],"replies":[{"embeddable":true,"href":"https:\/\/edublog.educastur.es\/ixuxu\/wp-json\/wp\/v2\/comments?post=57288"}],"version-history":[{"count":1,"href":"https:\/\/edublog.educastur.es\/ixuxu\/wp-json\/wp\/v2\/posts\/57288\/revisions"}],"predecessor-version":[{"id":57289,"href":"https:\/\/edublog.educastur.es\/ixuxu\/wp-json\/wp\/v2\/posts\/57288\/revisions\/57289"}],"wp:attachment":[{"href":"https:\/\/edublog.educastur.es\/ixuxu\/wp-json\/wp\/v2\/media?parent=57288"}],"wp:term":[{"taxonomy":"category","embeddable":true,"href":"https:\/\/edublog.educastur.es\/ixuxu\/wp-json\/wp\/v2\/categories?post=57288"},{"taxonomy":"post_tag","embeddable":true,"href":"https:\/\/edublog.educastur.es\/ixuxu\/wp-json\/wp\/v2\/tags?post=57288"}],"curies":[{"name":"wp","href":"https:\/\/api.w.org\/{rel}","templated":true}]}}