{"id":573,"date":"2020-05-10T08:16:13","date_gmt":"2020-05-10T08:16:13","guid":{"rendered":"https:\/\/edublog.educastur.es\/ixuxu\/?p=573"},"modified":"2020-08-24T20:18:51","modified_gmt":"2020-08-24T20:18:51","slug":"plantanimals-cuento-prestoso-en-castellan","status":"publish","type":"post","link":"https:\/\/edublog.educastur.es\/ixuxu\/2020\/05\/plantanimals-cuento-prestoso-en-castellan\/","title":{"rendered":"\u201cPlant\u00e1nimals\u201d cuento prestoso en castell\u00e1n"},"content":{"rendered":"<div class=\"entry\">\n<p><em>Nesti blogue tami\u00e9n encamentamos cuentos en castell\u00e1n que consideramos d\u00b4inter\u00e9s\u2026<\/em><\/p>\n<p><a href=\"https:\/\/editorialsentir.com\/wp-content\/uploads\/2019\/12\/coberta-3D-cast_emocipediaweb.png\" target=\"_blank\" rel=\"noopener noreferrer\"><img loading=\"lazy\" decoding=\"async\" class=\"\" src=\"https:\/\/editorialsentir.com\/wp-content\/uploads\/2019\/12\/coberta-3D-cast_emocipediaweb.png\" width=\"396\" height=\"328\" \/><\/a><\/p>\n<ul>\n<li>\n<p align=\"left\"><span style=\"font-size: 20px\">T\u00edtulu: <strong><em><span style=\"color: #003300\">\u201cPlant\u00e1nimals\u201d <\/span><\/em><\/strong><strong><em><span style=\"color: #003300\">La emocipedia infantil<\/span><\/em><\/strong><\/span><\/p>\n<p>&nbsp;<\/li>\n<li>Testu: <strong><em><a href=\"http:\/\/mercedesbermejo.com\/\" target=\"_blank\" rel=\"noopener noreferrer\">Mercedes Bermejo<\/a><\/em><\/strong><\/li>\n<li>Dibuxos: Andr\u00e9s Pab\u00f3n<\/li>\n<li>P\u00e1xines. 36\u00a0 (20,5 x 20,5 cms)<\/li>\n<li>Editorial: Sentir <a href=\"https:\/\/editorialsentir.com\/plantanimals-la-emocipedia-infantil\/\" target=\"_blank\" rel=\"noopener noreferrer\">(ver ficha)<\/a><\/li>\n<li>ISBN: 978-84-26727435<\/li>\n<li>PVP: 11,95 \u20ac<\/li>\n<li><img loading=\"lazy\" decoding=\"async\" class=\"\" src=\"https:\/\/www.diariodemallorca.es\/noticias-hoy\/img\/gestionando-hijos.jpg\" width=\"251\" height=\"56\" \/><\/li>\n<li><a href=\"https:\/\/www.diariodemallorca.es\/sociedad\/2020\/04\/17\/cuento-plantanimals-rafa-guerrero\/1503104.html\" target=\"_blank\" rel=\"noopener noreferrer\"><strong><em>Recomendaci\u00f3n <\/em><\/strong>(ver art\u00edculu)<\/a><\/li>\n<li><em>\u00bfTe gusten los animales? \u00bfY les plantes? \u00bfSabes qu\u2019hai unos seres que son met\u00e1 llantes met\u00e1 animales que representen les emociones? \u00bfQuies conocer a los plant\u00e1nimals con Martina y Marcos?<br \/>\n<span style=\"color: #003300\">Ellos te van ense\u00f1ar a conocer les emociones, saber espresales y entendeles.<a href=\"https:\/\/youtu.be\/L6BU-krfvi0\"> Ver videu.<\/a> Nacho, el f\u00edu de <a href=\"http:\/\/darwinpsicologos.com\/rafael-guerrero-tomas\" target=\"_blank\" rel=\"noopener noreferrer\"><u>Rafa Guerrero<\/u><\/a>, t\u00e1 entusiasm\u00e1u\u2026<br \/>\n<\/span><\/em><\/li>\n<\/ul>\n\n<!-- iframe plugin v.6.0 wordpress.org\/plugins\/iframe\/ -->\n<iframe loading=\"lazy\" width=\"588\" height=\"331\" src=\"https:\/\/www.youtube.com\/embed\/L6BU-krfvi0\" scrolling=\"yes\" class=\"iframe-class\" frameborder=\"0\"><\/iframe>\n\n<\/div>\n","protected":false},"excerpt":{"rendered":"<p>Nesti blogue tami\u00e9n encamentamos cuentos en castell\u00e1n que consideramos d\u00b4inter\u00e9s\u2026 T\u00edtulu: \u201cPlant\u00e1nimals\u201d La emocipedia infantil &nbsp; Testu: Mercedes Bermejo Dibuxos: Andr\u00e9s Pab\u00f3n P\u00e1xines. 36\u00a0 (20,5 x 20,5 cms) Editorial: Sentir (ver ficha) ISBN: 978-84-26727435 PVP: 11,95 \u20ac Recomendaci\u00f3n (ver art\u00edculu) \u00bfTe gusten los animales? \u00bfY les plantes? \u00bfSabes qu\u2019hai unos seres que son met\u00e1 llantes [&hellip;]<\/p>\n","protected":false},"author":117,"featured_media":0,"comment_status":"closed","ping_status":"open","sticky":false,"template":"","format":"standard","meta":{"footnotes":""},"categories":[7,10],"tags":[],"class_list":["post-573","post","type-post","status-publish","format-standard","hentry","category-cuentos","category-llibros-reciella"],"_links":{"self":[{"href":"https:\/\/edublog.educastur.es\/ixuxu\/wp-json\/wp\/v2\/posts\/573","targetHints":{"allow":["GET"]}}],"collection":[{"href":"https:\/\/edublog.educastur.es\/ixuxu\/wp-json\/wp\/v2\/posts"}],"about":[{"href":"https:\/\/edublog.educastur.es\/ixuxu\/wp-json\/wp\/v2\/types\/post"}],"author":[{"embeddable":true,"href":"https:\/\/edublog.educastur.es\/ixuxu\/wp-json\/wp\/v2\/users\/117"}],"replies":[{"embeddable":true,"href":"https:\/\/edublog.educastur.es\/ixuxu\/wp-json\/wp\/v2\/comments?post=573"}],"version-history":[{"count":2,"href":"https:\/\/edublog.educastur.es\/ixuxu\/wp-json\/wp\/v2\/posts\/573\/revisions"}],"predecessor-version":[{"id":575,"href":"https:\/\/edublog.educastur.es\/ixuxu\/wp-json\/wp\/v2\/posts\/573\/revisions\/575"}],"wp:attachment":[{"href":"https:\/\/edublog.educastur.es\/ixuxu\/wp-json\/wp\/v2\/media?parent=573"}],"wp:term":[{"taxonomy":"category","embeddable":true,"href":"https:\/\/edublog.educastur.es\/ixuxu\/wp-json\/wp\/v2\/categories?post=573"},{"taxonomy":"post_tag","embeddable":true,"href":"https:\/\/edublog.educastur.es\/ixuxu\/wp-json\/wp\/v2\/tags?post=573"}],"curies":[{"name":"wp","href":"https:\/\/api.w.org\/{rel}","templated":true}]}}