{"id":57321,"date":"2025-09-06T10:00:38","date_gmt":"2025-09-06T08:00:38","guid":{"rendered":"https:\/\/edublog.educastur.es\/ixuxu\/?p=57321"},"modified":"2025-09-08T20:09:06","modified_gmt":"2025-09-08T18:09:06","slug":"los-alumnos-duvieu-disenen-el-so-propiu-xuegu-de-mesa-por-una-bona-causa","status":"publish","type":"post","link":"https:\/\/edublog.educastur.es\/ixuxu\/2025\/09\/los-alumnos-duvieu-disenen-el-so-propiu-xuegu-de-mesa-por-una-bona-causa\/","title":{"rendered":"Los alumnos d&#8217;Uvi\u00e9u dise\u00f1en el so propiu xuegu de mesa por una bona causa"},"content":{"rendered":"<p style=\"text-align: center\"><a href=\"https:\/\/estaticos-cdn.prensaiberica.es\/clip\/d10cd321-bc66-4a0c-85e3-9ccdd1fdeb2e_16-9-aspect-ratio_default_0.webp\"><img loading=\"lazy\" decoding=\"async\" class=\"aligncenter size-large\" src=\"https:\/\/estaticos-cdn.prensaiberica.es\/clip\/d10cd321-bc66-4a0c-85e3-9ccdd1fdeb2e_16-9-aspect-ratio_default_0.webp\" width=\"880\" height=\"495\" \/><\/a><\/p>\n<p>Los alumnos d&#8217;Uvi\u00e9u dise\u00f1en el so propiu xuegu de mesa por una bona causa. Alumnos<span style=\"color: #008080\"><strong> de quintu y sestu de Primaria del conceyu<\/strong><\/span> van ellaborar un xuegu de mesa para sopelexar la candidatura a <strong><span style=\"color: #008080\">Capital Europea de la Cultura<\/span><\/strong>.<a href=\"https:\/\/www.lne.es\/oviedo\/2025\/09\/06\/alumnos-oviedo-disenan-propio-juego-121289796.html?utm_content=imagen&amp;utm_medium=social&amp;utm_campaign=echobox&amp;utm_source=Facebook&amp;fbclid=IwY2xjawMr-mxleHRuA2FlbQIxMABicmlkETFCSjJmVWMyaXpOTGFhWkhKAR69YrSHOTOEM7pGn0Qu3xr7R2bS_fSgU9ybuzEhRpSJXkSShVkL_4BfH6d22A_aem_k9zH1p0GOjwqhQNZGX_vSg#Echobox=1757142620\"> LNE<\/a><\/p>\n<p>A la derecha, en primer t\u00e9rminu, Zoe L\u00f3pez, miembru del equipu de la Capitalidad Europea 2031; la concejala d&#8217;Educaci\u00f3n y Sal\u00fa P\u00fablica, Lourdes Garc\u00eda y Azucena Fern\u00e1ndez, directora del colexu Germ\u00e1n Fern\u00e1ndez Ramos. Frente a elles, en primer t\u00e9rminu, Manuel Men\u00e9ndez, t\u00e9cnicu de la conceyal\u00eda d&#8217;Educaci\u00f3n y (tap\u00e1u) F\u00e9lix Jim\u00e9nez, responsable de la empresa Desconectando.<\/p>\n<p>La candidatura d&#8217;Uvi\u00e9u a Capital Europea de la Cultura en 2031 caltien la so fueya de ruta escontra la consecuci\u00f3n del t\u00edtulu arreyando nel proyectu al mayor n\u00famberu de colectivos posible. Agora que tornen la clases, ye la vez de cuntar colos colexos de la ciud\u00e1 para contribuyir al espardimientu de la candidatura uvieina. Alumnos d&#8217;ente diez y dolce a\u00f1os de distintos centros, esto ye, de quintu y sestu de Primaria, van participar nun proyectu que combina lo pedag\u00f3xico colo l\u00fadico y van ellaborar un xuegu de mesa en redol nala Capitalidad Europea de la Cultura.<\/p>\n<p>&nbsp;<\/p>\n","protected":false},"excerpt":{"rendered":"<p>Los alumnos d&#8217;Uvi\u00e9u dise\u00f1en el so propiu xuegu de mesa por una bona causa. Alumnos de quintu y sestu de Primaria del conceyu van ellaborar un xuegu de mesa para sopelexar la candidatura a Capital Europea de la Cultura. LNE A la derecha, en primer t\u00e9rminu, Zoe L\u00f3pez, miembru del equipu de la Capitalidad Europea [&hellip;]<\/p>\n","protected":false},"author":117,"featured_media":0,"comment_status":"closed","ping_status":"open","sticky":false,"template":"","format":"standard","meta":{"footnotes":""},"categories":[33,104],"tags":[],"class_list":["post-57321","post","type-post","status-publish","format-standard","hentry","category-uvieu","category-xuegos"],"_links":{"self":[{"href":"https:\/\/edublog.educastur.es\/ixuxu\/wp-json\/wp\/v2\/posts\/57321","targetHints":{"allow":["GET"]}}],"collection":[{"href":"https:\/\/edublog.educastur.es\/ixuxu\/wp-json\/wp\/v2\/posts"}],"about":[{"href":"https:\/\/edublog.educastur.es\/ixuxu\/wp-json\/wp\/v2\/types\/post"}],"author":[{"embeddable":true,"href":"https:\/\/edublog.educastur.es\/ixuxu\/wp-json\/wp\/v2\/users\/117"}],"replies":[{"embeddable":true,"href":"https:\/\/edublog.educastur.es\/ixuxu\/wp-json\/wp\/v2\/comments?post=57321"}],"version-history":[{"count":3,"href":"https:\/\/edublog.educastur.es\/ixuxu\/wp-json\/wp\/v2\/posts\/57321\/revisions"}],"predecessor-version":[{"id":57323,"href":"https:\/\/edublog.educastur.es\/ixuxu\/wp-json\/wp\/v2\/posts\/57321\/revisions\/57323"}],"wp:attachment":[{"href":"https:\/\/edublog.educastur.es\/ixuxu\/wp-json\/wp\/v2\/media?parent=57321"}],"wp:term":[{"taxonomy":"category","embeddable":true,"href":"https:\/\/edublog.educastur.es\/ixuxu\/wp-json\/wp\/v2\/categories?post=57321"},{"taxonomy":"post_tag","embeddable":true,"href":"https:\/\/edublog.educastur.es\/ixuxu\/wp-json\/wp\/v2\/tags?post=57321"}],"curies":[{"name":"wp","href":"https:\/\/api.w.org\/{rel}","templated":true}]}}