{"id":57345,"date":"2025-09-09T10:30:02","date_gmt":"2025-09-09T08:30:02","guid":{"rendered":"https:\/\/edublog.educastur.es\/ixuxu\/?p=57345"},"modified":"2025-09-09T13:06:02","modified_gmt":"2025-09-09T11:06:02","slug":"les-xornaes-del-comic-naviles-celebren-los-sos-30-anos-de-vinetes","status":"publish","type":"post","link":"https:\/\/edublog.educastur.es\/ixuxu\/2025\/09\/les-xornaes-del-comic-naviles-celebren-los-sos-30-anos-de-vinetes\/","title":{"rendered":"Les Xornaes del C\u00f3mic n&#8217;Avil\u00e9s celebren los sos 30 a\u00f1os de vi\u00f1etes"},"content":{"rendered":"<p>L&#8217;eventu vuelve celebrase n&#8217;Avil\u00e9s del 9 al 13 de setiembre col guionista Garth Ennis, estrella de Marvel, como cabeza de cartel. Les Xornaes del C\u00f3mic d&#8217;Avil\u00e9s<strong> van celebrar el so trenta aniversariu ente los d\u00edes 9 y 13 de setiembre<\/strong> lo que vuelve dexar de manifiestu que se convirti\u00f3 en tou un referente ineludible nel panorama nacional del mundu de la historieta y que se trata, am\u00e1s, d&#8217;un eventu veteranu que nun falt\u00f3 neng\u00fan a\u00f1u a la so cita colos avilesinos. <a href=\"https:\/\/www.elcomercio.es\/aviles\/jornadas-comic-aviles-celebran-anos-vinetas-20250905232057-nt.html\">El Comercio<\/a><\/p>\n<p style=\"text-align: center\"><a href=\"https:\/\/s1.ppllstatics.com\/elcomercio\/www\/multimedia\/2025\/09\/04\/108198108-kHgH--1200x840@El%20Comercio.jpg\"><img loading=\"lazy\" decoding=\"async\" class=\"aligncenter size-large\" src=\"https:\/\/s1.ppllstatics.com\/elcomercio\/www\/multimedia\/2025\/09\/04\/108198108-kHgH--1200x840@El%20Comercio.jpg\" width=\"1200\" height=\"840\" \/><\/a><\/p>\n<p>\u00a0Jorge Iv\u00e1n Argiz, codirector del eventu, destac\u00f3&#8217;l calter internacional del eventu, \u00abcon autores orixinarios de seis pa\u00edses distintos que van dar charres bien interesantes, van participar en meses redondes, van presentar y van protagonizar firmes na que los autores van dedicar exemplares de les sos obres y van interactuar col so p\u00fablicu\u00bb.<\/p>\n","protected":false},"excerpt":{"rendered":"<p>L&#8217;eventu vuelve celebrase n&#8217;Avil\u00e9s del 9 al 13 de setiembre col guionista Garth Ennis, estrella de Marvel, como cabeza de cartel. Les Xornaes del C\u00f3mic d&#8217;Avil\u00e9s van celebrar el so trenta aniversariu ente los d\u00edes 9 y 13 de setiembre lo que vuelve dexar de manifiestu que se convirti\u00f3 en tou un referente ineludible nel [&hellip;]<\/p>\n","protected":false},"author":117,"featured_media":0,"comment_status":"closed","ping_status":"open","sticky":false,"template":"","format":"standard","meta":{"footnotes":""},"categories":[57],"tags":[],"class_list":["post-57345","post","type-post","status-publish","format-standard","hentry","category-comic"],"_links":{"self":[{"href":"https:\/\/edublog.educastur.es\/ixuxu\/wp-json\/wp\/v2\/posts\/57345","targetHints":{"allow":["GET"]}}],"collection":[{"href":"https:\/\/edublog.educastur.es\/ixuxu\/wp-json\/wp\/v2\/posts"}],"about":[{"href":"https:\/\/edublog.educastur.es\/ixuxu\/wp-json\/wp\/v2\/types\/post"}],"author":[{"embeddable":true,"href":"https:\/\/edublog.educastur.es\/ixuxu\/wp-json\/wp\/v2\/users\/117"}],"replies":[{"embeddable":true,"href":"https:\/\/edublog.educastur.es\/ixuxu\/wp-json\/wp\/v2\/comments?post=57345"}],"version-history":[{"count":3,"href":"https:\/\/edublog.educastur.es\/ixuxu\/wp-json\/wp\/v2\/posts\/57345\/revisions"}],"predecessor-version":[{"id":57351,"href":"https:\/\/edublog.educastur.es\/ixuxu\/wp-json\/wp\/v2\/posts\/57345\/revisions\/57351"}],"wp:attachment":[{"href":"https:\/\/edublog.educastur.es\/ixuxu\/wp-json\/wp\/v2\/media?parent=57345"}],"wp:term":[{"taxonomy":"category","embeddable":true,"href":"https:\/\/edublog.educastur.es\/ixuxu\/wp-json\/wp\/v2\/categories?post=57345"},{"taxonomy":"post_tag","embeddable":true,"href":"https:\/\/edublog.educastur.es\/ixuxu\/wp-json\/wp\/v2\/tags?post=57345"}],"curies":[{"name":"wp","href":"https:\/\/api.w.org\/{rel}","templated":true}]}}