{"id":57347,"date":"2025-09-09T08:31:21","date_gmt":"2025-09-09T06:31:21","guid":{"rendered":"https:\/\/edublog.educastur.es\/ixuxu\/?p=57347"},"modified":"2025-09-09T10:33:29","modified_gmt":"2025-09-09T08:33:29","slug":"el-tiempu-el-comercio-132","status":"publish","type":"post","link":"https:\/\/edublog.educastur.es\/ixuxu\/2025\/09\/el-tiempu-el-comercio-132\/","title":{"rendered":"El tiempu (El Comercio)"},"content":{"rendered":"<p style=\"text-align: center\"><a href=\"https:\/\/s1.ppllstatics.com\/elcomercio\/www\/multimedia\/2025\/09\/08\/prevision-tiempo-asturias-kdME-U2302588077118HVD-1200x870@El%20Comercio.jpg\"><img loading=\"lazy\" decoding=\"async\" class=\"aligncenter size-large\" src=\"https:\/\/s1.ppllstatics.com\/elcomercio\/www\/multimedia\/2025\/09\/08\/prevision-tiempo-asturias-kdME-U2302588077118HVD-1200x870@El%20Comercio.jpg\" width=\"1200\" height=\"870\" \/><\/a><\/p>\n<p>Esperamos<strong> una ma\u00f1ana<\/strong> soleyera en tol Princip\u00e1u d&#8217;Asturies previu al pasu d&#8217;un frente pocu activu que se preve que va llegar antes de concluyir el d\u00eda. Poro, vamos esfrutar d&#8217;una ma\u00f1ana nel que los cielos van tar azules y, gracies a el protagonismu del sol, <strong>les temperatures<\/strong> van recuperase tres el descensu esperiment\u00e1u&#8217;l llunes.<strong> Les temperatures<\/strong> van xubir unos 4 o 5 \u00baC en gran parte de la Comunid\u00e1, a esceici\u00f3n del suroccidente onde nun van esperimentar cambeos y de la mari\u00f1a onde l&#8217;ascensu va ser m\u00e1s llixeru. <strong>Les temperatures m\u00ednimes<\/strong> van ser 1 o 2 \u00baC m\u00e1s baxes. <strong>Los vientos<\/strong> van soplar de componente oeste fluexos con delles qu&#8217;otres raches moderaes nel sector oeste. <strong>A lo llargo de la tarde<\/strong>&#8216;l tiempu dir\u00e1 complic\u00e1ndose pol lladral occidental cuidao que van entrar nubes y prevese que dexen precipitaciones a lo llargo de la tarde-nueche especialmente. Ye posible que l&#8217;oriente ent\u00e1 se llibre d&#8217;estes nubes y, de xuru, de les ag\u00fces por cuenta de que&#8217;l frente podr\u00eda dir perdiendo fuerza al tocar tierra.<strong> El mi\u00e9rcoles<\/strong>, sicas\u00ed, va llegar una masa d&#8217;ag\u00fces que va dir acompa\u00f1ada d&#8217;un descensu t\u00e9rmicu importante.<\/p>\n","protected":false},"excerpt":{"rendered":"<p>Esperamos una ma\u00f1ana soleyera en tol Princip\u00e1u d&#8217;Asturies previu al pasu d&#8217;un frente pocu activu que se preve que va llegar antes de concluyir el d\u00eda. Poro, vamos esfrutar d&#8217;una ma\u00f1ana nel que los cielos van tar azules y, gracies a el protagonismu del sol, les temperatures van recuperase tres el descensu esperiment\u00e1u&#8217;l llunes. Les [&hellip;]<\/p>\n","protected":false},"author":117,"featured_media":0,"comment_status":"closed","ping_status":"open","sticky":false,"template":"","format":"standard","meta":{"footnotes":""},"categories":[5],"tags":[],"class_list":["post-57347","post","type-post","status-publish","format-standard","hentry","category-tiempu"],"_links":{"self":[{"href":"https:\/\/edublog.educastur.es\/ixuxu\/wp-json\/wp\/v2\/posts\/57347","targetHints":{"allow":["GET"]}}],"collection":[{"href":"https:\/\/edublog.educastur.es\/ixuxu\/wp-json\/wp\/v2\/posts"}],"about":[{"href":"https:\/\/edublog.educastur.es\/ixuxu\/wp-json\/wp\/v2\/types\/post"}],"author":[{"embeddable":true,"href":"https:\/\/edublog.educastur.es\/ixuxu\/wp-json\/wp\/v2\/users\/117"}],"replies":[{"embeddable":true,"href":"https:\/\/edublog.educastur.es\/ixuxu\/wp-json\/wp\/v2\/comments?post=57347"}],"version-history":[{"count":2,"href":"https:\/\/edublog.educastur.es\/ixuxu\/wp-json\/wp\/v2\/posts\/57347\/revisions"}],"predecessor-version":[{"id":57349,"href":"https:\/\/edublog.educastur.es\/ixuxu\/wp-json\/wp\/v2\/posts\/57347\/revisions\/57349"}],"wp:attachment":[{"href":"https:\/\/edublog.educastur.es\/ixuxu\/wp-json\/wp\/v2\/media?parent=57347"}],"wp:term":[{"taxonomy":"category","embeddable":true,"href":"https:\/\/edublog.educastur.es\/ixuxu\/wp-json\/wp\/v2\/categories?post=57347"},{"taxonomy":"post_tag","embeddable":true,"href":"https:\/\/edublog.educastur.es\/ixuxu\/wp-json\/wp\/v2\/tags?post=57347"}],"curies":[{"name":"wp","href":"https:\/\/api.w.org\/{rel}","templated":true}]}}