{"id":57354,"date":"2025-09-09T09:00:24","date_gmt":"2025-09-09T07:00:24","guid":{"rendered":"https:\/\/edublog.educastur.es\/ixuxu\/?p=57354"},"modified":"2025-09-09T13:17:38","modified_gmt":"2025-09-09T11:17:38","slug":"un-total-de-98-719-estudiantes-empecipia-guei-el-cursu-escolar-nasturies","status":"publish","type":"post","link":"https:\/\/edublog.educastur.es\/ixuxu\/2025\/09\/un-total-de-98-719-estudiantes-empecipia-guei-el-cursu-escolar-nasturies\/","title":{"rendered":"Un total de 98.719 estudiantes empecipia g\u00fcei el cursu escolar n&#8217;Asturies"},"content":{"rendered":"<p style=\"text-align: center\"><a href=\"https:\/\/actualidad.asturias.es\/documents\/537115\/2794268\/2025_09_09+IES+Margarita+Salas+1.jpg\/cfea982e-ff2c-45b2-cad6-3846c54d41bf?t=1757415690742\"><img loading=\"lazy\" decoding=\"async\" class=\"aligncenter \" src=\"https:\/\/actualidad.asturias.es\/documents\/537115\/2794268\/2025_09_09+IES+Margarita+Salas+1.jpg\/cfea982e-ff2c-45b2-cad6-3846c54d41bf?t=1757415690742\" width=\"932\" height=\"699\" \/><\/a><\/p>\n<p>Un total de 98.719 estudiantes empecipia g\u00fcei el cursu escolar n&#8217;Asturies, que sigue amont\u00e1u&#8217;l gastu por alumnu. El Princip\u00e1u contien llixeramente&#8217;l descensu de matriculaciones con respectu al a\u00f1u anterior. La plantiya org\u00e1nica de profesor\u00e1u consta de 9.635 docentes, 113 m\u00e1s qu&#8217;en 2024 magar la baxada d&#8217;educandos. <a href=\"https:\/\/actualidad.asturias.es\/-\/un-total-de-98.719-estudiantes-inicia-hoy-el-curso-escolar-en-asturias-que-sigue-incrementado-el-gasto-por-alumno?redirect=%2Fnoticias\">Actualid\u00e1 Asturies<\/a> \/<\/p>\n<p><!--more--><\/p>\n<ul>\n<li>Un total de 98.719 estudiantes d&#8217;Infantil, Primaria, Secundaria y Bachilleratu empecipiaron g\u00fcei el cursu escolar 2025-2026, qu&#8217;i<span style=\"color: #008080\"><strong>ntroduz la ufierta voluntaria del asturianu nel segundu ciclu d&#8217;Infantil<\/strong><\/span> y l&#8217;ampliaci\u00f3n del serviciu de comedor a xunu y setiembre.<\/li>\n<li>La cifra global de matriculaciones supon un descensu del 1,19% con respectu al cursu anterior.<\/li>\n<li><strong>Les etapes d&#8217;Infantil y Primaria suman 55.625 alumnos y alumne<\/strong>s, un 1,14% menos que&#8217;l cursu anterior.<\/li>\n<li>Esi porcentaxe ye de nuevu menor que nel cursu 2024-2025, que foi del 2,6% respectu al a\u00f1u acad\u00e9micu anterior.<\/li>\n<li>Na rede p\u00fablica contabil\u00edcense 39.549 estudiantes neses etapes y na ense\u00f1anza alcordada, los 16.076 restantes. Los descensos de matr\u00edcula fueron del 1,01% y el 1,45%, respeutivamente. Xix\u00f3n repite como conceyu con m\u00e1s estudiantes d&#8217;Infantil y Primaria, con 14.654, sigu\u00edu per Uvi\u00e9u, con 13.204, y Avil\u00e9s, con 4.921.<\/li>\n<li>En Secundaria y Bachilleratu, inscribi\u00e9ronse 43.094 estudiantes, un 1,26% menos que&#8217;l cursu anterior.<\/li>\n<li>Xix\u00f3n vuelve encabezar la matriculaci\u00f3n, con 12.059 estudiantes, sigu\u00edu d&#8217;Uvi\u00e9u, con 10.341, y Avil\u00e9s, con 3.963.<\/li>\n<li>Tocantes a la dotaci\u00f3n de personal, <strong>la plantiya org\u00e1nica para&#8217;l nuevu cursu xube a 9.635 docentes, lo que supon una medr\u00eda de 113 profesionales respectu al cursu anterior<\/strong>, un 1,2%, nun contestu de descensu de matriculaciones d&#8217;alumn\u00e1u.<\/li>\n<\/ul>\n<p style=\"text-align: center\"><a href=\"https:\/\/actualidad.asturias.es\/documents\/537115\/2794268\/2025_09_09+IES+Margarita+Salas+2.jpg\/c7e8a153-6aab-b819-4ad5-a7b4ebb5e59d?t=1757415690823\"><img loading=\"lazy\" decoding=\"async\" class=\"aligncenter size-large\" src=\"https:\/\/actualidad.asturias.es\/documents\/537115\/2794268\/2025_09_09+IES+Margarita+Salas+2.jpg\/c7e8a153-6aab-b819-4ad5-a7b4ebb5e59d?t=1757415690823\" width=\"4000\" height=\"3000\" \/><\/a><\/p>\n<p><strong>Cuarta comunid\u00e1 en gastu per alumnu.\u00a0<\/strong>Per otru llau, <strong>el Princip\u00e1u caltiense como la cuarta comunid\u00e1 espa\u00f1ola con mayor gastu por estudiante nos centros d&#8217;ense\u00f1anza p\u00fablicos<\/strong>, tan solo por detr\u00e1s de Pa\u00eds Vascu, Navarra y Cantabria. Asina lo reflexa&#8217;l Sistema Estatal d&#8217;Indicadores 2025, el documentu oficial del Ministeriu d&#8217;Educaci\u00f3n, Formaci\u00f3n Profesional y Deportes, public\u00e1u esti branu y qu&#8217;analiza el cursu 2022-2023.<\/p>\n<p>L&#8217;\u00faltimu datu oficial disponible \u2013correspondiente a 2022\u2014cifra ese gasto por alumnu en 8.588 euros, lo qu&#8217;equival a 488 euros m\u00e1s qu&#8217;en 2021 y a 1.661 euros m\u00e1s qu&#8217;en 2017, l&#8217;a\u00f1u de referencia qu&#8217;apaez nel documentu.<\/p>\n","protected":false},"excerpt":{"rendered":"<p>Un total de 98.719 estudiantes empecipia g\u00fcei el cursu escolar n&#8217;Asturies, que sigue amont\u00e1u&#8217;l gastu por alumnu. El Princip\u00e1u contien llixeramente&#8217;l descensu de matriculaciones con respectu al a\u00f1u anterior. La plantiya org\u00e1nica de profesor\u00e1u consta de 9.635 docentes, 113 m\u00e1s qu&#8217;en 2024 magar la baxada d&#8217;educandos. Actualid\u00e1 Asturies \/<\/p>\n","protected":false},"author":117,"featured_media":0,"comment_status":"closed","ping_status":"open","sticky":false,"template":"","format":"standard","meta":{"footnotes":""},"categories":[132],"tags":[],"class_list":["post-57354","post","type-post","status-publish","format-standard","hentry","category-educastur"],"_links":{"self":[{"href":"https:\/\/edublog.educastur.es\/ixuxu\/wp-json\/wp\/v2\/posts\/57354","targetHints":{"allow":["GET"]}}],"collection":[{"href":"https:\/\/edublog.educastur.es\/ixuxu\/wp-json\/wp\/v2\/posts"}],"about":[{"href":"https:\/\/edublog.educastur.es\/ixuxu\/wp-json\/wp\/v2\/types\/post"}],"author":[{"embeddable":true,"href":"https:\/\/edublog.educastur.es\/ixuxu\/wp-json\/wp\/v2\/users\/117"}],"replies":[{"embeddable":true,"href":"https:\/\/edublog.educastur.es\/ixuxu\/wp-json\/wp\/v2\/comments?post=57354"}],"version-history":[{"count":1,"href":"https:\/\/edublog.educastur.es\/ixuxu\/wp-json\/wp\/v2\/posts\/57354\/revisions"}],"predecessor-version":[{"id":57355,"href":"https:\/\/edublog.educastur.es\/ixuxu\/wp-json\/wp\/v2\/posts\/57354\/revisions\/57355"}],"wp:attachment":[{"href":"https:\/\/edublog.educastur.es\/ixuxu\/wp-json\/wp\/v2\/media?parent=57354"}],"wp:term":[{"taxonomy":"category","embeddable":true,"href":"https:\/\/edublog.educastur.es\/ixuxu\/wp-json\/wp\/v2\/categories?post=57354"},{"taxonomy":"post_tag","embeddable":true,"href":"https:\/\/edublog.educastur.es\/ixuxu\/wp-json\/wp\/v2\/tags?post=57354"}],"curies":[{"name":"wp","href":"https:\/\/api.w.org\/{rel}","templated":true}]}}