{"id":57356,"date":"2025-09-09T13:21:12","date_gmt":"2025-09-09T11:21:12","guid":{"rendered":"https:\/\/edublog.educastur.es\/ixuxu\/?p=57356"},"modified":"2025-09-09T17:29:29","modified_gmt":"2025-09-09T15:29:29","slug":"la-vivienda-ponse-poles-nubes-nasturies","status":"publish","type":"post","link":"https:\/\/edublog.educastur.es\/ixuxu\/2025\/09\/la-vivienda-ponse-poles-nubes-nasturies\/","title":{"rendered":"La vivienda ponse poles nubes n&#8217;Asturies"},"content":{"rendered":"<p style=\"text-align: center\"><a href=\"https:\/\/estaticos-cdn.prensaiberica.es\/clip\/ea76a137-4634-470b-b3fb-494e7b1909cc_16-9-discover-aspect-ratio_default_0.webp\"><img loading=\"lazy\" decoding=\"async\" class=\"aligncenter size-large\" src=\"https:\/\/estaticos-cdn.prensaiberica.es\/clip\/ea76a137-4634-470b-b3fb-494e7b1909cc_16-9-discover-aspect-ratio_default_0.webp\" width=\"1200\" height=\"675\" \/><\/a><\/p>\n<p>Ye la mayor xubida de precios en 18 a\u00f1os. El Princip\u00e1u ye la sesta comunid\u00e1 con mayor encarecimientu de los pisos. El preciu de la vivienda <strong>xubi\u00f3 n&#8217;Asturies nel segundu trimestre un 13,5% respectu al mesmu periodu del a\u00f1u pas\u00e1u<\/strong>, la mayor xubida en 18 a\u00f1os, seg\u00fan l&#8217;Institutu Nacional d&#8217;Estad\u00edstica (INE). <a href=\"https:\/\/www.lne.es\/asturias\/2025\/09\/06\/vivienda-pone-nubes-asturias-mayor-121287742.html\">LNE<\/a><\/p>\n<p><!--more--><\/p>\n<p>Por tipu de vivienda,<strong> la de segunda mano encareci\u00f3se un 13,9%<\/strong>, dos d\u00e9cimes m\u00e1s que nel primer trimestre, y<strong> la de nueva construcci\u00f3n un 11,4%, dos puntos m\u00e1s.<\/strong><\/p>\n<p>El Princip\u00e1u <strong>foi la sesta comunid\u00e1 na que m\u00e1s xubi\u00f3&#8217;l preciu de la vivienda nel segundu trimestre<\/strong>, tres Murcia (14,6%), La Rioxa (13,7%), Arag\u00f3n (13,7%), Castiella y Lli\u00f3n (13,6%) y Andaluc\u00eda (13,6 %), y percima de la media nacional del 12,7%.<\/p>\n<p>El fuerte alza de precios n&#8217;Asturies produci\u00f3se dempu\u00e9s de que <strong>la vivienda encareci\u00e9rase&#8217;l pas\u00e1u a\u00f1u na rex\u00f3n una media del 7,8%. <\/strong>La Federaci\u00f3n d&#8217;Asociaciones d&#8217;Empreses Inmobiliaries (FADEI) asegur\u00f3 ayeri que la esguilada de precios d\u00e9bese a que \u00absigue esistiendo un problema grave de falta d&#8217;ufierta con una demanda estable, polo que los precios xuben cada vez m\u00e1s y a una velocid\u00e1 cimera a los salarios\u00bb.<\/p>\n","protected":false},"excerpt":{"rendered":"<p>Ye la mayor xubida de precios en 18 a\u00f1os. El Princip\u00e1u ye la sesta comunid\u00e1 con mayor encarecimientu de los pisos. El preciu de la vivienda xubi\u00f3 n&#8217;Asturies nel segundu trimestre un 13,5% respectu al mesmu periodu del a\u00f1u pas\u00e1u, la mayor xubida en 18 a\u00f1os, seg\u00fan l&#8217;Institutu Nacional d&#8217;Estad\u00edstica (INE). LNE<\/p>\n","protected":false},"author":117,"featured_media":0,"comment_status":"closed","ping_status":"open","sticky":false,"template":"","format":"standard","meta":{"footnotes":""},"categories":[455],"tags":[],"class_list":["post-57356","post","type-post","status-publish","format-standard","hentry","category-vivienda"],"_links":{"self":[{"href":"https:\/\/edublog.educastur.es\/ixuxu\/wp-json\/wp\/v2\/posts\/57356","targetHints":{"allow":["GET"]}}],"collection":[{"href":"https:\/\/edublog.educastur.es\/ixuxu\/wp-json\/wp\/v2\/posts"}],"about":[{"href":"https:\/\/edublog.educastur.es\/ixuxu\/wp-json\/wp\/v2\/types\/post"}],"author":[{"embeddable":true,"href":"https:\/\/edublog.educastur.es\/ixuxu\/wp-json\/wp\/v2\/users\/117"}],"replies":[{"embeddable":true,"href":"https:\/\/edublog.educastur.es\/ixuxu\/wp-json\/wp\/v2\/comments?post=57356"}],"version-history":[{"count":4,"href":"https:\/\/edublog.educastur.es\/ixuxu\/wp-json\/wp\/v2\/posts\/57356\/revisions"}],"predecessor-version":[{"id":57361,"href":"https:\/\/edublog.educastur.es\/ixuxu\/wp-json\/wp\/v2\/posts\/57356\/revisions\/57361"}],"wp:attachment":[{"href":"https:\/\/edublog.educastur.es\/ixuxu\/wp-json\/wp\/v2\/media?parent=57356"}],"wp:term":[{"taxonomy":"category","embeddable":true,"href":"https:\/\/edublog.educastur.es\/ixuxu\/wp-json\/wp\/v2\/categories?post=57356"},{"taxonomy":"post_tag","embeddable":true,"href":"https:\/\/edublog.educastur.es\/ixuxu\/wp-json\/wp\/v2\/tags?post=57356"}],"curies":[{"name":"wp","href":"https:\/\/api.w.org\/{rel}","templated":true}]}}