{"id":5736,"date":"2021-04-30T10:00:52","date_gmt":"2021-04-30T08:00:52","guid":{"rendered":"https:\/\/edublog.educastur.es\/ixuxu\/?p=5736"},"modified":"2021-05-01T10:37:08","modified_gmt":"2021-05-01T08:37:08","slug":"5736","status":"publish","type":"post","link":"https:\/\/edublog.educastur.es\/ixuxu\/2021\/04\/5736\/","title":{"rendered":"Colibr\u00ed xacob\u00edn"},"content":{"rendered":"<div class=\"kvgmc6g5 cxmmr5t8 oygrvhab hcukyx3x c1et5uql ii04i59q\" style=\"text-align: center\"><a href=\"https:\/\/imgbox.es\/images\/2021\/05\/01\/colibrii3783552717eb982a.jpg\"><img loading=\"lazy\" decoding=\"async\" class=\"alignnone\" src=\"https:\/\/imgbox.es\/images\/2021\/05\/01\/colibrii3783552717eb982a.jpg\" alt=\"\" width=\"500\" height=\"513\" \/><\/a><\/div>\n<div><\/div>\n<div class=\"o9v6fnle cxmmr5t8 oygrvhab hcukyx3x c1et5uql ii04i59q\">\n<div dir=\"auto\">Incre\u00edble!! Esta fotograf\u00eda ye ganadora de los <a href=\"https:\/\/www.concursosdefotografia.com\/concursos\/tokyo-international-foto-awards\/\"><span style=\"color: #008080\">premios internacionales de semeya de<\/span> <\/a><span style=\"color: #008080\">Tokio 2019 fot\u00f3grafu del a\u00f1u 2020<\/span> (Christian Spencer)<br \/>\nLa semeya prinda&#8217;l momentu esactu en que la lluz del sol enfusa nes nales d&#8217;un colibr\u00ed xacob\u00edn blancu y negru revelando un secretu de la naturaleza que nun se puede ver colos nuesos g\u00fceyos. Esta semeya nun contien manipulaci\u00f3n dixital.<\/div>\n<ul>\n<li><a href=\"https:\/\/www.facebook.com\/permalink.php?story_fbid=407036170641618&amp;id=100040057166996\">Fonte: Mundo Animal<\/a><\/li>\n<\/ul>\n<\/div>\n","protected":false},"excerpt":{"rendered":"<p>Incre\u00edble!! Esta fotograf\u00eda ye ganadora de los premios internacionales de semeya de Tokio 2019 fot\u00f3grafu del a\u00f1u 2020 (Christian Spencer) La semeya prinda&#8217;l momentu esactu en que la lluz del sol enfusa nes nales d&#8217;un colibr\u00ed xacob\u00edn blancu y negru revelando un secretu de la naturaleza que nun se puede ver colos nuesos g\u00fceyos. Esta [&hellip;]<\/p>\n","protected":false},"author":117,"featured_media":0,"comment_status":"open","ping_status":"open","sticky":false,"template":"","format":"image","meta":{"footnotes":""},"categories":[4],"tags":[],"class_list":["post-5736","post","type-post","status-publish","format-image","hentry","category-natura","post_format-post-format-image"],"_links":{"self":[{"href":"https:\/\/edublog.educastur.es\/ixuxu\/wp-json\/wp\/v2\/posts\/5736","targetHints":{"allow":["GET"]}}],"collection":[{"href":"https:\/\/edublog.educastur.es\/ixuxu\/wp-json\/wp\/v2\/posts"}],"about":[{"href":"https:\/\/edublog.educastur.es\/ixuxu\/wp-json\/wp\/v2\/types\/post"}],"author":[{"embeddable":true,"href":"https:\/\/edublog.educastur.es\/ixuxu\/wp-json\/wp\/v2\/users\/117"}],"replies":[{"embeddable":true,"href":"https:\/\/edublog.educastur.es\/ixuxu\/wp-json\/wp\/v2\/comments?post=5736"}],"version-history":[{"count":4,"href":"https:\/\/edublog.educastur.es\/ixuxu\/wp-json\/wp\/v2\/posts\/5736\/revisions"}],"predecessor-version":[{"id":5738,"href":"https:\/\/edublog.educastur.es\/ixuxu\/wp-json\/wp\/v2\/posts\/5736\/revisions\/5738"}],"wp:attachment":[{"href":"https:\/\/edublog.educastur.es\/ixuxu\/wp-json\/wp\/v2\/media?parent=5736"}],"wp:term":[{"taxonomy":"category","embeddable":true,"href":"https:\/\/edublog.educastur.es\/ixuxu\/wp-json\/wp\/v2\/categories?post=5736"},{"taxonomy":"post_tag","embeddable":true,"href":"https:\/\/edublog.educastur.es\/ixuxu\/wp-json\/wp\/v2\/tags?post=5736"}],"curies":[{"name":"wp","href":"https:\/\/api.w.org\/{rel}","templated":true}]}}