{"id":57370,"date":"2025-09-08T08:58:41","date_gmt":"2025-09-08T06:58:41","guid":{"rendered":"https:\/\/edublog.educastur.es\/ixuxu\/?p=57370"},"modified":"2025-09-09T19:03:29","modified_gmt":"2025-09-09T17:03:29","slug":"dia-internacional-de-lalfabetizacion-2","status":"publish","type":"post","link":"https:\/\/edublog.educastur.es\/ixuxu\/2025\/09\/dia-internacional-de-lalfabetizacion-2\/","title":{"rendered":"D\u00eda Internacional de l&#8217;Alfabetizaci\u00f3n"},"content":{"rendered":"<div class=\"xdj266r x14z9mp xat24cr x1lziwak x1vvkbs x126k92a\" style=\"text-align: center\"><a href=\"https:\/\/pydesalud.com\/wp-content\/uploads\/2019\/09\/8-de-Septiembre-D%C3%ADa-Internacional-de-la-Alfabaetizaci%C3%B3n-3.png\"><img loading=\"lazy\" decoding=\"async\" class=\"aligncenter size-large\" src=\"https:\/\/pydesalud.com\/wp-content\/uploads\/2019\/09\/8-de-Septiembre-D%C3%ADa-Internacional-de-la-Alfabaetizaci%C3%B3n-3.png\" width=\"1920\" height=\"1080\" \/><\/a><span style=\"color: #008080\"><strong>\u00abPromover l&#8217;alfabetizaci\u00f3n na era dixital\u00bb.<\/strong><\/span><\/div>\n<div class=\"x14z9mp xat24cr x1lziwak x1vvkbs xtlvy1s x126k92a\">\n<div dir=\"auto\"><\/div>\n<div dir=\"auto\">G\u00fcei celebramos el <strong>D\u00eda Internacional de l&#8217;Alfabetizaci\u00f3n<\/strong>, una xornada para recordar el valor tresformador d&#8217;aprender y compartir conocencia. Angua\u00f1o,<a href=\"https:\/\/www.unesco.org\/es\/days\/literacy\"> la UNESCO<\/a> pon el focu nun retu actual y urxente: <em>\u201cPromover l&#8217;alfabetizaci\u00f3n na era dixital\u201d<\/em>, <strong>nun mundu onde nun basta con lleer y escribir, sin\u00f3n tami\u00e9n<span style=\"color: #008080\"> entender, crear y desendolcase con pensamientu cr\u00edticu en redolaes dixitales cada vegada m\u00e1s complexos.<\/span><\/strong><\/div>\n<div dir=\"auto\">\n<p>Esti d\u00eda foi establec\u00edu nel a\u00f1u 1965 pola Organizaci\u00f3n de les Naciones Xun\u00edes para la Educaci\u00f3n, la Ciencia y la Cultura (UNESCO) <strong>coles mires d&#8217;espublizar y resaltar la importancia de l&#8217;alfabetizaci\u00f3n na socied\u00e1 y nel individuu.<\/strong><\/p>\n<p><!--more--><\/p>\n<p>De magar, <strong>el conceutu d&#8217;alfabetizaci\u00f3n foi evolucionando a lo llargo del tiempu<\/strong> y, angua\u00f1o, dichu conceutu ye consider\u00e1u como<span style=\"color: #008080\"><strong> una habilid\u00e1 para aprender.<\/strong><\/span><\/p>\n<p><span style=\"color: #008080\"><strong>L&#8217;alfabetizaci\u00f3n ye la base para adquirir conocencies, habilidaes, valores, actit\u00faes y comportamientos m\u00e1s amplios que fomenten una cultura de paz duradera basada nel respetu a la iguald\u00e1 y la non discriminaci\u00f3n<\/strong><\/span>, l&#8217;est\u00e1u de derechu, la solidarid\u00e1, la xusticia, la diversid\u00e1 y la tolerancia, y que construyan relaciones harmonioses con unu mesmu, con otres persones y col planeta.<\/p>\n<\/div>\n<p>Angua\u00f1o, el D\u00eda Internacional de l&#8217;Alfabetizaci\u00f3n (DIA) va celebrase so la tema: <span style=\"color: #008080\"><strong>\u00abPromover l&#8217;alfabetizaci\u00f3n na era dixital\u00bb.<\/strong><\/span><\/p>\n<p>La <strong>dixitalizaci\u00f3n ta tresformando la forma en qu&#8217;aprendemos, vivimos, trabayamos y socializamos<\/strong>, con efectos tantu positivos como negativos, dependiendo de c\u00f3mo rellacionamos con ella. Magar les ferramientes dixitales pueden ampliar les oportunidaes d&#8217;aprendizaxe para los grupos marxinaos esti camb\u00e9u dixital tami\u00e9n trai&#8217;l riesgu d&#8217;una doble marxinaci\u00f3n: esclusi\u00f3n tantu del aprendizaxe tradicional como de los beneficios de la era dixital. La dixitalizaci\u00f3n tami\u00e9n plantega otres esmoliciones, como cuestiones de privacid\u00e1, vixilancia dixital, sesgos reforzaos, \u00e9tica, consumu pasivu y efectos sobro&#8217;l mediu ambiente.<\/p>\n<p><strong>L&#8217;alfabetizaci\u00f3n ye clave por que estos tresformamientos s\u00edan inclusives, pertinentes y significatives<\/strong>. M\u00e1s all\u00e1 de lleer y escribir en papel, <span style=\"color: #008080\"><strong>l&#8217;alfabetizaci\u00f3n na era dixital dexa a les persones aportar, entender, evaluar, crear, comunicar y participar en conten\u00edos dixitales de forma segura y fayadiza.<\/strong><\/span> Tami\u00e9n ye fundamental pa fomentar el pensamientu cr\u00edticu, identificar informaci\u00f3n confiable y desendolcase en redolaes informatives complexos.<\/p>\n<div dir=\"auto\" style=\"text-align: center\">\n<!-- iframe plugin v.6.0 wordpress.org\/plugins\/iframe\/ -->\n<iframe loading=\"lazy\" src=\"https:\/\/www.facebook.com\/plugins\/post.php?href=https%3A%2F%2Fwww.facebook.com%2Ffundacionmargaritasalas%2Fposts%2Fpfbid0MG5GiUK6YckQbKU2GKMkxEhFwPRhhuYWe1w1pjtHiBM8BUuBPt8ju9MPetELi5uWl&#038;show_text=false&#038;width=500\" width=\"500\" height=\"498\" style=\"border:none;overflow:hidden\" scrolling=\"no\" frameborder=\"0\" allowfullscreen=\"true\" allow=\"autoplay; clipboard-write; encrypted-media; picture-in-picture; web-share\" 0=\"\/iframe\" class=\"iframe-class\"><\/iframe>\n<\/div>\n<div dir=\"auto\"><\/div>\n<div dir=\"auto\"><\/div>\n<div dir=\"auto\">Na Fundaci\u00f3n Margarita Salas creemos que l&#8217;alfabetizaci\u00f3n cient\u00edfica ye parte esencial d&#8217;esti desaf\u00edu. Por eso impulsamos proyectos como Dinamizadores STEAM, que lleven la ciencia y la tecnolox\u00eda a les aules dende les primeres etapes educatives. Al travi\u00e9s de talleres creativos, esperiencies cient\u00edfiques y referentes cercanos, los dinamizadores averen a ne\u00f1os y ne\u00f1es al llinguaxe de la ciencia, fomentando l&#8217;inter\u00e9s, la creativid\u00e1 y la capacid\u00e1 de pensar de manera cr\u00edtica.<\/div>\n<div dir=\"auto\"><\/div>\n<div dir=\"auto\">Bien llueu arrincamos el nuevu cursu del programa y, con \u00e9l, nueves oportunidaes para siguir semando vocaciones cient\u00edfiques y reforzar una alfabetizaci\u00f3n que, m\u00e1s que nunca, ye clave para&#8217;l futuru. Puedes conocer m\u00e1s sobro&#8217;l nuesu programa Dinamizadores STEAM equ\u00ed: <span class=\"html-span xdj266r x14z9mp xat24cr x1lziwak xexx8yu xyri2b x18d9i69 x1c1uobl x1hl2dhg x16tdsg8 x1vvkbs\"><a class=\"x1i10hfl xjbqb8w x1ejq31n x18oe1m7 x1sy0etr xstzfhl x972fbf x10w94by x1qhh985 x14e42zd x9f619 x1ypdohk xt0psk2 x3ct3a4 xdj266r x14z9mp xat24cr x1lziwak xexx8yu xyri2b x18d9i69 x1c1uobl x16tdsg8 x1hl2dhg xggy1nq x1a2a7pz xkrqix3 x1sur9pj x1fey0fg x1s688f\" role=\"link\" href=\"https:\/\/dinamizadores-stem-fms.com\/?fbclid=IwZXh0bgNhZW0CMTAAAR4R8Ivncrbw38zzbgfJqsyVRP6jraAav5Ixf5vwEenonAulBo1zmaoZmyuJ1A_aem_4xva49Fo6l5_ptX2L6AzqA\" target=\"_blank\" rel=\"nofollow noopener noreferrer\">https:\/\/dinamizadores-stem-fms.com\/<\/a><\/span><\/div>\n<\/div>\n<p>&nbsp;<\/p>\n","protected":false},"excerpt":{"rendered":"<p>\u00abPromover l&#8217;alfabetizaci\u00f3n na era dixital\u00bb. G\u00fcei celebramos el D\u00eda Internacional de l&#8217;Alfabetizaci\u00f3n, una xornada para recordar el valor tresformador d&#8217;aprender y compartir conocencia. Angua\u00f1o, la UNESCO pon el focu nun retu actual y urxente: \u201cPromover l&#8217;alfabetizaci\u00f3n na era dixital\u201d, nun mundu onde nun basta con lleer y escribir, sin\u00f3n tami\u00e9n entender, crear y desendolcase con [&hellip;]<\/p>\n","protected":false},"author":117,"featured_media":0,"comment_status":"closed","ping_status":"open","sticky":false,"template":"","format":"standard","meta":{"footnotes":""},"categories":[6],"tags":[],"class_list":["post-57370","post","type-post","status-publish","format-standard","hentry","category-dia-de"],"_links":{"self":[{"href":"https:\/\/edublog.educastur.es\/ixuxu\/wp-json\/wp\/v2\/posts\/57370","targetHints":{"allow":["GET"]}}],"collection":[{"href":"https:\/\/edublog.educastur.es\/ixuxu\/wp-json\/wp\/v2\/posts"}],"about":[{"href":"https:\/\/edublog.educastur.es\/ixuxu\/wp-json\/wp\/v2\/types\/post"}],"author":[{"embeddable":true,"href":"https:\/\/edublog.educastur.es\/ixuxu\/wp-json\/wp\/v2\/users\/117"}],"replies":[{"embeddable":true,"href":"https:\/\/edublog.educastur.es\/ixuxu\/wp-json\/wp\/v2\/comments?post=57370"}],"version-history":[{"count":4,"href":"https:\/\/edublog.educastur.es\/ixuxu\/wp-json\/wp\/v2\/posts\/57370\/revisions"}],"predecessor-version":[{"id":57393,"href":"https:\/\/edublog.educastur.es\/ixuxu\/wp-json\/wp\/v2\/posts\/57370\/revisions\/57393"}],"wp:attachment":[{"href":"https:\/\/edublog.educastur.es\/ixuxu\/wp-json\/wp\/v2\/media?parent=57370"}],"wp:term":[{"taxonomy":"category","embeddable":true,"href":"https:\/\/edublog.educastur.es\/ixuxu\/wp-json\/wp\/v2\/categories?post=57370"},{"taxonomy":"post_tag","embeddable":true,"href":"https:\/\/edublog.educastur.es\/ixuxu\/wp-json\/wp\/v2\/tags?post=57370"}],"curies":[{"name":"wp","href":"https:\/\/api.w.org\/{rel}","templated":true}]}}