{"id":57372,"date":"2025-09-09T18:08:14","date_gmt":"2025-09-09T16:08:14","guid":{"rendered":"https:\/\/edublog.educastur.es\/ixuxu\/?p=57372"},"modified":"2025-09-09T18:08:14","modified_gmt":"2025-09-09T16:08:14","slug":"el-folclore-del-centru-dasturies-protagoniza-la-edicion-nueva-de-les-xornaes-destudiu","status":"publish","type":"post","link":"https:\/\/edublog.educastur.es\/ixuxu\/2025\/09\/el-folclore-del-centru-dasturies-protagoniza-la-edicion-nueva-de-les-xornaes-destudiu\/","title":{"rendered":"El folclore del centru d\u2019Asturies protagoniza la edici\u00f3n nueva de les Xornaes d\u2019Estudiu"},"content":{"rendered":"<div class=\"elementor-element elementor-element-667e3c7 elementor-widget__width-inherit elementor-widget elementor-widget-theme-post-title elementor-page-title elementor-widget-heading\" data-id=\"667e3c7\" data-element_type=\"widget\" data-widget_type=\"theme-post-title.default\">\n<div class=\"elementor-widget-container\">\n<h1 class=\"elementor-heading-title elementor-size-default\" style=\"text-align: center\"><a href=\"https:\/\/musicasturiana.com\/wp-content\/uploads\/2025\/09\/xornaes-escontral-raiganu-2025.jpg\"><img loading=\"lazy\" decoding=\"async\" class=\"aligncenter size-large\" src=\"https:\/\/musicasturiana.com\/wp-content\/uploads\/2025\/09\/xornaes-escontral-raiganu-2025.jpg\" width=\"1200\" height=\"600\" \/><\/a><\/h1>\n<\/div>\n<\/div>\n<div class=\"elementor-element elementor-element-00f4678 elementor-widget__width-inherit elementor-widget elementor-widget-theme-post-excerpt\" data-id=\"00f4678\" data-element_type=\"widget\" data-widget_type=\"theme-post-excerpt.default\">\n<div class=\"elementor-widget-container\"><span style=\"color: #008080\"><strong>Escontra&#8217;l Raiga\u00f1u<\/strong><\/span> abre&#8217;l plazu d&#8217;inscripci\u00f3n pa esti cursu que va afondar en la jota, la mu\u00f1eira y lo llixero y que va celebrase&#8217;l <strong>27 de setiembre nel centru Social de Llaranes, n&#8217;Avil\u00e9s<\/strong>. <a href=\"https:\/\/musicasturiana.com\/el-folclore-del-centru-dasturies-protagoniza-la-edicion-nueva-de-les-xornaes-destudiu\/?fbclid=IwY2xjawMtL4VleHRuA2FlbQIxMQABHuc2C87npMJ3qan08A-Lfvfr6TmbfbMoEn7uvHcXYYQ0uJum-eNQVDdXp8bn_aem_HvY7dyhVr1gG7u56cnnGYw\">Musicasturiana.com<\/a> \/<\/div>\n<div><!--more--><\/div>\n<div style=\"text-align: center\"><a href=\"https:\/\/musicasturiana.com\/wp-content\/uploads\/2025\/09\/xornaes-destudiu-escontral-raiganu-2025-1000x1414.jpg\"><img loading=\"lazy\" decoding=\"async\" class=\"aligncenter size-large\" src=\"https:\/\/musicasturiana.com\/wp-content\/uploads\/2025\/09\/xornaes-destudiu-escontral-raiganu-2025-1000x1414.jpg\" width=\"1000\" height=\"1414\" \/><\/a><\/div>\n<div><\/div>\n<\/div>\n<p>&nbsp;<\/p>\n<div>\n<p>L\u2019Asociaci\u00f3n <strong>Escontra\u2019l Raiga\u00f1u<\/strong> entama una edici\u00f3n nueva de les <strong>Xornaes d\u2019Estudiu<\/strong>, activid\u00e1 que s\u2019enmarca dientro del so <strong>Aula Did\u00e1ctica de Cultura Popular Asturiana.<\/strong> <strong><em>El folclore del centru d\u2019Asturies. Pas\u00e1u y presente<\/em> <\/strong>ye\u2019l nome d\u2019esta xornada que\u2019l <strong>s\u00e1badu 27 setiembre <\/strong>va estudiar esta cuesti\u00f3n. La <strong>matr\u00edcula <\/strong>y\u00e1 ta abierta por un preciu de 20 euros y les inscripciones pueden facese a travi\u00e9s del corr\u00e9u escontralraiganu@gmail.com.<\/p>\n<p>\u00abVamos tratar una de les zones m\u00e1s estenses nes que se zonifica el mapa d\u2019Asturies cuando falamos del repertoriu de bailles y danza: la zona Central d\u2019Asturies y, en particular, vamos analizar <strong>tr\u00e9s de les pieces fundamentales del repertoriu como son la \u2018jota\u2019, la mu\u00f1eira y lo llixero<\/strong>\u00ab, anunci\u00f3 Escontra\u2019l Raiga\u00f1u a travi\u00e9s de les sos redes sociales pa presentar esti cursu.<\/p>\n<p>La programaci\u00f3n entama a les diez de la ma\u00f1ana cola<strong> <em>Introducci\u00f3n al repertoriu de bailles de Centru<\/em><\/strong> que va impartir<strong> Fernando de La Puente<\/strong>, profesor de baille, danza tradicional y investigaci\u00f3n aplicada na Escuela de M\u00fasica Tradicional d\u2019Uvi\u00e9u. De 12.30h a 14h el componente d\u2019Andecha Folclor d\u2019Uvi\u00e9u, <strong>Sergio Velasco<\/strong>, va afondar en <strong><em>La pr\u00e1utica de la \u2018jota\u2019<\/em> <\/strong>y, tres d\u2019una posa pa xintar, de 16h a 18h va centrase en<strong> <em>La pr\u00e1utica de lo llixero y de la mu\u00f1eira<\/em><\/strong>. La programaci\u00f3n z\u00e1rrase <em><strong>Acompa\u00f1amientos r\u00edtmicos nel repertoriu de bailles del Centru<\/strong><\/em>, al cargu de <strong>Rams\u00e9s Ilesies<\/strong>, profesor de baille y percusi\u00f3n en delles escueles de m\u00fasica tradicional y responsable, xunto con Xos\u00e9 Amb\u00e1s, nel ATOAM.<\/p>\n<\/div>\n<div><\/div>\n","protected":false},"excerpt":{"rendered":"<p>Escontra&#8217;l Raiga\u00f1u abre&#8217;l plazu d&#8217;inscripci\u00f3n pa esti cursu que va afondar en la jota, la mu\u00f1eira y lo llixero y que va celebrase&#8217;l 27 de setiembre nel centru Social de Llaranes, n&#8217;Avil\u00e9s. Musicasturiana.com \/<\/p>\n","protected":false},"author":117,"featured_media":0,"comment_status":"closed","ping_status":"open","sticky":false,"template":"","format":"standard","meta":{"footnotes":""},"categories":[283,35,125],"tags":[],"class_list":["post-57372","post","type-post","status-publish","format-standard","hentry","category-folclore","category-musica","category-musicasturiana-com"],"_links":{"self":[{"href":"https:\/\/edublog.educastur.es\/ixuxu\/wp-json\/wp\/v2\/posts\/57372","targetHints":{"allow":["GET"]}}],"collection":[{"href":"https:\/\/edublog.educastur.es\/ixuxu\/wp-json\/wp\/v2\/posts"}],"about":[{"href":"https:\/\/edublog.educastur.es\/ixuxu\/wp-json\/wp\/v2\/types\/post"}],"author":[{"embeddable":true,"href":"https:\/\/edublog.educastur.es\/ixuxu\/wp-json\/wp\/v2\/users\/117"}],"replies":[{"embeddable":true,"href":"https:\/\/edublog.educastur.es\/ixuxu\/wp-json\/wp\/v2\/comments?post=57372"}],"version-history":[{"count":1,"href":"https:\/\/edublog.educastur.es\/ixuxu\/wp-json\/wp\/v2\/posts\/57372\/revisions"}],"predecessor-version":[{"id":57373,"href":"https:\/\/edublog.educastur.es\/ixuxu\/wp-json\/wp\/v2\/posts\/57372\/revisions\/57373"}],"wp:attachment":[{"href":"https:\/\/edublog.educastur.es\/ixuxu\/wp-json\/wp\/v2\/media?parent=57372"}],"wp:term":[{"taxonomy":"category","embeddable":true,"href":"https:\/\/edublog.educastur.es\/ixuxu\/wp-json\/wp\/v2\/categories?post=57372"},{"taxonomy":"post_tag","embeddable":true,"href":"https:\/\/edublog.educastur.es\/ixuxu\/wp-json\/wp\/v2\/tags?post=57372"}],"curies":[{"name":"wp","href":"https:\/\/api.w.org\/{rel}","templated":true}]}}