{"id":57405,"date":"2025-09-10T10:59:45","date_gmt":"2025-09-10T08:59:45","guid":{"rendered":"https:\/\/edublog.educastur.es\/ixuxu\/?p=57405"},"modified":"2025-09-10T20:17:18","modified_gmt":"2025-09-10T18:17:18","slug":"los-traxes-dasturianu-y-asturiana","status":"publish","type":"post","link":"https:\/\/edublog.educastur.es\/ixuxu\/2025\/09\/los-traxes-dasturianu-y-asturiana\/","title":{"rendered":"Los traxes d&#8217;asturianu y asturiana"},"content":{"rendered":"<ul>\n<li class=\"v-a-t\"><a title=\"El arte de vestir la tradici\u00f3n\" href=\"https:\/\/www.elcomercio.es\/asturias\/piezas-traje-regional-asturiano-asturiana-20250905092556-nt.html#vtm_modulosEngag=historias-visuales:portada:noticia:1\">El arte de vestir la tradici\u00f3n<\/a>\/ <a href=\"https:\/\/www.elcomercio.es\/asturias\/piezas-traje-regional-asturiano-asturiana-20250905092556-nt.html#vtm_modulosEngag=historias-visuales:portada:noticia:1\"><strong>El Comercio<\/strong><\/a> \/ <a href=\"https:\/\/www.elcomercio.es\/asturias\/piezas-traje-regional-asturiano-asturiana-20250905092556-nt.html#vtm_modulosEngag=historias-visuales:portada:noticia:1\">Testu orixinal en castell\u00e1n.\u00a0<\/a><\/li>\n<li><a href=\"https:\/\/www.elcomercio.es\/autor\/sara-perez-7209.html\">Sara P\u00e9rez<\/a>\u00a0y\u00a0<a href=\"https:\/\/www.elcomercio.es\/autor\/aida-g-fresno-4855.html\">Aida G. Fresno<\/a><\/li>\n<\/ul>\n<p style=\"text-align: center\"><a href=\"https:\/\/s1.ppllstatics.com\/elcomercio\/www\/multimedia\/2025\/09\/05\/lead-asturias-horizontal--1200x672.gif\"><img loading=\"lazy\" decoding=\"async\" class=\"aligncenter size-large\" src=\"https:\/\/s1.ppllstatics.com\/elcomercio\/www\/multimedia\/2025\/09\/05\/lead-asturias-horizontal--1200x672.gif\" width=\"1200\" height=\"819\" \/><\/a><\/p>\n<div class=\"v-op\">\n<p class=\"v-op__c\">Los traxes d&#8217;asturianu y asturiana, coles sos variantes rexonales, cunta la hestoria d&#8217;un pueblu al travi\u00e9s de los sos colores, tex\u00edos y detalles artesanales. <a href=\"https:\/\/www.elcomercio.es\/asturias\/piezas-traje-regional-asturiano-asturiana-20250905092556-nt.html#vtm_modulosEngag=historias-visuales:portada:noticia:1\">Testu orixinal en castell\u00e1n.\u00a0<\/a><\/p>\n<\/div>\n<p><!--more--><\/p>\n<p>Cada 8 de setiembre, D\u00eda d&#8217;Asturies, la rex\u00f3n celebra la so cultura ya identid\u00e1 al travi\u00e9s de la m\u00fasica, los bailles, la gastronom\u00eda\u2026 y la ropa. Y ye que&#8217;l <strong>traxe tradicional, tantu d&#8217;asturiana como d&#8217;asturianu, ye muncho m\u00e1s qu&#8217;una prenda: tr\u00e1tase d&#8217;un s\u00edmbolu de pertenencia, de tradici\u00f3n y de memoria colectiva.<\/strong><\/p>\n<p>Con raiga\u00f1os nos sieglos XVIII y XIX, estos traxes fueron tresmit\u00edos de xeneraci\u00f3n en xeneraci\u00f3n y afechos seg\u00fan el conceyu, la ocasi\u00f3n o inclusive la estaci\u00f3n del a\u00f1u. Esisten versiones m\u00e1s sobries o m\u00e1s afataes, con variantes que van dende les aldeanes y aldeanos del oriente hasta los conxuntos rurales del occidente, pasando polos traxes de gala del centru de la rex\u00f3n. Ca\u00fana d&#8217;estes variantes f\u00e1lanos del so llugar, de les sos xentes y d&#8217;una forma de vivir bien latente nel nuesu presente.<\/p>\n<p style=\"text-align: center\"><a href=\"https:\/\/s2.ppllstatics.com\/elcomercio\/www\/multimedia\/2025\/09\/05\/toda-1%20copia.jpg\"><img loading=\"lazy\" decoding=\"async\" class=\"aligncenter size-large\" src=\"https:\/\/s2.ppllstatics.com\/elcomercio\/www\/multimedia\/2025\/09\/05\/toda-1%20copia.jpg\" width=\"1782\" height=\"1248\" \/><\/a><\/p>\n<p><span style=\"color: #008080\"><strong>El traxe tradicional d&#8217;asturiana<\/strong><\/span> ye muncho m\u00e1s qu&#8217;una vestimienta. Les muyeres ll\u00e9venlu en fiestes, romer\u00edes y celebraciones relixoses, y g\u00fcei ll\u00facense en festivales folcl\u00f3ricos, dances o festividaes de la rex\u00f3n. Componse de les siguientes pieces:<\/p>\n<p><strong>La blusa<\/strong> Iguada en llinu o algod\u00f3n, yera de color blancu y con frecuencia presentaba bordaos en mangues y pescuezu, am\u00e1s de dides nes versiones m\u00e1s luxoses. L&#8217;escote sol\u00eda ser cuadr\u00e1u, enmarcando la parte cimera del *corpi\u00f1o. Les bluses nun yeren uniformes: de cutiu, la parte inferior #realizar con fibres m\u00e1s tosques y la parte cimera, visible, con tex\u00edos de mayor calid\u00e1. Yera un recursu pr\u00e1cticu para aforrar en materiales ensin arrenunciar a la vistosid\u00e1.<\/p>\n<p style=\"text-align: center\"><a href=\"https:\/\/s3.ppllstatics.com\/elcomercio\/www\/multimedia\/2025\/09\/05\/toda-1_0006_camisa.jpg\"><img loading=\"lazy\" decoding=\"async\" class=\"aligncenter size-large\" src=\"https:\/\/s3.ppllstatics.com\/elcomercio\/www\/multimedia\/2025\/09\/05\/toda-1_0006_camisa.jpg\" width=\"1782\" height=\"1248\" \/><\/a><\/p>\n<p><strong>El refaxu<\/strong> ye una falda interior, m\u00e1s estrecha que la saya, que s&#8217;asitia debaxo d&#8217;esta para dar volume y abrigu. Xeneralmente igu\u00e1u en llana o pa\u00f1u, pod\u00eda dir en colores llisos, siendo&#8217;l color\u00e1u unu de los m\u00e1s caracter\u00edsticos. El so usu apurre cuerpu al fald\u00f3n y ayuda a caltener la forma amplia de la saya. Am\u00e1s de la so funci\u00f3n pr\u00e1ctica, el refaxu convi\u00e9rtese n&#8217;una prenda de distinci\u00f3n: les muyeres de mayor poder adquisitivu sol\u00eden usar dellos refaxos superpuestos para realzar la cayida de la saya y dar m\u00e1s vistosid\u00e1 al conxuntu.<\/p>\n<p style=\"text-align: center\"><a href=\"https:\/\/s2.ppllstatics.com\/elcomercio\/www\/multimedia\/2025\/09\/05\/toda-1_0005_enagua.jpg\"><img loading=\"lazy\" decoding=\"async\" class=\"aligncenter size-large\" src=\"https:\/\/s2.ppllstatics.com\/elcomercio\/www\/multimedia\/2025\/09\/05\/toda-1_0005_enagua.jpg\" width=\"1782\" height=\"1248\" \/><\/a><\/p>\n<p><strong>El corpi\u00f1o o chalecu<\/strong> Tr\u00e1tase de la prenda cinxida al torso, de normal en terciopelu, llana o seda.\u00a0 Am\u00e1rrase por aciu gordones cruciaos nel pechu y daba forma a la figura femenina.<\/p>\n<p style=\"text-align: center\"><a href=\"https:\/\/s3.ppllstatics.com\/elcomercio\/www\/multimedia\/2025\/09\/05\/toda-1_0003_corse.jpg\"><img loading=\"lazy\" decoding=\"async\" class=\"aligncenter size-large\" src=\"https:\/\/s3.ppllstatics.com\/elcomercio\/www\/multimedia\/2025\/09\/05\/toda-1_0003_corse.jpg\" width=\"1782\" height=\"1248\" \/><\/a><\/p>\n<p>Sab\u00edes que&#8230;\u00a0 En delles zones usa&#8217;l <strong>dengue<\/strong>, una capa triangular que se crucia sobro&#8217;l pechu y an\u00f3yase al llombu. Am\u00e1s d&#8217;afatase con acebache o perlles, ye xuna prinda pr\u00e1ctica: abriga ensin necesid\u00e1 de prendes m\u00e1s pesaes como mantones.<\/p>\n<p style=\"text-align: center\"><a href=\"https:\/\/s3.ppllstatics.com\/elcomercio\/www\/multimedia\/2025\/09\/05\/toda-1_0004_Denque.jpg\"><img loading=\"lazy\" decoding=\"async\" class=\"aligncenter size-large\" src=\"https:\/\/s3.ppllstatics.com\/elcomercio\/www\/multimedia\/2025\/09\/05\/toda-1_0004_Denque.jpg\" width=\"1782\" height=\"1248\" \/><\/a><\/p>\n<p>&nbsp;<\/p>\n<p><strong>La saya o fald\u00f3n. <\/strong>La saya ye xuna falda llarga y amplia, xeneralmente de llana, que sol\u00eda presentase en colores vivos omo color\u00e1u, mariellu o verde. Pod\u00eda llevar cintes decoratives o bordaos qu&#8217;apurr\u00eden un aire festivo y estremaben la indumentaria de diariu de la de gala. Munches sayes incl\u00fain franxes de terciopelu negru cos\u00edes na parte inferior, moda heredada del sieglu XIX. Am\u00e1s, los colores nun yeren solu ornamentales: el negru, por casu, acom\u00fa\u00f1ase a la vilbed\u00e1 o a la sobried\u00e1 na vida cotidiana.<\/p>\n<p style=\"text-align: center\"><a href=\"https:\/\/s3.ppllstatics.com\/elcomercio\/www\/multimedia\/2025\/09\/05\/toda-1_0001_saya.jpg\"><img loading=\"lazy\" decoding=\"async\" class=\"aligncenter size-large\" src=\"https:\/\/s3.ppllstatics.com\/elcomercio\/www\/multimedia\/2025\/09\/05\/toda-1_0001_saya.jpg\" width=\"1782\" height=\"1248\" \/><\/a><\/p>\n<p><strong>El mandil.<\/strong> Asiti\u00e1u sobro la saya, sol\u00eda ser negru o d&#8217;un color que xenerara contraste col color de la falda, de normal presentando ciertos bordaos florales. Anque naci\u00f3 como prinda pr\u00e1ctica, nos traxes de fiesta adquiri\u00f3 un calter ornamental imprescindible. Nel sieglu XIX,\u00a0 los colores del mandil pod\u00eda reflexar l&#8217;est\u00e1u civil o l&#8217;estatus social de la muyer. Asina, el mandil dex\u00f3 de ser solo un protector de la falda\u00bb pa convertise nun signu d&#8217;identid\u00e1 social.<\/p>\n<p style=\"text-align: center\"><a href=\"https:\/\/s1.ppllstatics.com\/elcomercio\/www\/multimedia\/2025\/09\/05\/toda-1_0002_mandil.jpg\"><img loading=\"lazy\" decoding=\"async\" class=\"aligncenter size-large\" src=\"https:\/\/s1.ppllstatics.com\/elcomercio\/www\/multimedia\/2025\/09\/05\/toda-1_0002_mandil.jpg\" width=\"1782\" height=\"1248\" \/><\/a><\/p>\n<p><strong>El pa\u00f1uelu o la mantiella<\/strong> El pe\u00f1\u00e1u tradicional recueye&#8217;l pelo nun mo\u00f1u baxu, sobro&#8217;l que s&#8217;asitia un pa\u00f1uelu o xuna mantiella. Anque la elecci\u00f3n m\u00e1s com\u00fan ye&#8217;l pa\u00f1uelu blancu, especialmente en versiones simples, les pieces m\u00e1s afataes presenten figures en tonos azules, colloraos o inclusive mariellos, y adornos como puntilles o bordaos. Estos elementos daben prest\u00edu al conxuntu y destacaben nuna redolada festiva. El xestu de cubrir la cabeza diba m\u00e1s all\u00e1 de la est\u00e9tica: respond\u00eda a la idea de vistise con decoro\u00bb. La mantiella apurr\u00eda dignid\u00e1 y solemnid\u00e1 al conxuntu, especialmente en celebraciones relixoses.<\/p>\n<p style=\"text-align: center\"><a href=\"https:\/\/s3.ppllstatics.com\/elcomercio\/www\/multimedia\/2025\/09\/05\/toda-1_0008_panuelo.jpg\"><img loading=\"lazy\" decoding=\"async\" class=\"aligncenter size-large\" src=\"https:\/\/s3.ppllstatics.com\/elcomercio\/www\/multimedia\/2025\/09\/05\/toda-1_0008_panuelo.jpg\" width=\"1782\" height=\"1248\" \/><\/a><\/p>\n<p><strong>Les medies y el calz\u00e1u<\/strong> Les medies suelen ser blanques, de llana o puntu que sux\u00e9tense con lligues de colores vivos, como por casu el collor\u00e1u. Tienden a usase especialmente en celebraciones o festividaes. En cuanto al calz\u00e1u, lo m\u00e1s habitual son les madre\u00f1es de madera, anque n&#8217;ocasiones empleguen zapatos negros o alpargates. Les madre\u00f1es dexaben caminar sobro folla o yerba h\u00famedo ensin estropiar les medies. Consid\u00e9rense g\u00fcei un emblema de la cultura popular y de la vida rural asturiana.<\/p>\n<p style=\"text-align: center\"><a href=\"https:\/\/s3.ppllstatics.com\/elcomercio\/www\/multimedia\/2025\/09\/05\/toda-1_0007_zapatos-medias.jpg\"><img loading=\"lazy\" decoding=\"async\" class=\"aligncenter size-large\" src=\"https:\/\/s3.ppllstatics.com\/elcomercio\/www\/multimedia\/2025\/09\/05\/toda-1_0007_zapatos-medias.jpg\" width=\"1782\" height=\"1248\" \/><\/a><\/p>\n<p><strong>Los complementos (xoyer\u00eda). <\/strong>Collares d&#8217;acebache, pindios de coral o plata, broches y cruces yeren habituales na indumentaria asturiana. La xoya non solo afataba: tami\u00e9n tresmit\u00eda tradici\u00f3n y creencies populares. Pero l&#8217;acebache nun yera solo un adornu, sin\u00f3n un amuleto protector frente al ag\u00fceyamientu. Ello ye que ent\u00e1 g\u00fcei munchos collares tradicionales incl\u00fain esta piedra negra, considerada s\u00edmbolu protector por excelencia.<\/p>\n<p style=\"text-align: center\"><a href=\"https:\/\/s3.ppllstatics.com\/elcomercio\/www\/multimedia\/2025\/09\/05\/collar-pendientes-asturias.jpg\"><img loading=\"lazy\" decoding=\"async\" class=\"aligncenter size-large\" src=\"https:\/\/s3.ppllstatics.com\/elcomercio\/www\/multimedia\/2025\/09\/05\/collar-pendientes-asturias.jpg\" width=\"1782\" height=\"1248\" \/><\/a><\/p>\n<p><strong>El traxe d&#8217;asturiana nun yera igual en tol Princip\u00e1u<\/strong>: nel oriente predominaben los bordaos y les xoyes; nel occidente, la sobried\u00e1; y nel centru, les versiones de gala que g\u00fcei identificamos con grupos de danza. G\u00fcei, gracies al trabayu de dise\u00f1adores, artesanos y agrupaciones folcl\u00f3riques, el traxe tradicional nun ye xuna reliquia del pas\u00e1u, sin\u00f3n xuna prienda viva que perdura nel tiempu al travi\u00e9s de la hestoria y de les distintes xeneraciones: arri\u00e9ndase, recup\u00e9rase ya inclusive se redise\u00f1a. Y cada vez que daqui\u00e9n lo visti \u2014y\u00e1 s\u00eda nuna romer\u00eda o nun d\u00eda tan se\u00f1al\u00e1u como&#8217;l de g\u00fcei\u2014, la tradici\u00f3n caltiense m\u00e1s viva que nunca.<\/p>\n<p style=\"text-align: center\"><a href=\"https:\/\/s3.ppllstatics.com\/elcomercio\/www\/multimedia\/2025\/09\/05\/asturiano_0000s_0009_vestido-home.jpg\"><img loading=\"lazy\" decoding=\"async\" class=\"aligncenter size-large\" src=\"https:\/\/s3.ppllstatics.com\/elcomercio\/www\/multimedia\/2025\/09\/05\/asturiano_0000s_0009_vestido-home.jpg\" width=\"1782\" height=\"1248\" \/><\/a><\/p>\n<p><span style=\"color: #008080\"><strong>El traxe tradicional d&#8217;asturianu .\u00a0<\/strong><\/span>Reflexa la vida de quien lo vistieron: llabradores, marineros, pastores y aldeanos que lo afa\u00eden seg\u00fan la ocasi\u00f3n. #Usar en celebraciones relixoses o como paxellu festivu y angua\u00f1o caltiense como s\u00edmbolu cultural de la rex\u00f3n. Componse de les siguientes prendes:<\/p>\n<p><strong>La camisa De llinu o algod\u00f3n. <\/strong>blanco, sol\u00eda ser amplia, con pescuezu baxu y mangues llargues. N&#8217;ocasiones lleva bordaos discretos nel pechu o los pu\u00f1os. Nes zones rurales, la camisa de diariu #realizar con llenzu caseru, aspru y fuerte, ente que pa #fiesta acut\u00e1bense tex\u00edos m\u00e1s finos, bordaos en collor\u00e1u o azul.<\/p>\n<p style=\"text-align: center\"><a href=\"https:\/\/s2.ppllstatics.com\/elcomercio\/www\/multimedia\/2025\/09\/05\/asturiano_0000s_0000_Camisa-home.jpg\"><img loading=\"lazy\" decoding=\"async\" class=\"aligncenter size-large\" src=\"https:\/\/s2.ppllstatics.com\/elcomercio\/www\/multimedia\/2025\/09\/05\/asturiano_0000s_0000_Camisa-home.jpg\" width=\"1782\" height=\"1248\" \/><\/a><\/p>\n<p><strong>Les polaines y medies. <\/strong>Sobro les medies blanques o de llana su\u00e9lense asitiar polaines de pa\u00f1u, suxetes con botones o correes. Protexen les piernes y dan vistosid\u00e1 al conxuntu. Les polainas yeren imprescindibles pa caminar per terrenes enllamorgaos o cascayosos. En zones de monte, refu\u00e9rzase con cueru pa mayor resistencia.<\/p>\n<p style=\"text-align: center\"><a href=\"https:\/\/s3.ppllstatics.com\/elcomercio\/www\/multimedia\/2025\/09\/05\/asturiano_0000s_0001_medias-home.jpg\"><img loading=\"lazy\" decoding=\"async\" class=\"aligncenter size-large\" src=\"https:\/\/s3.ppllstatics.com\/elcomercio\/www\/multimedia\/2025\/09\/05\/asturiano_0000s_0001_medias-home.jpg\" width=\"1782\" height=\"1248\" \/><\/a><\/p>\n<p><strong>El chalecu<\/strong> Prinda afecha al torso, iguada en terciopelu, seda o llana. Suel ser de colores vivos (collor\u00e1u, azul, verde) con botones met\u00e1licos o bordaos. El chalecu ye la prenda m\u00e1s llamativa del paxellu mascul\u00edn, y al travi\u00e9s de los sos colores y adornos estrema&#8217;l traxe de fiesta del de diariu. Nel occidente predominen tonos m\u00e1s sobrios, ente que nel centru #optar por tex\u00edos ricos y bordaos ellaboraos.<\/p>\n<p style=\"text-align: center\"><a href=\"https:\/\/s2.ppllstatics.com\/elcomercio\/www\/multimedia\/2025\/09\/05\/asturiano_0000s_0002_chaleco-home.jpg\"><img loading=\"lazy\" decoding=\"async\" class=\"aligncenter size-large\" src=\"https:\/\/s2.ppllstatics.com\/elcomercio\/www\/multimedia\/2025\/09\/05\/asturiano_0000s_0002_chaleco-home.jpg\" width=\"1782\" height=\"1248\" \/><\/a><\/p>\n<p><strong>El calz\u00f3n. <\/strong>Pantal\u00f3n curtiu, xeneralmente hasta la rod\u00eda, de pa\u00f1u escuru (negru, marr\u00f3n, azul). Faese con botones o gordones. Nel traxe de gala, los calzones pueden afatase con botones plateaos o bordaos nes bandes, ente que na indumentaria diaria son muncho m\u00e1s sobrios.<\/p>\n<p style=\"text-align: center\"><a href=\"https:\/\/s1.ppllstatics.com\/elcomercio\/www\/multimedia\/2025\/09\/05\/asturiano_0000s_0003_pantalon-home.jpg\"><img loading=\"lazy\" decoding=\"async\" class=\"aligncenter size-large\" src=\"https:\/\/s1.ppllstatics.com\/elcomercio\/www\/multimedia\/2025\/09\/05\/asturiano_0000s_0003_pantalon-home.jpg\" width=\"1782\" height=\"1248\" \/><\/a><\/p>\n<p><strong>La faxa. <\/strong>Texida en llana o algod\u00f3n, en colores intensos (collor\u00e1u, azul, verde), endolcasr a la cintura y ayuda a suxetar el pantal\u00f3n. Am\u00e1s de la so funci\u00f3n est\u00e9tica, la faxa presentaba cierta utilid\u00e1: sirv\u00eda como &#8216;petrina de fuerza&#8217; pa protexer la zona lumbar nel trabayu del campu. Si yera de color color\u00e1u, acom\u00fa\u00f1ase a la vitalid\u00e1 y calter festivu.<\/p>\n<p style=\"text-align: center\"><a href=\"https:\/\/s3.ppllstatics.com\/elcomercio\/www\/multimedia\/2025\/09\/05\/asturiano_0000s_0004_faja-home.jpg\"><img loading=\"lazy\" decoding=\"async\" class=\"aligncenter size-large\" src=\"https:\/\/s3.ppllstatics.com\/elcomercio\/www\/multimedia\/2025\/09\/05\/asturiano_0000s_0004_faja-home.jpg\" width=\"1782\" height=\"1248\" \/><\/a><\/p>\n<p><strong>La chaqueta (chamarra). <\/strong>Curtia y cinxida, de pa\u00f1u escuru \u2014xeneralmente negru o marr\u00f3n\u2014, completa&#8217;l conxuntu y apurre seried\u00e1. En fiestes, dalgunes lleven bordaos o solapes decoraes. La &#8216;chamarra&#8217; curtia dexa amosar el chalecu y la faxa, pieces centrales del traxe. Am\u00e1s, tami\u00e9n tien la so funci\u00f3n pr\u00e1ctica: facilitaba&#8217;l trabayu y el baille, al nun estorbar los movimientos.<\/p>\n<p style=\"text-align: center\"><a href=\"https:\/\/s2.ppllstatics.com\/elcomercio\/www\/multimedia\/2025\/09\/05\/asturiano_0000s_0005_chaqueta-home.jpg\"><img loading=\"lazy\" decoding=\"async\" class=\"aligncenter size-large\" src=\"https:\/\/s2.ppllstatics.com\/elcomercio\/www\/multimedia\/2025\/09\/05\/asturiano_0000s_0005_chaqueta-home.jpg\" width=\"1782\" height=\"1248\" \/><\/a><\/p>\n<p><strong>La montera, <\/strong>elemento distintivu del traxe mascul\u00edn, de normal de fieltru negru, con nala curtia. En delles zones af\u00e1tase\u00a0 con cintes o plumes. M\u00e1s all\u00e1 de la est\u00e9tica, el sombreru marcaba estatus: un adornu m\u00e1s ricu indicaba traxe de gala, ente que nel trabayu utilizaben versiones sencielles y funcionales.<\/p>\n<p style=\"text-align: center\"><a href=\"https:\/\/s3.ppllstatics.com\/elcomercio\/www\/multimedia\/2025\/09\/05\/asturiano_0000s_0006_montera-home.jpg\"><img loading=\"lazy\" decoding=\"async\" class=\"aligncenter size-large\" src=\"https:\/\/s3.ppllstatics.com\/elcomercio\/www\/multimedia\/2025\/09\/05\/asturiano_0000s_0006_montera-home.jpg\" width=\"1782\" height=\"1248\" \/><\/a><\/p>\n<p><strong>El palu o cayao. <\/strong>El palu ye un complementu habitual na indumentaria masculina. De madera robusto, utiliz\u00e1base tantu como sofitu nes caminaes per terrenes rurales ya irregulares, como ferramienta pr\u00e1ctico na vida llabradora. En contestos festivos, el palu adquier am\u00e1s un valor simb\u00f3licu de representaci\u00f3n de l&#8217;autorid\u00e1 y la virilid\u00e1 masculina. La so talla y ornamentaci\u00f3n de cutiu falaben del oficiu o del prest\u00edu del so due\u00f1u. Dalgunos taben decoraos con inscripciones o s\u00edmbolos, convirti\u00e9ndose nun signu d&#8217;identid\u00e1 personal y cultural.<\/p>\n<p style=\"text-align: center\"><a href=\"https:\/\/s1.ppllstatics.com\/elcomercio\/www\/multimedia\/2025\/09\/05\/asturiano_0000s_0007_palu-home.jpg\"><img loading=\"lazy\" decoding=\"async\" class=\"aligncenter size-large\" src=\"https:\/\/s1.ppllstatics.com\/elcomercio\/www\/multimedia\/2025\/09\/05\/asturiano_0000s_0007_palu-home.jpg\" width=\"1782\" height=\"1248\" \/><\/a><\/p>\n<p><strong>El calz\u00e1u<\/strong> Les madre\u00f1es de madera son lo m\u00e1s habituales nel d\u00eda ente d\u00eda. Pa fiesta, \u00fasense zapatos negros de cueru o alpargates con cintes. Al igual que nel traxe femen\u00edn, les madre\u00f1es protex\u00eden les medies y los pies del mugor, s\u00edmbolu indixebrable de la vida llabradora asturiana.<\/p>\n<p style=\"text-align: center\"><a href=\"https:\/\/s3.ppllstatics.com\/elcomercio\/www\/multimedia\/2025\/09\/05\/asturiano_0000s_0008_zapatos-home.jpg\"><img loading=\"lazy\" decoding=\"async\" class=\"aligncenter size-large\" src=\"https:\/\/s3.ppllstatics.com\/elcomercio\/www\/multimedia\/2025\/09\/05\/asturiano_0000s_0008_zapatos-home.jpg\" width=\"1782\" height=\"1248\" \/><\/a><\/p>\n<p><strong>El traxe d&#8217;asturianu comparte col d&#8217;asturiana la so fuerza simb\u00f3lico.<\/strong> Anque surdi\u00f3 de la ropa de trabayu, convirti\u00f3se r\u00e1pido nuna prenda d&#8217;identid\u00e1 y emblema de les fiestes y celebraciones d&#8217;Asturies. Les agrupaciones folcl\u00f3riques, dise\u00f1adores y artesanos caltienen vivu esti leg\u00e1u, recuperando pieces orixinales, iguando retruques y afaciendo dise\u00f1os por que perduren nel tiempu.<\/p>\n<p><strong>L&#8217;arte de vistir a l&#8217;asturiana<\/strong> La tradici\u00f3n tami\u00e9n puede &#8216;xugase&#8217;. Y por ello proponemos #convertir en modista per un d\u00eda: present\u00e1moste&#8217;l maruxu dixital, a la que vas poder vistir coles distintes prendes del traxe d&#8217;asturiana. Escueye la saya, asitia&#8217;l refaxu, a\u00f1ede&#8217;l corpi\u00f1o, el pa\u00f1uelu y los complementos hasta dar forma al conxuntu completu. Una manera risondera y visual d&#8217;afayar c\u00f3mo cada pieza encaxa y de qu\u00e9 forma los colores, tex\u00edos y detalles artesanales converten esta indumentaria nun verdaderu s\u00edmbolu d&#8217;Asturies. <a href=\"https:\/\/www.elcomercio.es\/asturias\/piezas-traje-regional-asturiano-asturiana-20250905092556-nt.html#vtm_modulosEngag=historias-visuales:portada:noticia:1\">Testu orixinal en castell\u00e1n.\u00a0<\/a><\/p>\n","protected":false},"excerpt":{"rendered":"<p>El arte de vestir la tradici\u00f3n\/ El Comercio \/ Testu orixinal en castell\u00e1n.\u00a0 Sara P\u00e9rez\u00a0y\u00a0Aida G. Fresno Los traxes d&#8217;asturianu y asturiana, coles sos variantes rexonales, cunta la hestoria d&#8217;un pueblu al travi\u00e9s de los sos colores, tex\u00edos y detalles artesanales. Testu orixinal en castell\u00e1n.\u00a0<\/p>\n","protected":false},"author":117,"featured_media":0,"comment_status":"closed","ping_status":"open","sticky":false,"template":"","format":"standard","meta":{"footnotes":""},"categories":[210],"tags":[],"class_list":["post-57405","post","type-post","status-publish","format-standard","hentry","category-indumentaria"],"_links":{"self":[{"href":"https:\/\/edublog.educastur.es\/ixuxu\/wp-json\/wp\/v2\/posts\/57405","targetHints":{"allow":["GET"]}}],"collection":[{"href":"https:\/\/edublog.educastur.es\/ixuxu\/wp-json\/wp\/v2\/posts"}],"about":[{"href":"https:\/\/edublog.educastur.es\/ixuxu\/wp-json\/wp\/v2\/types\/post"}],"author":[{"embeddable":true,"href":"https:\/\/edublog.educastur.es\/ixuxu\/wp-json\/wp\/v2\/users\/117"}],"replies":[{"embeddable":true,"href":"https:\/\/edublog.educastur.es\/ixuxu\/wp-json\/wp\/v2\/comments?post=57405"}],"version-history":[{"count":6,"href":"https:\/\/edublog.educastur.es\/ixuxu\/wp-json\/wp\/v2\/posts\/57405\/revisions"}],"predecessor-version":[{"id":57411,"href":"https:\/\/edublog.educastur.es\/ixuxu\/wp-json\/wp\/v2\/posts\/57405\/revisions\/57411"}],"wp:attachment":[{"href":"https:\/\/edublog.educastur.es\/ixuxu\/wp-json\/wp\/v2\/media?parent=57405"}],"wp:term":[{"taxonomy":"category","embeddable":true,"href":"https:\/\/edublog.educastur.es\/ixuxu\/wp-json\/wp\/v2\/categories?post=57405"},{"taxonomy":"post_tag","embeddable":true,"href":"https:\/\/edublog.educastur.es\/ixuxu\/wp-json\/wp\/v2\/tags?post=57405"}],"curies":[{"name":"wp","href":"https:\/\/api.w.org\/{rel}","templated":true}]}}