{"id":57412,"date":"2025-09-10T08:24:42","date_gmt":"2025-09-10T06:24:42","guid":{"rendered":"https:\/\/edublog.educastur.es\/ixuxu\/?p=57412"},"modified":"2025-09-10T11:26:41","modified_gmt":"2025-09-10T09:26:41","slug":"el-tiempu-el-comercio-133","status":"publish","type":"post","link":"https:\/\/edublog.educastur.es\/ixuxu\/2025\/09\/el-tiempu-el-comercio-133\/","title":{"rendered":"El tiempu (El Comercio)"},"content":{"rendered":"<p style=\"text-align: center\"><a href=\"https:\/\/s2.ppllstatics.com\/elcomercio\/www\/multimedia\/2025\/09\/09\/tiempo-asturias-miercoles-10-septiembre-kFFC-U2302588077118HVD-1200x870@El%20Comercio.jpg\"><img loading=\"lazy\" decoding=\"async\" class=\"aligncenter size-large\" src=\"https:\/\/s2.ppllstatics.com\/elcomercio\/www\/multimedia\/2025\/09\/09\/tiempo-asturias-miercoles-10-septiembre-kFFC-U2302588077118HVD-1200x870@El%20Comercio.jpg\" width=\"1200\" height=\"870\" \/><\/a><\/p>\n<p>Esperamos una xornada na que <strong>los cielos<\/strong> van tar bien nublos con precipitaciones de calter d\u00e9bil que podr\u00eden faer actu de presencia en cualquier momentu. Ciertu ye que, a midida que meyora la tarde, la probabilid\u00e1 va ser menor y, inclusive, nun se refuga que pueda abrise dalg\u00fan claru dende l&#8217;occidente (sobremanera a la fin del d\u00eda). <strong>Los vientos<\/strong> van soplar con cierta fuerza de suroeste-oeste. Concretamente, na mari\u00f1a y nel sector occidental podr\u00eden algamar los 70 km\/h. Nel restu del interior les raches podr\u00eden llegar a rexistrar los 50 km\/h. <strong>Les temperatures m\u00e1ximes<\/strong> van xubir 1 o 2 \u00baC a lo sumo respectu al martes.<strong> Les m\u00ednimes<\/strong> van xubir de forma xeneralizada y notable cuidao que podr\u00eden llegar a anotase unes temperatures m\u00ednimes 6 o 7 \u00baC m\u00e1s altes que g\u00fcei.<\/p>\n<p><!--more--><\/p>\n<p><strong>El xueves<\/strong> preve estabilid\u00e1 pela ma\u00f1ana con un mayor protagonismu del sol, pero mientres la tarde les nubes van dir n&#8217;aumentu hasta cubrir tol cielu asturianu. Estes nubes, am\u00e1s, van dexar precipitaciones que se van estender pol Princip\u00e1u. Les temperatures van baxar llixeramente salvo na mari\u00f1a onde, podr\u00eden esperimentar un pequenu ascensu.<\/p>\n","protected":false},"excerpt":{"rendered":"<p>Esperamos una xornada na que los cielos van tar bien nublos con precipitaciones de calter d\u00e9bil que podr\u00eden faer actu de presencia en cualquier momentu. Ciertu ye que, a midida que meyora la tarde, la probabilid\u00e1 va ser menor y, inclusive, nun se refuga que pueda abrise dalg\u00fan claru dende l&#8217;occidente (sobremanera a la fin [&hellip;]<\/p>\n","protected":false},"author":117,"featured_media":0,"comment_status":"closed","ping_status":"open","sticky":false,"template":"","format":"standard","meta":{"footnotes":""},"categories":[5],"tags":[],"class_list":["post-57412","post","type-post","status-publish","format-standard","hentry","category-tiempu"],"_links":{"self":[{"href":"https:\/\/edublog.educastur.es\/ixuxu\/wp-json\/wp\/v2\/posts\/57412","targetHints":{"allow":["GET"]}}],"collection":[{"href":"https:\/\/edublog.educastur.es\/ixuxu\/wp-json\/wp\/v2\/posts"}],"about":[{"href":"https:\/\/edublog.educastur.es\/ixuxu\/wp-json\/wp\/v2\/types\/post"}],"author":[{"embeddable":true,"href":"https:\/\/edublog.educastur.es\/ixuxu\/wp-json\/wp\/v2\/users\/117"}],"replies":[{"embeddable":true,"href":"https:\/\/edublog.educastur.es\/ixuxu\/wp-json\/wp\/v2\/comments?post=57412"}],"version-history":[{"count":1,"href":"https:\/\/edublog.educastur.es\/ixuxu\/wp-json\/wp\/v2\/posts\/57412\/revisions"}],"predecessor-version":[{"id":57413,"href":"https:\/\/edublog.educastur.es\/ixuxu\/wp-json\/wp\/v2\/posts\/57412\/revisions\/57413"}],"wp:attachment":[{"href":"https:\/\/edublog.educastur.es\/ixuxu\/wp-json\/wp\/v2\/media?parent=57412"}],"wp:term":[{"taxonomy":"category","embeddable":true,"href":"https:\/\/edublog.educastur.es\/ixuxu\/wp-json\/wp\/v2\/categories?post=57412"},{"taxonomy":"post_tag","embeddable":true,"href":"https:\/\/edublog.educastur.es\/ixuxu\/wp-json\/wp\/v2\/tags?post=57412"}],"curies":[{"name":"wp","href":"https:\/\/api.w.org\/{rel}","templated":true}]}}