{"id":57414,"date":"2025-09-08T09:20:45","date_gmt":"2025-09-08T07:20:45","guid":{"rendered":"https:\/\/edublog.educastur.es\/ixuxu\/?p=57414"},"modified":"2025-09-10T11:57:17","modified_gmt":"2025-09-10T09:57:17","slug":"asturias-patria-querida","status":"publish","type":"post","link":"https:\/\/edublog.educastur.es\/ixuxu\/2025\/09\/asturias-patria-querida\/","title":{"rendered":"Asturias, Patria Querida"},"content":{"rendered":"<p style=\"text-align: center\">\n<!-- iframe plugin v.6.0 wordpress.org\/plugins\/iframe\/ -->\n<iframe loading=\"lazy\" src=\"https:\/\/www.facebook.com\/plugins\/video.php?height=476&#038;href=https%3A%2F%2Fwww.facebook.com%2Fasturiasinfocom%2Fvideos%2F1260198315458457%2F&#038;show_text=false&#038;width=317&#038;t=0\" width=\"317\" height=\"476\" style=\"border:none;overflow:hidden\" scrolling=\"no\" frameborder=\"0\" allowfullscreen=\"true\" allow=\"autoplay; clipboard-write; encrypted-media; picture-in-picture; web-share\" 0=\"\/iframe\" class=\"iframe-class\"><\/iframe>\n<\/p>\n<p><em>La lletra de <strong>\u201cAsturies patria quer\u00eda\u201d<\/strong> comp\u00fasola un cubanu, Ignacio Pi\u00f1eiro, cuando&#8217;l so padre retorna a Grao en 1936. La melod\u00eda foi mandada polos mineros polacos que vinieron trabayar a esta tierra. La m\u00fasica y lletra d\u00e9bese a quienes inmigraron. Esa ye la nuesa identid\u00e1. \u00a1Puxa Asturies!<\/em><\/p>\n<p><!--more--><\/p>\n<p style=\"text-align: center\">\n<!-- iframe plugin v.6.0 wordpress.org\/plugins\/iframe\/ -->\n<iframe loading=\"lazy\" src=\"https:\/\/www.facebook.com\/plugins\/post.php?href=https%3A%2F%2Fwww.facebook.com%2Fphoto.php%3Ffbid%3D24641301302152969%26set%3Da.442195855823518%26type%3D3&#038;show_text=false&#038;width=500\" width=\"500\" height=\"479\" style=\"border:none;overflow:hidden\" scrolling=\"no\" frameborder=\"0\" allowfullscreen=\"true\" allow=\"autoplay; clipboard-write; encrypted-media; picture-in-picture; web-share\" 0=\"\/iframe\" class=\"iframe-class\"><\/iframe>\n<\/p>\n","protected":false},"excerpt":{"rendered":"<p>La lletra de \u201cAsturies patria quer\u00eda\u201d comp\u00fasola un cubanu, Ignacio Pi\u00f1eiro, cuando&#8217;l so padre retorna a Grao en 1936. La melod\u00eda foi mandada polos mineros polacos que vinieron trabayar a esta tierra. La m\u00fasica y lletra d\u00e9bese a quienes inmigraron. Esa ye la nuesa identid\u00e1. \u00a1Puxa Asturies!<\/p>\n","protected":false},"author":117,"featured_media":0,"comment_status":"closed","ping_status":"open","sticky":false,"template":"","format":"standard","meta":{"footnotes":""},"categories":[1],"tags":[],"class_list":["post-57414","post","type-post","status-publish","format-standard","hentry","category-sin-categoria"],"_links":{"self":[{"href":"https:\/\/edublog.educastur.es\/ixuxu\/wp-json\/wp\/v2\/posts\/57414","targetHints":{"allow":["GET"]}}],"collection":[{"href":"https:\/\/edublog.educastur.es\/ixuxu\/wp-json\/wp\/v2\/posts"}],"about":[{"href":"https:\/\/edublog.educastur.es\/ixuxu\/wp-json\/wp\/v2\/types\/post"}],"author":[{"embeddable":true,"href":"https:\/\/edublog.educastur.es\/ixuxu\/wp-json\/wp\/v2\/users\/117"}],"replies":[{"embeddable":true,"href":"https:\/\/edublog.educastur.es\/ixuxu\/wp-json\/wp\/v2\/comments?post=57414"}],"version-history":[{"count":4,"href":"https:\/\/edublog.educastur.es\/ixuxu\/wp-json\/wp\/v2\/posts\/57414\/revisions"}],"predecessor-version":[{"id":57441,"href":"https:\/\/edublog.educastur.es\/ixuxu\/wp-json\/wp\/v2\/posts\/57414\/revisions\/57441"}],"wp:attachment":[{"href":"https:\/\/edublog.educastur.es\/ixuxu\/wp-json\/wp\/v2\/media?parent=57414"}],"wp:term":[{"taxonomy":"category","embeddable":true,"href":"https:\/\/edublog.educastur.es\/ixuxu\/wp-json\/wp\/v2\/categories?post=57414"},{"taxonomy":"post_tag","embeddable":true,"href":"https:\/\/edublog.educastur.es\/ixuxu\/wp-json\/wp\/v2\/tags?post=57414"}],"curies":[{"name":"wp","href":"https:\/\/api.w.org\/{rel}","templated":true}]}}