{"id":57416,"date":"2025-09-08T10:00:49","date_gmt":"2025-09-08T08:00:49","guid":{"rendered":"https:\/\/edublog.educastur.es\/ixuxu\/?p=57416"},"modified":"2025-09-10T11:33:39","modified_gmt":"2025-09-10T09:33:39","slug":"dau-vien-el-nome-de-los-y-les-asturianes","status":"publish","type":"post","link":"https:\/\/edublog.educastur.es\/ixuxu\/2025\/09\/dau-vien-el-nome-de-los-y-les-asturianes\/","title":{"rendered":"\u00bfD&#8217;au vien el nome de los y les asturianes?"},"content":{"rendered":"<div class=\"xdj266r x14z9mp xat24cr x1lziwak x1vvkbs x126k92a\">\u00bfD&#8217;au vien el nome de los y les asturianes? @javisolf vien a esplic\u00e1noslo nel d\u00eda&#8217;l pa\u00eds. <a href=\"https:\/\/www.facebook.com\/profile.php?id=61561700227193\"><strong>Les Fartures<\/strong><\/a><\/div>\n<ul>\n<li class=\"xdj266r x14z9mp xat24cr x1lziwak x1vvkbs x126k92a\"><a href=\"https:\/\/astures.es\/campamentos-romanos-en-asturias-un-territorio-poco-hostil-a-roma\/\">Poblaos romanos n&#8217;Asturies.<\/a><\/li>\n<\/ul>\n<div><\/div>\n<div><\/div>\n<div style=\"text-align: center\">\n<!-- iframe plugin v.6.0 wordpress.org\/plugins\/iframe\/ -->\n<iframe loading=\"lazy\" src=\"https:\/\/www.facebook.com\/plugins\/video.php?height=476&#038;href=https%3A%2F%2Fwww.facebook.com%2Freel%2F1447798899774572%2F&#038;show_text=false&#038;width=267&#038;t=0\" width=\"267\" height=\"476\" style=\"border:none;overflow:hidden\" scrolling=\"no\" frameborder=\"0\" allowfullscreen=\"true\" allow=\"autoplay; clipboard-write; encrypted-media; picture-in-picture; web-share\" 0=\"\/iframe\" class=\"iframe-class\"><\/iframe>\n<\/div>\n<div><!--more--><\/div>\n<div>\u00c1stures, al norte del r\u00edu Astur\/Esla<\/div>\n<div style=\"text-align: center\"><a href=\"https:\/\/upload.wikimedia.org\/wikipedia\/commons\/4\/45\/Mapa_pueblos_pre-romanos_de_Asturias.jpg\"><img loading=\"lazy\" decoding=\"async\" class=\"aligncenter size-large\" src=\"https:\/\/upload.wikimedia.org\/wikipedia\/commons\/4\/45\/Mapa_pueblos_pre-romanos_de_Asturias.jpg\" width=\"300\" height=\"182\" \/><\/a><\/div>\n<div><a href=\"https:\/\/astures.es\/wp-content\/uploads\/2023\/02\/maa.webp\"><img loading=\"lazy\" decoding=\"async\" class=\"aligncenter size-large\" src=\"https:\/\/astures.es\/wp-content\/uploads\/2023\/02\/maa.webp\" width=\"900\" height=\"506\" \/><\/a><\/div>\n<p>&nbsp;<\/p>\n","protected":false},"excerpt":{"rendered":"<p>\u00bfD&#8217;au vien el nome de los y les asturianes? @javisolf vien a esplic\u00e1noslo nel d\u00eda&#8217;l pa\u00eds. Les Fartures Poblaos romanos n&#8217;Asturies.<\/p>\n","protected":false},"author":117,"featured_media":0,"comment_status":"closed","ping_status":"open","sticky":false,"template":"","format":"standard","meta":{"footnotes":""},"categories":[297],"tags":[],"class_list":["post-57416","post","type-post","status-publish","format-standard","hentry","category-hestoria"],"_links":{"self":[{"href":"https:\/\/edublog.educastur.es\/ixuxu\/wp-json\/wp\/v2\/posts\/57416","targetHints":{"allow":["GET"]}}],"collection":[{"href":"https:\/\/edublog.educastur.es\/ixuxu\/wp-json\/wp\/v2\/posts"}],"about":[{"href":"https:\/\/edublog.educastur.es\/ixuxu\/wp-json\/wp\/v2\/types\/post"}],"author":[{"embeddable":true,"href":"https:\/\/edublog.educastur.es\/ixuxu\/wp-json\/wp\/v2\/users\/117"}],"replies":[{"embeddable":true,"href":"https:\/\/edublog.educastur.es\/ixuxu\/wp-json\/wp\/v2\/comments?post=57416"}],"version-history":[{"count":5,"href":"https:\/\/edublog.educastur.es\/ixuxu\/wp-json\/wp\/v2\/posts\/57416\/revisions"}],"predecessor-version":[{"id":57418,"href":"https:\/\/edublog.educastur.es\/ixuxu\/wp-json\/wp\/v2\/posts\/57416\/revisions\/57418"}],"wp:attachment":[{"href":"https:\/\/edublog.educastur.es\/ixuxu\/wp-json\/wp\/v2\/media?parent=57416"}],"wp:term":[{"taxonomy":"category","embeddable":true,"href":"https:\/\/edublog.educastur.es\/ixuxu\/wp-json\/wp\/v2\/categories?post=57416"},{"taxonomy":"post_tag","embeddable":true,"href":"https:\/\/edublog.educastur.es\/ixuxu\/wp-json\/wp\/v2\/tags?post=57416"}],"curies":[{"name":"wp","href":"https:\/\/api.w.org\/{rel}","templated":true}]}}