{"id":5742,"date":"2021-05-01T08:00:57","date_gmt":"2021-05-01T06:00:57","guid":{"rendered":"https:\/\/edublog.educastur.es\/ixuxu\/?p=5742"},"modified":"2021-05-02T08:31:23","modified_gmt":"2021-05-02T06:31:23","slug":"llogren-rescatar-con-un-helicopteru-a-un-toru-de-1-000-quilos-que-baxo-por-un-cantil-en-gozon","status":"publish","type":"post","link":"https:\/\/edublog.educastur.es\/ixuxu\/2021\/05\/llogren-rescatar-con-un-helicopteru-a-un-toru-de-1-000-quilos-que-baxo-por-un-cantil-en-gozon\/","title":{"rendered":"Llogren rescatar con un helic\u00f3pteru a un toru de 1.000 quilos que bax\u00f3 per un cantil en Goz\u00f3n"},"content":{"rendered":"<p style=\"text-align: center\"><a href=\"https:\/\/estaticos-cdn.prensaiberica.es\/clip\/8261666e-a000-4b7a-bad5-f1b69129f19d_16-9-discover-aspect-ratio_default_0.jpg\"><img loading=\"lazy\" decoding=\"async\" class=\"alignnone\" src=\"https:\/\/estaticos-cdn.prensaiberica.es\/clip\/8261666e-a000-4b7a-bad5-f1b69129f19d_16-9-discover-aspect-ratio_default_0.jpg\" alt=\"\" width=\"1200\" height=\"675\" \/><\/a><\/p>\n<ul>\n<li><a href=\"https:\/\/www.lavozdeasturias.es\/noticia\/asturias\/2021\/04\/28\/logranrescatar-helicoptero-toro-1000-kilos-precipito-acantilado-gozon\/00031619601152729527675.htm\">Fonte noticia: La Voz de Asturias<\/a><\/li>\n<\/ul>\n<p>L&#8217;helic\u00f3pteru de Bomberos d&#8217;Asturies llogr\u00f3 rescatar a un toru que se basti\u00f3\/precipit\u00f3 por un cantil na zona de la sablera de la Carnera, nel Ferrero (Goz\u00f3n), una zona cercana al Cabu Pe\u00f1es.<\/p>\n<p><!--more--><\/p>\n<p>&nbsp;<\/p>\n<p><img loading=\"lazy\" decoding=\"async\" class=\"size-full aligncenter\" src=\"https:\/\/estaticos-cdn.prensaiberica.es\/clip\/85e6715e-7446-4849-9d01-ef245923c330_source-aspect-ratio_default_0.jpg\" width=\"647\" height=\"668\" \/><\/p>\n<p style=\"text-align: center\">\n<!-- iframe plugin v.6.0 wordpress.org\/plugins\/iframe\/ -->\n<iframe loading=\"lazy\" src=\"\/\/cdn.jwplayer.com\/players\/rIt5q37K-XsvZp6Ez.html\" width=\"480\" height=\"270\" frameborder=\"0\" scrolling=\"auto\" 0=\"\/iframe\" class=\"iframe-class\"><\/iframe>\n<\/p>\n<p>El due\u00f1u del animal, un semental d&#8217;Asturiana de los Valles d&#8217;unos mil quilos de pesu, diose cuenta en redol a les 16.00 hores de la tarde d&#8217;ayeri de que nun taba na campera. Al buscalo violu na sablera de la Carnera y foi ent\u00f3s cuando dio avisu al veterinariu y a los servicios de rescate.<\/p>\n<p>&nbsp;<\/p>\n<p><a href=\"https:\/\/estaticos-cdn.prensaiberica.es\/clip\/65cc7bb5-f32e-4379-80b9-a3831bbe2700_21-9-aspect-ratio_default_0.jpg\"><img loading=\"lazy\" decoding=\"async\" class=\"alignnone\" src=\"https:\/\/estaticos-cdn.prensaiberica.es\/clip\/65cc7bb5-f32e-4379-80b9-a3831bbe2700_21-9-aspect-ratio_default_0.jpg\" alt=\"\" width=\"1280\" height=\"548\" \/><\/a><\/p>\n<p>Tuvo de dir baxando pol cantil porque nun tien rota nin la punta d&#8217;un cuernu\u201d, se\u00f1al\u00f3&#8217;l so propietariu \u00c1ngel Ram\u00f3n Arenas, en supervisando l&#8217;est\u00e1u del animal.<\/p>\n<p>&nbsp;<\/p>\n","protected":false},"excerpt":{"rendered":"<p>Fonte noticia: La Voz de Asturias L&#8217;helic\u00f3pteru de Bomberos d&#8217;Asturies llogr\u00f3 rescatar a un toru que se basti\u00f3\/precipit\u00f3 por un cantil na zona de la sablera de la Carnera, nel Ferrero (Goz\u00f3n), una zona cercana al Cabu Pe\u00f1es.<\/p>\n","protected":false},"author":117,"featured_media":0,"comment_status":"open","ping_status":"open","sticky":false,"template":"","format":"standard","meta":{"footnotes":""},"categories":[25],"tags":[],"class_list":["post-5742","post","type-post","status-publish","format-standard","hentry","category-curiosidaes"],"_links":{"self":[{"href":"https:\/\/edublog.educastur.es\/ixuxu\/wp-json\/wp\/v2\/posts\/5742","targetHints":{"allow":["GET"]}}],"collection":[{"href":"https:\/\/edublog.educastur.es\/ixuxu\/wp-json\/wp\/v2\/posts"}],"about":[{"href":"https:\/\/edublog.educastur.es\/ixuxu\/wp-json\/wp\/v2\/types\/post"}],"author":[{"embeddable":true,"href":"https:\/\/edublog.educastur.es\/ixuxu\/wp-json\/wp\/v2\/users\/117"}],"replies":[{"embeddable":true,"href":"https:\/\/edublog.educastur.es\/ixuxu\/wp-json\/wp\/v2\/comments?post=5742"}],"version-history":[{"count":3,"href":"https:\/\/edublog.educastur.es\/ixuxu\/wp-json\/wp\/v2\/posts\/5742\/revisions"}],"predecessor-version":[{"id":5745,"href":"https:\/\/edublog.educastur.es\/ixuxu\/wp-json\/wp\/v2\/posts\/5742\/revisions\/5745"}],"wp:attachment":[{"href":"https:\/\/edublog.educastur.es\/ixuxu\/wp-json\/wp\/v2\/media?parent=5742"}],"wp:term":[{"taxonomy":"category","embeddable":true,"href":"https:\/\/edublog.educastur.es\/ixuxu\/wp-json\/wp\/v2\/categories?post=5742"},{"taxonomy":"post_tag","embeddable":true,"href":"https:\/\/edublog.educastur.es\/ixuxu\/wp-json\/wp\/v2\/tags?post=5742"}],"curies":[{"name":"wp","href":"https:\/\/api.w.org\/{rel}","templated":true}]}}