{"id":57422,"date":"2025-09-10T11:37:22","date_gmt":"2025-09-10T09:37:22","guid":{"rendered":"https:\/\/edublog.educastur.es\/ixuxu\/?p=57422"},"modified":"2025-09-10T11:37:22","modified_gmt":"2025-09-10T09:37:22","slug":"uvieu-va-ser-la-ciuda-europea-del-deporte-en-2026","status":"publish","type":"post","link":"https:\/\/edublog.educastur.es\/ixuxu\/2025\/09\/uvieu-va-ser-la-ciuda-europea-del-deporte-en-2026\/","title":{"rendered":"Uvi\u00e9u va ser la Ciud\u00e1 Europea del Deporte en 2026"},"content":{"rendered":"<p><a href=\"https:\/\/www.lne.es\/oviedo\/2025\/09\/09\/oviedo-sera-ciudad-europea-deporte-121409409.html\">LNE<\/a> \/<\/p>\n<p style=\"text-align: center\"><a href=\"https:\/\/estaticos-cdn.prensaiberica.es\/clip\/66191cc4-70bc-44e8-bc7d-ae0a39a640b3_16-9-aspect-ratio_default_0.jpg\"><img loading=\"lazy\" decoding=\"async\" class=\"aligncenter size-large\" src=\"https:\/\/estaticos-cdn.prensaiberica.es\/clip\/66191cc4-70bc-44e8-bc7d-ae0a39a640b3_16-9-aspect-ratio_default_0.jpg\" width=\"880\" height=\"495\" \/><\/a><\/p>\n<p>L&#8217;Alcalde anuncia y dedica la designaci\u00f3n \u00e9nte m\u00e1s d&#8217;un centenar de clubes y escueles deportives: \u00abYe&#8217;l premiu al vuesu trabayu permanente, ensin horarios\u00bb. Semeya de familia del Alcalde y la conceyala de Deportes, con representantes de clubes y escueles deportives pa celebrar la designaci\u00f3n, na plaza del Conceyu d&#8217;Uvi\u00e9u.<\/p>\n<p><!--more--><br \/>\nUvi\u00e9u va ser Ciud\u00e1 Europea del Deporte en 2026. \u00abTen\u00eda la esperanza de qu&#8217;esta tarde diba comunicavos daqu\u00e9 bien importante pa Uvi\u00e9u. Fix\u00e9ronnos Ciud\u00e1 Europea del Deporte\u00bb. Esti anunciu del alcalde, Alfredo Canteli, atop\u00f3 por respuesta una enllargada ovaci\u00f3n de los m\u00e1s de cien representantes de clubes y escueles deportives que fueren convocaos nel sal\u00f3n de plenos del Conceyu pa conocer los detalles y novedaes de la gala de la Selmana Europea del Deporte, que va tener llugar el domingu 28 de setiembre nel Palaciu de los Deportes y la so contorna.<\/p>\n<p>L&#8217;Alcalde destac\u00f3 la gran importancia d&#8217;una designaci\u00f3n<strong> \u00abque solo consiguieron dos capitales de provincia a nivel nacional, Valladolid y Uvi\u00e9u\u00bb.<\/strong> Alfredo Canteli afirm\u00f3 que la reconocencia \u00abye xuna noticia bien importante, supon el premiu al gran trabayu de la conceyal\u00eda de Deportes con tola so xente, que yo s\u00e9 lo que trabayaron, llucharon por consiguir lo .Y tami\u00e9n ye&#8217;l premiu a los m\u00e1s de cien clubes que trabay\u00e1is *permanentemente, ensin horarios, ensin sueldos, con poques ayudes\u2026\u00bb.<\/p>\n<p>La distinci\u00f3n d&#8217;Uvi\u00e9u como capital europea del Deporte pal a\u00f1u 2026 supon la culminaci\u00f3n de m\u00e1s d&#8217;un a\u00f1u de trabayu coordin\u00e1u pola concejala delegada d&#8217;esa \u00e1rea, Concepci\u00f3n M\u00e9ndez, que pas\u00f3 la prueba de fueu na defensa del dossier de la ciud\u00e1, que tuvo llugar el pas\u00e1u mes de xunu. La concejala tuvo dende esi d\u00eda bones vibraciones dempu\u00e9s de que l&#8217;equipu desaminador valore que la candidatura d&#8217;Uvi\u00e9u \u00abten\u00eda conten\u00edu, nun yera daqu\u00e9 vac\u00edu\u00bb. L&#8217;\u00e9situ de la candidatura d&#8217;Uvi\u00e9u, a\u00f1edi\u00f3 Canteli, \u00abnun ye porque l&#8217;Alcalde f\u00edzolo bien, ye porque toos creo que lo fiximos bien, por eso quiero directamente estimavos esi sofitu permanente, esa llucha pol deporte n&#8217;Uvi\u00e9u\u00bb.<\/p>\n<p>El rexidor fixo especial fincapi\u00e9 nos valores positivos del deporte, qu&#8217;animaron al Conceyu a trabayar nesta candidatura: \u00abYe sal\u00fa, ayuda a faer meyores persones y tou eso vese compens\u00e1u faci\u00e9ndonos Ciud\u00e1 Europea de Deporte\u00bb. Canteli termin\u00f3&#8217;l so curtiu discursu d&#8217;agradecimientu a los clubes y escueles deportives del conceyu con un mensaxe de futuru, carg\u00e1u de deseos positivos. \u00ab\u00bfYera dif\u00edcil? S\u00ed, pero habelo consigu\u00edu, y por eso yo quiero estimavos de coraz\u00f3n, felicitavos a toos y p\u00eddovos que sigamos toos xun\u00edos trabayando pol deporte n&#8217;Uvi\u00e9u\u00bb, manifest\u00f3 l&#8217;Alcalde.<\/p>\n","protected":false},"excerpt":{"rendered":"<p>LNE \/ L&#8217;Alcalde anuncia y dedica la designaci\u00f3n \u00e9nte m\u00e1s d&#8217;un centenar de clubes y escueles deportives: \u00abYe&#8217;l premiu al vuesu trabayu permanente, ensin horarios\u00bb. Semeya de familia del Alcalde y la conceyala de Deportes, con representantes de clubes y escueles deportives pa celebrar la designaci\u00f3n, na plaza del Conceyu d&#8217;Uvi\u00e9u.<\/p>\n","protected":false},"author":117,"featured_media":0,"comment_status":"closed","ping_status":"open","sticky":false,"template":"","format":"standard","meta":{"footnotes":""},"categories":[133,33],"tags":[],"class_list":["post-57422","post","type-post","status-publish","format-standard","hentry","category-deportes","category-uvieu"],"_links":{"self":[{"href":"https:\/\/edublog.educastur.es\/ixuxu\/wp-json\/wp\/v2\/posts\/57422","targetHints":{"allow":["GET"]}}],"collection":[{"href":"https:\/\/edublog.educastur.es\/ixuxu\/wp-json\/wp\/v2\/posts"}],"about":[{"href":"https:\/\/edublog.educastur.es\/ixuxu\/wp-json\/wp\/v2\/types\/post"}],"author":[{"embeddable":true,"href":"https:\/\/edublog.educastur.es\/ixuxu\/wp-json\/wp\/v2\/users\/117"}],"replies":[{"embeddable":true,"href":"https:\/\/edublog.educastur.es\/ixuxu\/wp-json\/wp\/v2\/comments?post=57422"}],"version-history":[{"count":1,"href":"https:\/\/edublog.educastur.es\/ixuxu\/wp-json\/wp\/v2\/posts\/57422\/revisions"}],"predecessor-version":[{"id":57423,"href":"https:\/\/edublog.educastur.es\/ixuxu\/wp-json\/wp\/v2\/posts\/57422\/revisions\/57423"}],"wp:attachment":[{"href":"https:\/\/edublog.educastur.es\/ixuxu\/wp-json\/wp\/v2\/media?parent=57422"}],"wp:term":[{"taxonomy":"category","embeddable":true,"href":"https:\/\/edublog.educastur.es\/ixuxu\/wp-json\/wp\/v2\/categories?post=57422"},{"taxonomy":"post_tag","embeddable":true,"href":"https:\/\/edublog.educastur.es\/ixuxu\/wp-json\/wp\/v2\/tags?post=57422"}],"curies":[{"name":"wp","href":"https:\/\/api.w.org\/{rel}","templated":true}]}}