{"id":57424,"date":"2025-09-09T08:55:40","date_gmt":"2025-09-09T06:55:40","guid":{"rendered":"https:\/\/edublog.educastur.es\/ixuxu\/?p=57424"},"modified":"2025-09-10T11:41:10","modified_gmt":"2025-09-10T09:41:10","slug":"57424","status":"publish","type":"post","link":"https:\/\/edublog.educastur.es\/ixuxu\/2025\/09\/57424\/","title":{"rendered":"Celendariu Escolar 2025-2026"},"content":{"rendered":"<p style=\"text-align: center\"><a href=\"https:\/\/s2.ppllstatics.com\/elcomercio\/www\/multimedia\/2025\/09\/09\/calendario-curso-escolar-2025-2026-asturias-khw-U2302869818514FsF-1200x840@El%20Comercio.jpg\"><img loading=\"lazy\" decoding=\"async\" class=\"aligncenter size-large\" src=\"https:\/\/s2.ppllstatics.com\/elcomercio\/www\/multimedia\/2025\/09\/09\/calendario-curso-escolar-2025-2026-asturias-khw-U2302869818514FsF-1200x840@El%20Comercio.jpg\" width=\"1200\" height=\"840\" \/><\/a><\/p>\n<p><strong>Vacaciones:\u00a0 <\/strong><\/p>\n<ul>\n<li>Vacaciones de Navid\u00e1 del 20 d&#8217;avientu al 7 de xineru<\/li>\n<li>Vacaciones de Selmana Santa del 28 de marzu y el 5 d&#8217;abril<\/li>\n<\/ul>\n<p><!--more--><\/p>\n<p><strong>Respiros pedag\u00f3xicos:<\/strong><\/p>\n<ul>\n<li><strong>Primer trimestre<\/strong> Payares: cuatro d\u00edes con motivu del festivu de Tolos Santos<\/li>\n<li><strong>Segundu trimestre<\/strong> del 13 al 17 de febreru: cinco d\u00edes correspondientes a la Selmana Blanca<\/li>\n<li><strong>Tercer trimestre<\/strong> del 1 al 4 de mayu: cuatro d\u00edes, de vienres a llunes<\/li>\n<\/ul>\n<p>La Conseyer\u00eda d&#8217;Educaci\u00f3n estableci\u00f3 <strong>177 xornaes lectives ente&#8217;l 9 de setiembre y el 19 de xunu<\/strong>, a les que se van descontar los dos festivos locales de cada conceyu.<\/p>\n<p>El calendariu fixa vacaciones de Navid\u00e1 de 19 d\u00edes, del 20 d&#8217;avientu al 7 de xineru, y de Selmana Santa de nueve, ente&#8217;l 28 de marzu y el 5 d&#8217;abril. Coles mesmes, van caltenese los denominaos respiros pedag\u00f3xicos, con interrupciones nos tr\u00e9s trimestres: en payares, cuatro d\u00edes con motivu del festivu de Tolos Santos; en febreru, cinco xornaes correspondientes a la Selmana Blanca del 13 al 17; y en mayu, cuatro, ente&#8217;l vienres 1 y el llunes 4.<\/p>\n","protected":false},"excerpt":{"rendered":"<p>Vacaciones:\u00a0 Vacaciones de Navid\u00e1 del 20 d&#8217;avientu al 7 de xineru Vacaciones de Selmana Santa del 28 de marzu y el 5 d&#8217;abril<\/p>\n","protected":false},"author":117,"featured_media":0,"comment_status":"closed","ping_status":"open","sticky":false,"template":"","format":"aside","meta":{"footnotes":""},"categories":[73],"tags":[],"class_list":["post-57424","post","type-post","status-publish","format-aside","hentry","category-calendariu","post_format-post-format-aside"],"_links":{"self":[{"href":"https:\/\/edublog.educastur.es\/ixuxu\/wp-json\/wp\/v2\/posts\/57424","targetHints":{"allow":["GET"]}}],"collection":[{"href":"https:\/\/edublog.educastur.es\/ixuxu\/wp-json\/wp\/v2\/posts"}],"about":[{"href":"https:\/\/edublog.educastur.es\/ixuxu\/wp-json\/wp\/v2\/types\/post"}],"author":[{"embeddable":true,"href":"https:\/\/edublog.educastur.es\/ixuxu\/wp-json\/wp\/v2\/users\/117"}],"replies":[{"embeddable":true,"href":"https:\/\/edublog.educastur.es\/ixuxu\/wp-json\/wp\/v2\/comments?post=57424"}],"version-history":[{"count":4,"href":"https:\/\/edublog.educastur.es\/ixuxu\/wp-json\/wp\/v2\/posts\/57424\/revisions"}],"predecessor-version":[{"id":57428,"href":"https:\/\/edublog.educastur.es\/ixuxu\/wp-json\/wp\/v2\/posts\/57424\/revisions\/57428"}],"wp:attachment":[{"href":"https:\/\/edublog.educastur.es\/ixuxu\/wp-json\/wp\/v2\/media?parent=57424"}],"wp:term":[{"taxonomy":"category","embeddable":true,"href":"https:\/\/edublog.educastur.es\/ixuxu\/wp-json\/wp\/v2\/categories?post=57424"},{"taxonomy":"post_tag","embeddable":true,"href":"https:\/\/edublog.educastur.es\/ixuxu\/wp-json\/wp\/v2\/tags?post=57424"}],"curies":[{"name":"wp","href":"https:\/\/api.w.org\/{rel}","templated":true}]}}