{"id":57429,"date":"2025-09-10T11:42:27","date_gmt":"2025-09-10T09:42:27","guid":{"rendered":"https:\/\/edublog.educastur.es\/ixuxu\/?p=57429"},"modified":"2025-09-10T20:46:51","modified_gmt":"2025-09-10T18:46:51","slug":"la-universida-duvieu-lleva-la-cultura-asturiana-a-nueva-york","status":"publish","type":"post","link":"https:\/\/edublog.educastur.es\/ixuxu\/2025\/09\/la-universida-duvieu-lleva-la-cultura-asturiana-a-nueva-york\/","title":{"rendered":"La Universid\u00e1 d&#8217;Uvi\u00e9u lleva la cultura asturiana a Nueva York"},"content":{"rendered":"<p>11 y 12 de setiembre Creadores contemporaneos como Rodrigo Cuevas, Xaime Mart\u00ednez, Laura Casielles, Alba Gonz\u00e1lez Sanz o Paquita Su\u00e1rez Cuaya participen nun alcuentru para amosar el patrimoniu cultural y lling\u00fc\u00edstico de la rex\u00f3n na ciud\u00e1 estadounidense. <a href=\"https:\/\/www.elcomercio.es\/asturias\/universidad\/cultura-asturiana-nueva-york-universidad-oviedo-20250909135238-nt.html\">El Comercio<\/a> \/ <a href=\"https:\/\/www.rtpa.es\/noticias-sociedad\/2025-09-09\/La-Universidad-de-Oviedo-lleva-la-cultura-asturiana-contemporanea-a-Nueva-York_111757416385.html?fbclid=IwY2xjawMupnJleHRuA2FlbQIxMQABHjE6RMzgMbJQtr25tCFUZekx0JlqW4C2fpP9F0-vJ4htlw1dxYm8EktMk1uQ_aem_BqHKsaEN1Fncx9id6cJqLg\">RTPA<\/a> \/<\/p>\n<p style=\"text-align: center\"><a href=\"https:\/\/s2.ppllstatics.com\/elcomercio\/www\/multimedia\/2025\/09\/09\/cultura-asturiana-nueva-york-kpV-U23028718476647cC-1200x840@El%20Comercio.jpg\"><img loading=\"lazy\" decoding=\"async\" class=\"aligncenter size-large\" src=\"https:\/\/s2.ppllstatics.com\/elcomercio\/www\/multimedia\/2025\/09\/09\/cultura-asturiana-nueva-york-kpV-U23028718476647cC-1200x840@El%20Comercio.jpg\" width=\"1200\" height=\"840\" \/><\/a><\/p>\n<p style=\"text-align: center\">Dalgunos de\u00a0 los ceadores asturianos que van participar nel eventu<br \/>\n<span style=\"color: #008080\"><strong>&#8216;Asturies: territoriu de conocencia y de cultures&#8217;<\/strong><\/span><\/p>\n<p>El programa inxerta tres xeres culturales qu\u2019amuesen la riqueza acad\u00e9mica, art\u00edstica y lliteraria asturiana y nes que s\u2019afondar\u00e1 n\u2019aspectos como la lliteratura, la m\u00fasica, el folclor o la industria musical y el so papel nel mediu rural.<\/p>\n<p><!--more--><a href=\"https:\/\/s3.ppllstatics.com\/elcomercio\/www\/multimedia\/2025\/09\/09\/asturias-nueya-york-universidad-oviedo.jpg\"><img loading=\"lazy\" decoding=\"async\" class=\"aligncenter size-large\" src=\"https:\/\/s3.ppllstatics.com\/elcomercio\/www\/multimedia\/2025\/09\/09\/asturias-nueya-york-universidad-oviedo.jpg\" width=\"1123\" height=\"1587\" \/><\/a><\/p>\n<ul>\n<li class=\"font-size-xxl margin-b-5 font-weight-b color-b-050 letter-spacing--1 fuente-corporativa\">La Universid\u00e1 d&#8217;Uvi\u00e9u lleva la cultura asturiana contempor\u00e1nea a Nueva York.<\/li>\n<\/ul>\n<p>La iniciativa cunta col patrociniu de la Conseyer\u00eda de Cultura, Pol\u00edtica Lling\u00fc\u00edstica y Deporte del Princip\u00e1u d&#8217;Asturies, seg\u00fan del Institutu Cervantes y del Consul\u00e1u Xeneral d&#8217;Espa\u00f1a en Nueva York. La delegada del Rector para&#8217;l Real Colexu Complutense n&#8217;Harvard y Am\u00e9rica del Norte, Cristina Vald\u00e9s, foi la impulsora d&#8217;esti proyectu col que la Universid\u00e1 d&#8217;Uvi\u00e9u busca \u00abreafitar el so compromisu col territoriu al empar que fomenta la so proyecci\u00f3n global\u00bb.<\/p>\n<p>\u00abLlevar la cultura asturiana a un espaciu como&#8217;l de la Universid\u00e1 de Nueva York significa abrir nueves v\u00edes de collaboraci\u00f3n acad\u00e9mica y cultural que beneficien tantu a Asturies como a la comunid\u00e1 hispanofalante d&#8217;Estaos Xun\u00edos\u00bb, a\u00f1edi\u00f3.<\/p>\n<p>El programa incl\u00fai tr\u00e9s actividaes culturales que reflexen la riqueza acad\u00e9mica, art\u00edstica y lliteraria asturiana y va desenvolvese na see d&#8217;Espaciu de Cultures de la Universid\u00e1 de Nueva York, en Washington Square. Mientres la primer xornada va encetase la lliteratura y el papel de la Universid\u00e1 na rex\u00f3n al travi\u00e9s de dos propuestes.<\/p>\n<p>Va abrir el ciclu una conferencia sobro La Universid\u00e1 d&#8217;Uvi\u00e9u nel so territoriu que va impartir la mesma Cristina Vald\u00e9s, profesora de Filolox\u00eda Inglesa, p&#8217;amosar la vocaci\u00f3n internacional y el compromisu col territoriu de la instituci\u00f3n acad\u00e9mica asturiana.<\/p>\n<p>Dempu\u00e9s, va tener llugar un conversatorio ente los escritores asturianes Laura Casielles, Alba Gonz\u00e1lez Sanz y Paquita Su\u00e1rez Cuaya, titul\u00e1u Lliteratura n&#8217;Asturies, escribir ente dos veres. N\u00e9l van encetar los grandes desaf\u00edos de la lliteratura actual y les singularidaes de la producida por muyeres, dende dambes veres.<\/p>\n<p style=\"text-align: center\"><a href=\"https:\/\/www.rtpa.es\/fotos\/\/25\/09\/20250909140225_RTPA7082639.webp\"><img loading=\"lazy\" decoding=\"async\" class=\"aligncenter size-large\" src=\"https:\/\/www.rtpa.es\/fotos\/\/25\/09\/20250909140225_RTPA7082639.webp\" width=\"853\" height=\"480\" \/><\/a><\/p>\n<p><strong>Asturianos residentes en Nueva York<\/strong><br \/>\nLa segunda xornada va tar dedicada a la m\u00fasica y al folclor. Pa ello, Xaime Mart\u00ednez y Rodrigo Cuevas, que va participar por videoconferencia, van cavilgar sobro la innovaci\u00f3n y la creativid\u00e1 de los ceadores asturianos contemporaneos al travi\u00e9s de la esploraci\u00f3n de nueves formes d&#8217;espresi\u00f3n ensin perder el venceyu colos sos raiga\u00f1os. Al pie de la music\u00f3loga Raquel L\u00f3pez Fern\u00e1ndez, van dialogar sobro la vocaci\u00f3n internacional de la cultura asturiana y el papel de la industria cultural nel mediu rural. L&#8217;alcuentru va ser present\u00e1u por Luke Bowe, historiador vencey\u00e1u a la Universid\u00e1 de Nueva York que realiz\u00f3 una estancia na Universid\u00e1 d&#8217;Uvi\u00e9u.<\/p>\n<p>Ente lo m\u00e1s destacable de la iniciativa, cabo se\u00f1alar la implicaci\u00f3n y collaboraci\u00f3n que numberosos asturianos y asturianes residentes en Nueva York amosaron cola organizaci\u00f3n del eventu. Con esta iniciativa, la Universid\u00e1 d&#8217;Uvi\u00e9u consolida&#8217;l so papel como ponte ente la tradici\u00f3n asturiana y los escenarios internacionales, reforzando la visibilid\u00e1 de la llingua, la lliteratura y la m\u00fasica de la rex\u00f3n nun marcu global.<\/p>\n","protected":false},"excerpt":{"rendered":"<p>11 y 12 de setiembre Creadores contemporaneos como Rodrigo Cuevas, Xaime Mart\u00ednez, Laura Casielles, Alba Gonz\u00e1lez Sanz o Paquita Su\u00e1rez Cuaya participen nun alcuentru para amosar el patrimoniu cultural y lling\u00fc\u00edstico de la rex\u00f3n na ciud\u00e1 estadounidense. El Comercio \/ RTPA \/ Dalgunos de\u00a0 los ceadores asturianos que van participar nel eventu &#8216;Asturies: territoriu de [&hellip;]<\/p>\n","protected":false},"author":117,"featured_media":0,"comment_status":"closed","ping_status":"open","sticky":false,"template":"","format":"standard","meta":{"footnotes":""},"categories":[212],"tags":[],"class_list":["post-57429","post","type-post","status-publish","format-standard","hentry","category-universida-duvieu"],"_links":{"self":[{"href":"https:\/\/edublog.educastur.es\/ixuxu\/wp-json\/wp\/v2\/posts\/57429","targetHints":{"allow":["GET"]}}],"collection":[{"href":"https:\/\/edublog.educastur.es\/ixuxu\/wp-json\/wp\/v2\/posts"}],"about":[{"href":"https:\/\/edublog.educastur.es\/ixuxu\/wp-json\/wp\/v2\/types\/post"}],"author":[{"embeddable":true,"href":"https:\/\/edublog.educastur.es\/ixuxu\/wp-json\/wp\/v2\/users\/117"}],"replies":[{"embeddable":true,"href":"https:\/\/edublog.educastur.es\/ixuxu\/wp-json\/wp\/v2\/comments?post=57429"}],"version-history":[{"count":6,"href":"https:\/\/edublog.educastur.es\/ixuxu\/wp-json\/wp\/v2\/posts\/57429\/revisions"}],"predecessor-version":[{"id":57471,"href":"https:\/\/edublog.educastur.es\/ixuxu\/wp-json\/wp\/v2\/posts\/57429\/revisions\/57471"}],"wp:attachment":[{"href":"https:\/\/edublog.educastur.es\/ixuxu\/wp-json\/wp\/v2\/media?parent=57429"}],"wp:term":[{"taxonomy":"category","embeddable":true,"href":"https:\/\/edublog.educastur.es\/ixuxu\/wp-json\/wp\/v2\/categories?post=57429"},{"taxonomy":"post_tag","embeddable":true,"href":"https:\/\/edublog.educastur.es\/ixuxu\/wp-json\/wp\/v2\/tags?post=57429"}],"curies":[{"name":"wp","href":"https:\/\/api.w.org\/{rel}","templated":true}]}}