{"id":57445,"date":"2025-09-10T08:30:52","date_gmt":"2025-09-10T06:30:52","guid":{"rendered":"https:\/\/edublog.educastur.es\/ixuxu\/?p=57445"},"modified":"2025-09-10T12:02:55","modified_gmt":"2025-09-10T10:02:55","slug":"estau-del-tiempu-miercoles-10-setiembre","status":"publish","type":"post","link":"https:\/\/edublog.educastur.es\/ixuxu\/2025\/09\/estau-del-tiempu-miercoles-10-setiembre\/","title":{"rendered":"Est\u00e1u del tiempu: mi\u00e9rcoles 10 setiembre"},"content":{"rendered":"<div class=\"html-div xdj266r x14z9mp xat24cr x1lziwak xexx8yu xyri2b x18d9i69 x1c1uobl\">\n<div class=\"html-div xdj266r x14z9mp x1lziwak x18d9i69 x1cy8zhl x78zum5 x1q0g3np xod5an3 xz9dl7a x1g0dm76 xpdmqnj\">\n<div class=\"html-div xdj266r x14z9mp xat24cr x1lziwak xexx8yu xyri2b x18d9i69 x1c1uobl x1iyjqo2 xeuugli\">\n<div class=\"x78zum5 xdt5ytf xz62fqu x16ldp7u\">\n<div class=\"xu06os2 x1ok221b\">\n<div class=\"html-div xdj266r x14z9mp xat24cr x1lziwak xexx8yu xyri2b x18d9i69 x1c1uobl\" data-ad-rendering-role=\"profile_name\">\n<ul>\n<li id=\"_r_282_\" class=\"html-h2 x14z9mp xat24cr x1lziwak xexx8yu xyri2b x18d9i69 x1c1uobl x1vvkbs x1heor9g x1qlqyl8 x1pd3egz x1a2a7pz x1gslohp x1yc453h\"><span class=\"x78zum5 x1q0g3np\"><span class=\"x1lliihq x6ikm8r x10wlt62 x1n2onr6 xlyipyv xuxw1ft\"><span class=\"xt0psk2\"><a class=\"x1i10hfl xjbqb8w x1ejq31n x18oe1m7 x1sy0etr xstzfhl x972fbf x10w94by x1qhh985 x14e42zd x9f619 x1ypdohk xt0psk2 x3ct3a4 xdj266r x14z9mp xat24cr x1lziwak xexx8yu xyri2b x18d9i69 x1c1uobl x16tdsg8 x1hl2dhg xggy1nq x1a2a7pz xkrqix3 x1sur9pj xzsf02u x1s688f\" role=\"link\" href=\"https:\/\/www.facebook.com\/eltiempuenasturies?__cft__[0]=AZWx47J46Q5MjPcA9cFiu4SLPTgS18EtEMxV1UDRqr9GcZXX0cxQDiXAlw3wmofyd4lWQ6PCjSEa-XhREnk9NUyi9bL5jpwKkxK5R3kQYSj-V0fGvjP-jjpm_LTLzn_QWMGxUCCurjRDAj3Mz8BLxvG6jPyca6ne3r5yrUNpWHzt0zxMVGfFrMm1IF8DxEHqNko&amp;__tn__=-UC%2CP-R\"><b class=\"html-b xdj266r x14z9mp xat24cr x1lziwak xexx8yu xyri2b x18d9i69 x1c1uobl x1hl2dhg x16tdsg8 x1vvkbs x1s688f\"><span class=\"html-span xdj266r x14z9mp xat24cr x1lziwak xexx8yu xyri2b x18d9i69 x1c1uobl x1hl2dhg x16tdsg8 x1vvkbs\">El Tiempu n&#8217;Asturies.<\/span><\/b><\/a><\/span><\/span><\/span><\/li>\n<\/ul>\n<\/div>\n<\/div>\n<div class=\"xu06os2 x1ok221b\"><\/div>\n<\/div>\n<\/div>\n<\/div>\n<\/div>\n<div class=\"html-div xdj266r x14z9mp xat24cr x1lziwak xexx8yu xyri2b x18d9i69 x1c1uobl\">\n<div class=\"html-div xdj266r x14z9mp xat24cr x1lziwak xexx8yu xyri2b x18d9i69 x1c1uobl\" dir=\"auto\">\n<div class=\"html-div xdj266r x14z9mp xat24cr x1lziwak xexx8yu xyri2b x18d9i69 x1c1uobl\" data-ad-rendering-role=\"story_message\">\n<div id=\"_r_284_\" class=\"x1l90r2v x1iorvi4 x1g0dm76 xpdmqnj\" data-ad-comet-preview=\"message\" data-ad-preview=\"message\">\n<div class=\"x78zum5 xdt5ytf xz62fqu x16ldp7u\">\n<div class=\"xu06os2 x1ok221b\">\n<div class=\"html-div xdj266r x14z9mp xat24cr x1lziwak xexx8yu xyri2b x18d9i69 x1c1uobl\">\n<div class=\"x14z9mp xat24cr x1lziwak x1vvkbs xtlvy1s x126k92a\">\n<ul>\n<li dir=\"auto\"><strong><span style=\"color: #008080\">Alborecemos<\/span> <\/strong>col cielu cubiertu y lloviendo ya con unes temperatures que tan alrodiu de los 15\u00baC, rexistr\u00e1ndose nel puirtu Payares 9,2\u00baC.<\/li>\n<\/ul>\n<\/div>\n<div class=\"x14z9mp xat24cr x1lziwak x1vvkbs xtlvy1s x126k92a\">\n<ul>\n<li dir=\"auto\"><strong><span style=\"color: #008080\">G\u00fcei<\/span><\/strong> vamos tener el cielu mui nuboso a primeres hores que mos va dexar precipitaciones febles en xeneral, pa dir disminuyendo les nubes a lu llargu&#8217;l d\u00eda y quedar el cielu con intervalos nubosos entemecios ente dellos claros. L&#8217;aire sedr\u00e1 gallegu y pue soplar con raches fuertes en zones altes y nel llitoral. Les temperatures asina y too subir\u00e1n llixeramente.<\/li>\n<\/ul>\n<p><!--more--><\/p>\n<\/div>\n<div class=\"x14z9mp xat24cr x1lziwak x1vvkbs xtlvy1s x126k92a\">\n<ul>\n<li dir=\"auto\"><span style=\"color: #008080\"><strong>Ma\u00f1ana xueves<\/strong> <\/span>seguiremos col cielu nuboso, sobre too nes hores centrales del d\u00eda, cuando nun se descart\u00e9n delles precipitaciones febles o que caiga dalguna gotera, y\u00e1 pela tarde puen abrise dellos claros o abancios ente les nubes. Les temperatures esti d\u00eda descender\u00e1n llixeramente y l&#8217;aire seguir\u00e1 siendo gallegu con dalguna racha fuerte en zones altes ya en puntos del llitoral.<\/li>\n<\/ul>\n<\/div>\n<div class=\"x14z9mp xat24cr x1lziwak x1vvkbs xtlvy1s x126k92a\">\n<ul>\n<li dir=\"auto\"><span style=\"color: #008080\"><strong>El vienres<\/strong><\/span> va quedanos el cielu con intervalos de nubes y dalgunos claros o abancios con unes temperatures que van camudar poco ya col aire que tender\u00e1 amenorgar y rolar a componente norte.<\/li>\n<\/ul>\n<\/div>\n<\/div>\n<\/div>\n<\/div>\n<\/div>\n<\/div>\n<\/div>\n<\/div>\n<p>&nbsp;<\/p>\n","protected":false},"excerpt":{"rendered":"<p>El Tiempu n&#8217;Asturies. Alborecemos col cielu cubiertu y lloviendo ya con unes temperatures que tan alrodiu de los 15\u00baC, rexistr\u00e1ndose nel puirtu Payares 9,2\u00baC. G\u00fcei vamos tener el cielu mui nuboso a primeres hores que mos va dexar precipitaciones febles en xeneral, pa dir disminuyendo les nubes a lu llargu&#8217;l d\u00eda y quedar el cielu [&hellip;]<\/p>\n","protected":false},"author":117,"featured_media":0,"comment_status":"closed","ping_status":"open","sticky":false,"template":"","format":"standard","meta":{"footnotes":""},"categories":[5],"tags":[],"class_list":["post-57445","post","type-post","status-publish","format-standard","hentry","category-tiempu"],"_links":{"self":[{"href":"https:\/\/edublog.educastur.es\/ixuxu\/wp-json\/wp\/v2\/posts\/57445","targetHints":{"allow":["GET"]}}],"collection":[{"href":"https:\/\/edublog.educastur.es\/ixuxu\/wp-json\/wp\/v2\/posts"}],"about":[{"href":"https:\/\/edublog.educastur.es\/ixuxu\/wp-json\/wp\/v2\/types\/post"}],"author":[{"embeddable":true,"href":"https:\/\/edublog.educastur.es\/ixuxu\/wp-json\/wp\/v2\/users\/117"}],"replies":[{"embeddable":true,"href":"https:\/\/edublog.educastur.es\/ixuxu\/wp-json\/wp\/v2\/comments?post=57445"}],"version-history":[{"count":1,"href":"https:\/\/edublog.educastur.es\/ixuxu\/wp-json\/wp\/v2\/posts\/57445\/revisions"}],"predecessor-version":[{"id":57446,"href":"https:\/\/edublog.educastur.es\/ixuxu\/wp-json\/wp\/v2\/posts\/57445\/revisions\/57446"}],"wp:attachment":[{"href":"https:\/\/edublog.educastur.es\/ixuxu\/wp-json\/wp\/v2\/media?parent=57445"}],"wp:term":[{"taxonomy":"category","embeddable":true,"href":"https:\/\/edublog.educastur.es\/ixuxu\/wp-json\/wp\/v2\/categories?post=57445"},{"taxonomy":"post_tag","embeddable":true,"href":"https:\/\/edublog.educastur.es\/ixuxu\/wp-json\/wp\/v2\/tags?post=57445"}],"curies":[{"name":"wp","href":"https:\/\/api.w.org\/{rel}","templated":true}]}}