{"id":57453,"date":"2025-09-11T18:00:30","date_gmt":"2025-09-11T16:00:30","guid":{"rendered":"https:\/\/edublog.educastur.es\/ixuxu\/?p=57453"},"modified":"2025-09-14T10:44:28","modified_gmt":"2025-09-14T08:44:28","slug":"por-un-san-mateo-popular-diverso-y-reivindicativu","status":"publish","type":"post","link":"https:\/\/edublog.educastur.es\/ixuxu\/2025\/09\/por-un-san-mateo-popular-diverso-y-reivindicativu\/","title":{"rendered":"Por un San Mateo popular, diverso y reivindicativu"},"content":{"rendered":"<ul>\n<li class=\"font-size-xxl margin-b-5 font-weight-b color-b-050 letter-spacing--1 fuente-corporativa\"><a href=\"https:\/\/www.rtpa.es\/noticias-sociedad-ast\/2025-09-13\/El-San-Mateu-de-'Fiestes-populares'-ufierta-una-programacion-reivindicativa_111757767666.html\">El San Mat\u00e9u de &#8216;Fiestes populares&#8217; ufierta una programaci\u00f3n reivindicativa. RTPA<\/a><\/li>\n<\/ul>\n<p style=\"text-align: center\"><a href=\"https:\/\/www.rtpa.es\/fotos\/\/25\/09\/20250913144644_RTPA7097387.webp\"><img loading=\"lazy\" decoding=\"async\" class=\"aligncenter size-large\" src=\"https:\/\/www.rtpa.es\/fotos\/\/25\/09\/20250913144644_RTPA7097387.webp\" width=\"853\" height=\"480\" \/><\/a><\/p>\n<p class=\"font-size-m padding-b-20 font-weight-b margin-t-16\">Lo recaldao destinar\u00e1se a proyectos sociales que se desendolquen a lo llargo del a\u00f1u.<strong>\u00a0Hai un San Mat\u00e9u alternativu, el denom\u00e1u \u00abFiestes Populares\u00bb.<\/strong> F\u00f3rmenlu m\u00e1s d\u2019una decena de colectivos, toos cr\u00edticos col formatu oficial de les fiestes.<\/p>\n<p>Cunten con casetes propies na plaza de La Catedral y Porlier. Caltienen que la so propuesta ye m\u00e1s diversa y los sos precios menos abusivos.\u00a0Tolo que recalden destinar\u00e1nlo a proyectos sociales que se desendolcar\u00e1n a lo llargo del a\u00f1u.<\/p>\n<p><!--more--><\/p>\n<p style=\"text-align: center\"><span class=\"x193iq5w xeuugli x13faqbe x1vvkbs xt0psk2 x1i0vuye xvs91rp xo1l8bm x5n08af x10wh9bi xpm28yp x8viiok x1o7cslx x126k92a\"><span class=\"html-span xexx8yu x4uap5 x18d9i69 xkhd6sd x1hl2dhg x16tdsg8 x1vvkbs x3nfvp2 x1j61x8r x1fcty0u xdj266r xat24cr xgzva0m xhhsvwb xxymvpz xlup9mm x1kky2od\">\n<!-- iframe plugin v.6.0 wordpress.org\/plugins\/iframe\/ -->\n<iframe loading=\"lazy\" src=\"https:\/\/www.instagram.com\/reel\/DOZRaU2CE_a\/embed\" width=\"540\" height=\"645\" 0=\"\/iframe\" scrolling=\"yes\" class=\"iframe-class\" frameborder=\"0\"><\/iframe>\n<\/span><\/span><\/p>\n<div class=\"xyinxu5 xv54qhq x1g2khh7 xf7dkkf\">\n<div class=\"x6s0dn4 x78zum5 x1q0g3np x1nhvcw1 xh8yej3\">\n<div class=\"xbmvrgn\" style=\"text-align: center\"><a href=\"https:\/\/www.instagram.com\/fiestespopularesuvieu\">https:\/\/www.instagram.com\/fiestespopularesuvieu<\/a><\/div>\n<\/div>\n<\/div>\n<div class=\"x5yr21d xw2csxc x1odjw0f x1n2onr6\">\n<div class=\"x9f619 x78zum5 xdt5ytf x5yr21d xexx8yu xv54qhq x1l90r2v xf7dkkf x10l6tqk xh8yej3\">\n<div class=\"html-div xdj266r x14z9mp xat24cr x1lziwak xyri2b x1c1uobl x9f619 xjbqb8w x78zum5 x15mokao x1ga7v0g x16uus16 xbiv7yw xsag5q8 xz9dl7a x1uhb9sk x1plvlek xryxfnj x1c4vz4f x2lah0s x1q0g3np xqjyukv x1qjc9v5 x1oa3qoh x1nhvcw1\">\n<div class=\"html-div xdj266r x14z9mp xat24cr x1lziwak xexx8yu xyri2b x18d9i69 x1c1uobl x9f619 xjbqb8w x78zum5 x15mokao x1ga7v0g x16uus16 xbiv7yw x1uhb9sk x1plvlek xryxfnj x1iyjqo2 x2lwn1j xeuugli x1q0g3np xqjyukv x1qjc9v5 x1oa3qoh x1nhvcw1\">\n<div class=\"html-div xdj266r x14z9mp xat24cr x1lziwak xexx8yu xyri2b x18d9i69 x1c1uobl x9f619 xjbqb8w x78zum5 x15mokao x1ga7v0g x16uus16 xbiv7yw x1uhb9sk x1plvlek xryxfnj x1iyjqo2 x2lwn1j xeuugli xdt5ytf xqjyukv x1qjc9v5 x1oa3qoh x1nhvcw1\">\n<ul>\n<li class=\"html-div xdj266r x14z9mp xat24cr x1lziwak xexx8yu xyri2b x18d9i69 x1c1uobl x9f619 xjbqb8w x78zum5 x15mokao x1ga7v0g x16uus16 xbiv7yw x1uhb9sk x1plvlek xryxfnj x1c4vz4f x2lah0s xdt5ytf xqjyukv x1qjc9v5 x1oa3qoh x1nhvcw1\"><span class=\"x193iq5w xeuugli x13faqbe x1vvkbs xt0psk2 x1i0vuye xvs91rp xo1l8bm x5n08af x10wh9bi xpm28yp x8viiok x1o7cslx x126k92a\">\/Cartel dise\u00f1\u00e1u por <a class=\"x1i10hfl xjbqb8w x1ejq31n x18oe1m7 x1sy0etr xstzfhl x972fbf x10w94by x1qhh985 x14e42zd x9f619 x1ypdohk xt0psk2 x3ct3a4 xdj266r x14z9mp xat24cr x1lziwak xexx8yu xyri2b x18d9i69 x1c1uobl x16tdsg8 x1hl2dhg xggy1nq x1a2a7pz notranslate _a6hd\" role=\"link\" href=\"https:\/\/www.instagram.com\/ossobuko_studio\/\">@ossobuko_studio<\/a>\ud83c\udfa8<a class=\"x1i10hfl xjbqb8w x1ejq31n x18oe1m7 x1sy0etr xstzfhl x972fbf x10w94by x1qhh985 x14e42zd x9f619 x1ypdohk xt0psk2 x3ct3a4 xdj266r x14z9mp xat24cr x1lziwak xexx8yu xyri2b x18d9i69 x1c1uobl x16tdsg8 x1hl2dhg xggy1nq x1a2a7pz _aa9_ _a6hd\" role=\"link\" href=\"https:\/\/www.instagram.com\/explore\/tags\/sanmateo2025\/\">#SanMateo2025<\/a>\ud83c\udf8a<\/span><\/li>\n<\/ul>\n<\/div>\n<div>\n<p>Vamos tener una programaci\u00f3n festiva, diversa, popular, participativa y que refuga&#8217;l modelu de fiestes privatizaes.<strong> Queremos xenerar espacios festivos cooperativos onde les persones van ser protagonistes de les fiestes<\/strong>: vamos tener 3 chiringos en Porlier y 1 na plaza de la Catedral. Convid\u00e1mosvos a compartir la esencia del aut\u00e9nticu San Mateo con n\u00f3s del 11 al 22 de setiembre y <strong>reivindicar unes fiestes por y para el pueblu.<\/strong><\/p>\n<p>&nbsp;<\/p>\n<p>&nbsp;<\/p>\n<\/div>\n<\/div>\n<\/div>\n<\/div>\n<\/div>\n","protected":false},"excerpt":{"rendered":"<p>El San Mat\u00e9u de &#8216;Fiestes populares&#8217; ufierta una programaci\u00f3n reivindicativa. RTPA Lo recaldao destinar\u00e1se a proyectos sociales que se desendolquen a lo llargo del a\u00f1u.\u00a0Hai un San Mat\u00e9u alternativu, el denom\u00e1u \u00abFiestes Populares\u00bb. F\u00f3rmenlu m\u00e1s d\u2019una decena de colectivos, toos cr\u00edticos col formatu oficial de les fiestes. Cunten con casetes propies na plaza de La [&hellip;]<\/p>\n","protected":false},"author":117,"featured_media":0,"comment_status":"closed","ping_status":"open","sticky":false,"template":"","format":"standard","meta":{"footnotes":""},"categories":[21,33],"tags":[],"class_list":["post-57453","post","type-post","status-publish","format-standard","hentry","category-fiestes","category-uvieu"],"_links":{"self":[{"href":"https:\/\/edublog.educastur.es\/ixuxu\/wp-json\/wp\/v2\/posts\/57453","targetHints":{"allow":["GET"]}}],"collection":[{"href":"https:\/\/edublog.educastur.es\/ixuxu\/wp-json\/wp\/v2\/posts"}],"about":[{"href":"https:\/\/edublog.educastur.es\/ixuxu\/wp-json\/wp\/v2\/types\/post"}],"author":[{"embeddable":true,"href":"https:\/\/edublog.educastur.es\/ixuxu\/wp-json\/wp\/v2\/users\/117"}],"replies":[{"embeddable":true,"href":"https:\/\/edublog.educastur.es\/ixuxu\/wp-json\/wp\/v2\/comments?post=57453"}],"version-history":[{"count":5,"href":"https:\/\/edublog.educastur.es\/ixuxu\/wp-json\/wp\/v2\/posts\/57453\/revisions"}],"predecessor-version":[{"id":57788,"href":"https:\/\/edublog.educastur.es\/ixuxu\/wp-json\/wp\/v2\/posts\/57453\/revisions\/57788"}],"wp:attachment":[{"href":"https:\/\/edublog.educastur.es\/ixuxu\/wp-json\/wp\/v2\/media?parent=57453"}],"wp:term":[{"taxonomy":"category","embeddable":true,"href":"https:\/\/edublog.educastur.es\/ixuxu\/wp-json\/wp\/v2\/categories?post=57453"},{"taxonomy":"post_tag","embeddable":true,"href":"https:\/\/edublog.educastur.es\/ixuxu\/wp-json\/wp\/v2\/tags?post=57453"}],"curies":[{"name":"wp","href":"https:\/\/api.w.org\/{rel}","templated":true}]}}