{"id":57461,"date":"2025-09-10T19:28:49","date_gmt":"2025-09-10T17:28:49","guid":{"rendered":"https:\/\/edublog.educastur.es\/ixuxu\/?p=57461"},"modified":"2025-09-10T20:31:05","modified_gmt":"2025-09-10T18:31:05","slug":"quien-vien-a-asturies-y-a-onde-van-los-asturianos","status":"publish","type":"post","link":"https:\/\/edublog.educastur.es\/ixuxu\/2025\/09\/quien-vien-a-asturies-y-a-onde-van-los-asturianos\/","title":{"rendered":"Qui\u00e9n vien a Asturies y a \u00f3nde van los asturianos"},"content":{"rendered":"<p style=\"text-align: center\"><img loading=\"lazy\" decoding=\"async\" class=\"aligncenter size-large\" src=\"https:\/\/img.lavdg.com\/sc\/KVSBFnQbeXxqq2RGs9E2pUPTOLg=\/768x\/2025\/09\/09\/00121757429668167495839\/Foto\/flech.jpg\" width=\"768\" height=\"432\" \/> <a href=\"https:\/\/www.lavozdeasturias.es\/noticia\/asturias\/2025\/09\/09\/viene-asturias-donde-van-asturianos-revela-posicion-moviles\/00031757427042485886101.htm\">La Voz<\/a><\/p>\n<p>Qui\u00e9n vien a Asturies y a \u00f3nde van los asturianos: lo que revela la posici\u00f3n de los m\u00f3viles. L&#8217;INE amuesa los datos de los viaxeros tantu nacionales como estranxeros.<\/p>\n<p><!--more--><\/p>\n<p>La selmana pasada la patronal de la hosteler\u00eda fa\u00eda recuentu d&#8217;un branu positivu para&#8217;l sector de turismu n&#8217;Asturies, con <strong>una ocupaci\u00f3n d&#8217;agospiamientos que super\u00f3&#8217;l 90% n&#8217;agostu<\/strong>. Pero \u00bfqui\u00e9n son los turistes que vienen a Asturies? \u00bfy a \u00f3nde se van los asturianos cuando busquen un dest\u00edn vacacional dientro d&#8217;Espa\u00f1a? Son cifres que l&#8217;<span style=\"color: #008080\"><strong>Institutu Nacional d&#8217;Estad\u00edstica, el INE<\/strong><\/span>, empez\u00f3 a recoyer de forma peri\u00f3dica y qu&#8217;amuesen con gran precisi\u00f3n los datos y\u00e1 que se basen nel allugamientu de los t\u00e9l\u00e9fonos m\u00f3viles, una de les categor\u00edes abiertes pol INE nes sos p\u00e1xines d&#8217;estad\u00edstica esperimental.<\/p>\n<p style=\"text-align: center\"><a href=\"https:\/\/img.lavdg.com\/sc\/221PZn2JKWWwL3dzNg6pABC2v14=\/768x\/2025\/09\/09\/00121757429681075569490\/Foto\/turysa.jpg\"><img loading=\"lazy\" decoding=\"async\" class=\"aligncenter size-large\" src=\"https:\/\/img.lavdg.com\/sc\/221PZn2JKWWwL3dzNg6pABC2v14=\/768x\/2025\/09\/09\/00121757429681075569490\/Foto\/turysa.jpg\" width=\"768\" height=\"433\" \/><\/a><\/p>\n<p>Les cifres m\u00e1s reci\u00e9n revelen un mapa claru de preferencia tantu para los destinos qu&#8217;escueyen los asturianos como sobro qui\u00e9n son los viaxeros qu&#8217;escueyen el Princip\u00e1u pa les sos vacaciones. Al respective de lo primero, <span style=\"color: #008080\"><strong>a \u00f3nde van los asturianos<\/strong><\/span> cuando escueyen otru territoriu d&#8217;Espa\u00f1a pal so descansu, la estad\u00edstica revela que la cercan\u00eda nun factor decisivu: <strong>el primer dest\u00edn ye Castiella y Lli\u00f3n con daqu\u00e9 m\u00e1s de 84.000 se\u00f1alizaciones<\/strong> que tendr\u00eden de forma habitual la so residencia n&#8217;Asturies. S\u00edguelu <span style=\"color: #008080\">Galicia<\/span>, con casi 54.000, y y\u00e1 a mayor allo\u00f1a <span style=\"color: #008080\">Madrid, Andaluc\u00eda, Cantabria, Comunidad Valenciana, Baleares, Pa\u00eds Vascu y Canaries.<\/span><\/p>\n<p>\u00bfY qui\u00e9n son los compatriotes a los que m\u00e1s seduci\u00f3 Asturies angua\u00f1o? Seg\u00fan les se\u00f1alizaciones de los m\u00f3viles <span style=\"color: #008080\"><strong>el puntu d&#8217;orixe que ta a la cabeza ye Madrid<\/strong><\/span> (con m\u00e1s de tr\u00e9s millones de se\u00f1alizaciones), siguida d&#8217;<span style=\"color: #008080\">Andaluc\u00eda<\/span> (2,8 millones) y <span style=\"color: #008080\">Catalu\u00f1a<\/span> (2,4 millones). S\u00edgen-y la <span style=\"color: #008080\">Comunidad Valenciana, el Pa\u00eds Vascu, Castiella y Lli\u00f3n y Castiella La Mancha, y tami\u00e9n Arag\u00f3n y Murcia.<\/span><\/p>\n<p>Nel casu de <strong>los trayectos dende l&#8217;esterior<\/strong>, los turistes internacionales que recalen n&#8217;Asturies vien d&#8217;Europa, de forma apolmonante. Los estranxeros qu&#8217;escoyeron el Princip\u00e1u como destino angua\u00f1o llegaron sobremanera de <span style=\"color: #008080\"><strong>Francia, tami\u00e9n d&#8217;Alema\u00f1a, Pa\u00edses Baxos, Reinu Un\u00edu y Portugal<\/strong><\/span>. En menor midida pero tami\u00e9n rese\u00f1ables, los or\u00edxenes d&#8217;otros viaxeros fueron<span style=\"color: #008080\"> Portugal, Estaos Xun\u00edos, Italia, B\u00e9lxica y Suecia.<\/span><\/p>\n<p>\u00bfY a \u00f3nde se fueron los asturianos qu&#8217;optaron por cruciar la frontera na so vacaciones? Seg\u00fan l&#8217;INE <span style=\"color: #008080\"><strong>el principal dest\u00edn foi Portugal, sigu\u00edu de Francia ya Italia<\/strong><\/span>. Otros destinos destacaos fueron <span style=\"color: #008080\">Alema\u00f1a, Grecia, Pa\u00edses Baxos, Estaos Xun\u00edos, B\u00e9lxica y Croacia.<\/span><\/p>\n<p>Seg\u00fan el balance present\u00e1u pola patronal OTEA, <strong>Asturies consolid\u00f3se esti branu como un abelugu clim\u00e1ticu para miles de turistes<\/strong>\u00bb frente a les intenses foles de calor qu&#8217;afectaron al restu d&#8217;Espa\u00f1a.<\/p>\n<p>La medr\u00eda de visitantes impuls\u00f3 l&#8217;empl\u00e9u nel sector hosteleru, anque les quemes forestales tuvieron un efectu negativu\u00bb. A pesar de la mayor llegada de turistes, la ocupaci\u00f3n hotelera nun creci\u00f3 na mesma proporci\u00f3n, un fechu que la organizaci\u00f3n atrib\u00fai a la proliferaci\u00f3n de viviendes d&#8217;usu tur\u00edsticu, que tami\u00e9n amenorgar\u00eda&#8217;l consumu en restauraci\u00f3n.<\/p>\n","protected":false},"excerpt":{"rendered":"<p>La Voz Qui\u00e9n vien a Asturies y a \u00f3nde van los asturianos: lo que revela la posici\u00f3n de los m\u00f3viles. L&#8217;INE amuesa los datos de los viaxeros tantu nacionales como estranxeros.<\/p>\n","protected":false},"author":117,"featured_media":0,"comment_status":"closed","ping_status":"open","sticky":false,"template":"","format":"standard","meta":{"footnotes":""},"categories":[258,18],"tags":[],"class_list":["post-57461","post","type-post","status-publish","format-standard","hentry","category-estadistiques","category-turismu"],"_links":{"self":[{"href":"https:\/\/edublog.educastur.es\/ixuxu\/wp-json\/wp\/v2\/posts\/57461","targetHints":{"allow":["GET"]}}],"collection":[{"href":"https:\/\/edublog.educastur.es\/ixuxu\/wp-json\/wp\/v2\/posts"}],"about":[{"href":"https:\/\/edublog.educastur.es\/ixuxu\/wp-json\/wp\/v2\/types\/post"}],"author":[{"embeddable":true,"href":"https:\/\/edublog.educastur.es\/ixuxu\/wp-json\/wp\/v2\/users\/117"}],"replies":[{"embeddable":true,"href":"https:\/\/edublog.educastur.es\/ixuxu\/wp-json\/wp\/v2\/comments?post=57461"}],"version-history":[{"count":3,"href":"https:\/\/edublog.educastur.es\/ixuxu\/wp-json\/wp\/v2\/posts\/57461\/revisions"}],"predecessor-version":[{"id":57464,"href":"https:\/\/edublog.educastur.es\/ixuxu\/wp-json\/wp\/v2\/posts\/57461\/revisions\/57464"}],"wp:attachment":[{"href":"https:\/\/edublog.educastur.es\/ixuxu\/wp-json\/wp\/v2\/media?parent=57461"}],"wp:term":[{"taxonomy":"category","embeddable":true,"href":"https:\/\/edublog.educastur.es\/ixuxu\/wp-json\/wp\/v2\/categories?post=57461"},{"taxonomy":"post_tag","embeddable":true,"href":"https:\/\/edublog.educastur.es\/ixuxu\/wp-json\/wp\/v2\/tags?post=57461"}],"curies":[{"name":"wp","href":"https:\/\/api.w.org\/{rel}","templated":true}]}}