{"id":57469,"date":"2025-09-10T19:44:07","date_gmt":"2025-09-10T17:44:07","guid":{"rendered":"https:\/\/edublog.educastur.es\/ixuxu\/?p=57469"},"modified":"2025-09-10T20:59:58","modified_gmt":"2025-09-10T18:59:58","slug":"xuntanza-vuelve-esti-sabadu-a-tpa-con-un-capitulu-conduciu-por-hector-braga","status":"publish","type":"post","link":"https:\/\/edublog.educastur.es\/ixuxu\/2025\/09\/xuntanza-vuelve-esti-sabadu-a-tpa-con-un-capitulu-conduciu-por-hector-braga\/","title":{"rendered":"\u2018Xuntanza\u2019 vuelve esti s\u00e1badu a TPA con un cap\u00edtulu conduc\u00edu por H\u00e9ctor Braga"},"content":{"rendered":"<div class=\"html-div xdj266r x14z9mp xat24cr x1lziwak xexx8yu xyri2b x18d9i69 x1c1uobl\">\n<div class=\"html-div xdj266r x14z9mp x1lziwak x18d9i69 x1cy8zhl x78zum5 x1q0g3np xod5an3 xz9dl7a x1g0dm76 xpdmqnj\">\n<div class=\"html-div xdj266r x14z9mp xat24cr x1lziwak xexx8yu xyri2b x18d9i69 x1c1uobl x1iyjqo2 xeuugli\">\n<div class=\"x78zum5 xdt5ytf xz62fqu x16ldp7u\">\n<div class=\"xu06os2 x1ok221b\">\n<div class=\"html-div xdj266r x14z9mp xat24cr x1lziwak xexx8yu xyri2b x18d9i69 x1c1uobl\" data-ad-rendering-role=\"profile_name\">\n<ul>\n<li id=\"_r_7q_\" class=\"html-h4 x14z9mp xat24cr x1lziwak xexx8yu xyri2b x18d9i69 x1c1uobl x1vvkbs x1heor9g x1qlqyl8 x1pd3egz x1a2a7pz x1gslohp x1yc453h\"><span class=\"x78zum5 x1q0g3np\"><span class=\"x1lliihq x6ikm8r x10wlt62 x1n2onr6 xlyipyv xuxw1ft\"><span class=\"xt0psk2\"><a class=\"x1i10hfl xjbqb8w x1ejq31n x18oe1m7 x1sy0etr xstzfhl x972fbf x10w94by x1qhh985 x14e42zd x9f619 x1ypdohk xt0psk2 x3ct3a4 xdj266r x14z9mp xat24cr x1lziwak xexx8yu xyri2b x18d9i69 x1c1uobl x16tdsg8 x1hl2dhg xggy1nq x1a2a7pz xkrqix3 x1sur9pj xzsf02u x1s688f\" role=\"link\" href=\"https:\/\/www.facebook.com\/musicasturiana?__cft__[0]=AZXTOXXRlvukl1IVNK3lCtxiPpBxKLBF2uxk8bGnXD92fHQ2UiGwM8ctNE7-Wj0mT2zs1iQom_zMAw_FyulEVXOJasHfsIW36emfuvEdynGPNUIEKCuOsquT9_daJKJZnAfPUIGIB6D1qpOYjq3NPtT8HpwuB2EeMcqdcv_l01iONb40snhBC-5oom2eZpJvhYG1Ov533IXWh46ZKpdIPrj6&amp;__tn__=-UC%2CP-R\"><b class=\"html-b xdj266r x14z9mp xat24cr x1lziwak xexx8yu xyri2b x18d9i69 x1c1uobl x1hl2dhg x16tdsg8 x1vvkbs x1s688f\"><span class=\"html-span xdj266r x14z9mp xat24cr x1lziwak xexx8yu xyri2b x18d9i69 x1c1uobl x1hl2dhg x16tdsg8 x1vvkbs\">musicasturiana.com<\/span><\/b><\/a><\/span><\/span><\/span><\/li>\n<\/ul>\n<\/div>\n<\/div>\n<div class=\"xu06os2 x1ok221b\"><\/div>\n<\/div>\n<\/div>\n<div>\n<div class=\"x1ey2m1c xtijo5x x1o0tod xg01cxk x47corl x10l6tqk x13vifvy x1ebt8du x19991ni x1dhq9h x1iwo8zk x1033uif x179ill4 x1b60jn0\" style=\"text-align: center\" role=\"none\" data-visualcompletion=\"ignore\"><a href=\"https:\/\/musicasturiana.com\/wp-content\/uploads\/2025\/09\/captura-xuntanza.jpg\"><img loading=\"lazy\" decoding=\"async\" class=\"aligncenter size-large\" src=\"https:\/\/musicasturiana.com\/wp-content\/uploads\/2025\/09\/captura-xuntanza.jpg\" width=\"1200\" height=\"600\" \/><\/a><\/div>\n<\/div>\n<div role=\"none\" data-visualcompletion=\"ignore\"><\/div>\n<div role=\"none\" data-visualcompletion=\"ignore\">La identid\u00e1 y historia asturiana ye&#8217;l filu conductor d&#8217;esti episodiu nel qu&#8217;act\u00faen Nuberu, Guieldu y \u00c1lvaro Fern\u00e1ndez Conde, ente otros. <a href=\"https:\/\/www.instagram.com\/xuntanzatpa\/?utm_source=ig_embed\">Instagram<\/a><\/div>\n<\/div>\n<\/div>\n<p><!--more--><\/p>\n<div class=\"html-div xdj266r x14z9mp xat24cr x1lziwak xexx8yu xyri2b x18d9i69 x1c1uobl\">\n<div class=\"html-div xdj266r x14z9mp xat24cr x1lziwak xexx8yu xyri2b x18d9i69 x1c1uobl\" dir=\"auto\">\n<div class=\"html-div xdj266r x14z9mp xat24cr x1lziwak xexx8yu xyri2b x18d9i69 x1c1uobl\" data-ad-rendering-role=\"story_message\">\n<div id=\"_r_7s_\" class=\"x1l90r2v x1iorvi4 x1g0dm76 xpdmqnj\" data-ad-comet-preview=\"message\" data-ad-preview=\"message\">\n<div class=\"x78zum5 xdt5ytf xz62fqu x16ldp7u\">\n<div class=\"xu06os2 x1ok221b\">\n<div class=\"html-div xdj266r x14z9mp xat24cr x1lziwak xexx8yu xyri2b x18d9i69 x1c1uobl\">\n<div class=\"xdj266r x14z9mp xat24cr x1lziwak x1vvkbs x126k92a\">\n<div dir=\"auto\"><\/div>\n<div dir=\"auto\"><\/div>\n<div dir=\"auto\"><span class=\"html-span xexx8yu xyri2b x18d9i69 x1c1uobl x1hl2dhg x16tdsg8 x1vvkbs x3nfvp2 x1j61x8r x1fcty0u xdj266r xat24cr xm2jcoa x1mpyi22 xxymvpz xlup9mm x1kky2od\"><img loading=\"lazy\" decoding=\"async\" class=\"xz74otr x15mokao x1ga7v0g x16uus16 xbiv7yw\" src=\"https:\/\/static.xx.fbcdn.net\/images\/emoji.php\/v9\/t87\/1\/16\/1f4fa.png\" alt=\"\ud83d\udcfa\" width=\"16\" height=\"16\" \/><\/span> Esti s\u00e1badu a les 22.30h torna <span class=\"html-span xdj266r x14z9mp xat24cr x1lziwak xexx8yu xyri2b x18d9i69 x1c1uobl x1hl2dhg x16tdsg8 x1vvkbs\"><a class=\"x1i10hfl xjbqb8w x1ejq31n x18oe1m7 x1sy0etr xstzfhl x972fbf x10w94by x1qhh985 x14e42zd x9f619 x1ypdohk xt0psk2 x3ct3a4 xdj266r x14z9mp xat24cr x1lziwak xexx8yu xyri2b x18d9i69 x1c1uobl x16tdsg8 x1hl2dhg xggy1nq x1a2a7pz xkrqix3 x1sur9pj x1fey0fg x1s688f\" role=\"link\" href=\"https:\/\/www.facebook.com\/xuntanzatpa?__cft__[0]=AZXTOXXRlvukl1IVNK3lCtxiPpBxKLBF2uxk8bGnXD92fHQ2UiGwM8ctNE7-Wj0mT2zs1iQom_zMAw_FyulEVXOJasHfsIW36emfuvEdynGPNUIEKCuOsquT9_daJKJZnAfPUIGIB6D1qpOYjq3NPtT8HpwuB2EeMcqdcv_l01iONb40snhBC-5oom2eZpJvhYG1Ov533IXWh46ZKpdIPrj6&amp;__tn__=-]K-R\"><span class=\"xt0psk2\"><span class=\"xjp7ctv\">Xuntanza Tpa<\/span><\/span><\/a><\/span> a la <span class=\"html-span xdj266r x14z9mp xat24cr x1lziwak xexx8yu xyri2b x18d9i69 x1c1uobl x1hl2dhg x16tdsg8 x1vvkbs\"><a class=\"x1i10hfl xjbqb8w x1ejq31n x18oe1m7 x1sy0etr xstzfhl x972fbf x10w94by x1qhh985 x14e42zd x9f619 x1ypdohk xt0psk2 x3ct3a4 xdj266r x14z9mp xat24cr x1lziwak xexx8yu xyri2b x18d9i69 x1c1uobl x16tdsg8 x1hl2dhg xggy1nq x1a2a7pz xkrqix3 x1sur9pj x1fey0fg x1s688f\" role=\"link\" href=\"https:\/\/www.facebook.com\/RTPAoficial?__cft__[0]=AZXTOXXRlvukl1IVNK3lCtxiPpBxKLBF2uxk8bGnXD92fHQ2UiGwM8ctNE7-Wj0mT2zs1iQom_zMAw_FyulEVXOJasHfsIW36emfuvEdynGPNUIEKCuOsquT9_daJKJZnAfPUIGIB6D1qpOYjq3NPtT8HpwuB2EeMcqdcv_l01iONb40snhBC-5oom2eZpJvhYG1Ov533IXWh46ZKpdIPrj6&amp;__tn__=-]K-R\"><span class=\"xt0psk2\"><span class=\"xjp7ctv\">Radiotelevisi\u00f3n del Principado de Asturias<\/span><\/span><\/a><\/span>, un programa que \u00abcelebra la m\u00fasica a travi\u00e9s de quien la vive, la reinventa y la tresmite\u00ab <span class=\"html-span xexx8yu xyri2b x18d9i69 x1c1uobl x1hl2dhg x16tdsg8 x1vvkbs x3nfvp2 x1j61x8r x1fcty0u xdj266r xat24cr xm2jcoa x1mpyi22 xxymvpz xlup9mm x1kky2od\"><img loading=\"lazy\" decoding=\"async\" class=\"xz74otr x15mokao x1ga7v0g x16uus16 xbiv7yw\" src=\"https:\/\/static.xx.fbcdn.net\/images\/emoji.php\/v9\/t1f\/1\/16\/1f3b6.png\" alt=\"\ud83c\udfb6\" width=\"16\" height=\"16\" \/><\/span> Esta temporada nueva va emitise hasta final d\u2019a\u00f1u; el primer episodiu va tar conduc\u00edu pol multiinstrumentista y doctor en Musicolox\u00eda <span class=\"html-span xdj266r x14z9mp xat24cr x1lziwak xexx8yu xyri2b x18d9i69 x1c1uobl x1hl2dhg x16tdsg8 x1vvkbs\"><a class=\"x1i10hfl xjbqb8w x1ejq31n x18oe1m7 x1sy0etr xstzfhl x972fbf x10w94by x1qhh985 x14e42zd x9f619 x1ypdohk xt0psk2 x3ct3a4 xdj266r x14z9mp xat24cr x1lziwak xexx8yu xyri2b x18d9i69 x1c1uobl x16tdsg8 x1hl2dhg xggy1nq x1a2a7pz xkrqix3 x1sur9pj x1fey0fg x1s688f\" role=\"link\" href=\"https:\/\/www.facebook.com\/hectorbragaoficial?__cft__[0]=AZXTOXXRlvukl1IVNK3lCtxiPpBxKLBF2uxk8bGnXD92fHQ2UiGwM8ctNE7-Wj0mT2zs1iQom_zMAw_FyulEVXOJasHfsIW36emfuvEdynGPNUIEKCuOsquT9_daJKJZnAfPUIGIB6D1qpOYjq3NPtT8HpwuB2EeMcqdcv_l01iONb40snhBC-5oom2eZpJvhYG1Ov533IXWh46ZKpdIPrj6&amp;__tn__=-]K-R\"><span class=\"xt0psk2\"><span class=\"xjp7ctv\">H\u00e9ctor Braga<\/span><\/span><\/a><\/span>; y n\u00e9l van actuar <span class=\"html-span xdj266r x14z9mp xat24cr x1lziwak xexx8yu xyri2b x18d9i69 x1c1uobl x1hl2dhg x16tdsg8 x1vvkbs\"><a class=\"x1i10hfl xjbqb8w x1ejq31n x18oe1m7 x1sy0etr xstzfhl x972fbf x10w94by x1qhh985 x14e42zd x9f619 x1ypdohk xt0psk2 x3ct3a4 xdj266r x14z9mp xat24cr x1lziwak xexx8yu xyri2b x18d9i69 x1c1uobl x16tdsg8 x1hl2dhg xggy1nq x1a2a7pz xkrqix3 x1sur9pj x1fey0fg x1s688f\" role=\"link\" href=\"https:\/\/www.facebook.com\/guieldu?__cft__[0]=AZXTOXXRlvukl1IVNK3lCtxiPpBxKLBF2uxk8bGnXD92fHQ2UiGwM8ctNE7-Wj0mT2zs1iQom_zMAw_FyulEVXOJasHfsIW36emfuvEdynGPNUIEKCuOsquT9_daJKJZnAfPUIGIB6D1qpOYjq3NPtT8HpwuB2EeMcqdcv_l01iONb40snhBC-5oom2eZpJvhYG1Ov533IXWh46ZKpdIPrj6&amp;__tn__=-]K-R\"><span class=\"xt0psk2\"><span class=\"xjp7ctv\">Guieldu<\/span><\/span><\/a><\/span>, <span class=\"html-span xdj266r x14z9mp xat24cr x1lziwak xexx8yu xyri2b x18d9i69 x1c1uobl x1hl2dhg x16tdsg8 x1vvkbs\"><a class=\"x1i10hfl xjbqb8w x1ejq31n x18oe1m7 x1sy0etr xstzfhl x972fbf x10w94by x1qhh985 x14e42zd x9f619 x1ypdohk xt0psk2 x3ct3a4 xdj266r x14z9mp xat24cr x1lziwak xexx8yu xyri2b x18d9i69 x1c1uobl x16tdsg8 x1hl2dhg xggy1nq x1a2a7pz xkrqix3 x1sur9pj x1fey0fg x1s688f\" role=\"link\" href=\"https:\/\/www.facebook.com\/profile.php?id=100063795966361&amp;__cft__[0]=AZXTOXXRlvukl1IVNK3lCtxiPpBxKLBF2uxk8bGnXD92fHQ2UiGwM8ctNE7-Wj0mT2zs1iQom_zMAw_FyulEVXOJasHfsIW36emfuvEdynGPNUIEKCuOsquT9_daJKJZnAfPUIGIB6D1qpOYjq3NPtT8HpwuB2EeMcqdcv_l01iONb40snhBC-5oom2eZpJvhYG1Ov533IXWh46ZKpdIPrj6&amp;__tn__=-]K-R\"><span class=\"xt0psk2\"><span class=\"xjp7ctv\">NUBERU<\/span><\/span><\/a><\/span>, \u00c1lvaro Fern\u00e1ndez Conde y <span class=\"html-span xdj266r x14z9mp xat24cr x1lziwak xexx8yu xyri2b x18d9i69 x1c1uobl x1hl2dhg x16tdsg8 x1vvkbs\"><a class=\"x1i10hfl xjbqb8w x1ejq31n x18oe1m7 x1sy0etr xstzfhl x972fbf x10w94by x1qhh985 x14e42zd x9f619 x1ypdohk xt0psk2 x3ct3a4 xdj266r x14z9mp xat24cr x1lziwak xexx8yu xyri2b x18d9i69 x1c1uobl x16tdsg8 x1hl2dhg xggy1nq x1a2a7pz xkrqix3 x1sur9pj x1fey0fg x1s688f\" role=\"link\" href=\"https:\/\/www.facebook.com\/OCASVinculos?__cft__[0]=AZXTOXXRlvukl1IVNK3lCtxiPpBxKLBF2uxk8bGnXD92fHQ2UiGwM8ctNE7-Wj0mT2zs1iQom_zMAw_FyulEVXOJasHfsIW36emfuvEdynGPNUIEKCuOsquT9_daJKJZnAfPUIGIB6D1qpOYjq3NPtT8HpwuB2EeMcqdcv_l01iONb40snhBC-5oom2eZpJvhYG1Ov533IXWh46ZKpdIPrj6&amp;__tn__=-]K-R\"><span class=\"xt0psk2\"><span class=\"xjp7ctv\">OCAS Orquesta de C\u00e1mara Solidaria<\/span><\/span><\/a><\/span>, ente otros. Tami\u00e9n van tratase otres cuestiones rellacionaes cola identid\u00e1 y historia asturiana como son la bandera, l\u2019himnu, la emigraci\u00f3n, l\u2019Estatutu d\u2019Autotonom\u00eda o Cuadonga.<\/div>\n<div dir=\"auto\"><\/div>\n<div dir=\"auto\">\n<div class=\"elementor-element elementor-element-72daa04 e-con-full e-flex e-con e-child\" data-id=\"72daa04\" data-element_type=\"container\">\n<div class=\"elementor-element elementor-element-00f4678 elementor-widget__width-inherit elementor-widget elementor-widget-theme-post-excerpt\" data-id=\"00f4678\" data-element_type=\"widget\" data-widget_type=\"theme-post-excerpt.default\">\n<div class=\"elementor-widget-container\"><\/div>\n<\/div>\n<\/div>\n<div class=\"elementor-element elementor-element-a767a8c elementor-widget__width-inherit elementor-widget elementor-widget-theme-post-content\" data-id=\"a767a8c\" data-element_type=\"widget\" data-widget_type=\"theme-post-content.default\">\n<div class=\"elementor-widget-container\">\n<p>Tres d\u2019acabar la so primer temporada hai tr\u00e9s meses, vuelve a TPA\u00a0<em><strong><a href=\"https:\/\/www.instagram.com\/xuntanzatpa\/\" target=\"_blank\" rel=\"noopener\">Xuntanza<\/a><\/strong><\/em>, un programa que, nes sos pallabres, \u00abcelebra la\u00a0<strong>m\u00fasica a travi\u00e9s de quien la vive, la reinventa y la tresmite<\/strong>\u00ab. Esta temporada nueva va emitise\u00a0<strong>hasta final d\u2019a\u00f1u los<\/strong>\u00a0<strong>s\u00e1bados a les 22.30h<\/strong>\u00a0y el primer episodiu va tar conduc\u00edu pol multiinstrumentista y doctor en Musicolox\u00eda<strong>\u00a0H\u00e9ctor Braga<\/strong>.<\/p>\n<p>Nesti cap\u00edtulu van apaecer la\u00a0<strong>Orquesta de C\u00e1mara Solidaria (OCAS)<\/strong>\u00a0-enantes, Orquesta de C\u00e1mara de Siero-, el\u00a0<strong>Coro Santiagu\u00edn<\/strong>, los m\u00edticos\u00a0<strong>Nuberu<\/strong>, la banda celta\u00a0<strong>Guieldu<\/strong>, y l\u2019int\u00e9rprete de tonada<strong>\u00a0\u00c1lvaro Fern\u00e1ndez Conde<\/strong>. Tami\u00e9n van tratase otres cuestiones rellacionaes cola\u00a0<strong>identid\u00e1 y historia asturiana<\/strong>\u00a0como son la bandera, l\u2019himnu, la emigraci\u00f3n, l\u2019Estatutu d\u2019Autotonom\u00eda o Cuadonga.<\/p>\n<p>La primer temporada de Xuntanza tuvo presentada por\u00a0<strong><a href=\"https:\/\/musicasturiana.com\/tpa-estrena-esti-domingu-xuntanza-un-programa-nuevu-dedicau-a-la-musica-popular\/\">Pau Santirso<\/a><\/strong>;\u00a0<a href=\"https:\/\/www.rtpa.es\/video:Xuntanza-.--T.1-Cap.-2_551747609133.html\" target=\"_blank\" rel=\"noreferrer noopener\"><strong>Vicente D\u00edaz<\/strong><\/a>;\u00a0<a href=\"https:\/\/www.rtpa.es\/video:Xuntanza-.--T.1-Cap.-3_551748214118.html\" target=\"_blank\" rel=\"noreferrer noopener\"><strong>H\u00e9ctor Braga<\/strong><\/a>, que fizo un especial dedic\u00e1u a\u00a0<strong>l\u2019asturianada<\/strong>;\u00a0<a href=\"https:\/\/www.rtpa.es\/video:Xuntanza-.--T.1-Cap.-4_551748818975.html\" target=\"_blank\" rel=\"noreferrer noopener\"><strong>Esther Fonseca<\/strong><\/a>, con un episodiu enfot\u00e1u na\u00a0<strong>moced\u00e1<\/strong>; y\u00a0<a href=\"https:\/\/www.rtpa.es\/video:Xuntanza-.-Sones-del-occidente_551749423246.html\" target=\"_blank\" rel=\"noreferrer noopener\"><strong>Silvia Quesada<\/strong><\/a>, que present\u00f3\u2019l cap\u00edtulu de los sones nel\u00a0<strong>Occidente<\/strong>. Como esp\u00f3n\u00a0<strong>Zebrastur\u00a0<\/strong>-productora del programa- en nota de prensa,\u00a0<strong>\u00abla celebraci\u00f3n de l\u2019asturian\u00eda\u00bb<\/strong>\u00a0ye\u2019l filu conductor del primer cap\u00edtulu d\u2019esta temporada nueva.<\/p>\n<\/div>\n<\/div>\n<\/div>\n<\/div>\n<\/div>\n<\/div>\n<\/div>\n<\/div>\n<\/div>\n<\/div>\n<\/div>\n","protected":false},"excerpt":{"rendered":"<p>musicasturiana.com La identid\u00e1 y historia asturiana ye&#8217;l filu conductor d&#8217;esti episodiu nel qu&#8217;act\u00faen Nuberu, Guieldu y \u00c1lvaro Fern\u00e1ndez Conde, ente otros. Instagram<\/p>\n","protected":false},"author":117,"featured_media":0,"comment_status":"closed","ping_status":"open","sticky":false,"template":"","format":"standard","meta":{"footnotes":""},"categories":[35,125],"tags":[],"class_list":["post-57469","post","type-post","status-publish","format-standard","hentry","category-musica","category-musicasturiana-com"],"_links":{"self":[{"href":"https:\/\/edublog.educastur.es\/ixuxu\/wp-json\/wp\/v2\/posts\/57469","targetHints":{"allow":["GET"]}}],"collection":[{"href":"https:\/\/edublog.educastur.es\/ixuxu\/wp-json\/wp\/v2\/posts"}],"about":[{"href":"https:\/\/edublog.educastur.es\/ixuxu\/wp-json\/wp\/v2\/types\/post"}],"author":[{"embeddable":true,"href":"https:\/\/edublog.educastur.es\/ixuxu\/wp-json\/wp\/v2\/users\/117"}],"replies":[{"embeddable":true,"href":"https:\/\/edublog.educastur.es\/ixuxu\/wp-json\/wp\/v2\/comments?post=57469"}],"version-history":[{"count":1,"href":"https:\/\/edublog.educastur.es\/ixuxu\/wp-json\/wp\/v2\/posts\/57469\/revisions"}],"predecessor-version":[{"id":57486,"href":"https:\/\/edublog.educastur.es\/ixuxu\/wp-json\/wp\/v2\/posts\/57469\/revisions\/57486"}],"wp:attachment":[{"href":"https:\/\/edublog.educastur.es\/ixuxu\/wp-json\/wp\/v2\/media?parent=57469"}],"wp:term":[{"taxonomy":"category","embeddable":true,"href":"https:\/\/edublog.educastur.es\/ixuxu\/wp-json\/wp\/v2\/categories?post=57469"},{"taxonomy":"post_tag","embeddable":true,"href":"https:\/\/edublog.educastur.es\/ixuxu\/wp-json\/wp\/v2\/tags?post=57469"}],"curies":[{"name":"wp","href":"https:\/\/api.w.org\/{rel}","templated":true}]}}