{"id":57476,"date":"2025-09-09T10:05:34","date_gmt":"2025-09-09T08:05:34","guid":{"rendered":"https:\/\/edublog.educastur.es\/ixuxu\/?p=57476"},"modified":"2025-09-11T11:03:49","modified_gmt":"2025-09-11T09:03:49","slug":"espana-a-la-cabeza-de-la-ocde-en-mozos-con-titulos-cimeros","status":"publish","type":"post","link":"https:\/\/edublog.educastur.es\/ixuxu\/2025\/09\/espana-a-la-cabeza-de-la-ocde-en-mozos-con-titulos-cimeros\/","title":{"rendered":"Espa\u00f1a a la cabeza de la OCDE en mozos con t\u00edtulos cimeros"},"content":{"rendered":"<div class=\"padding-t-35\">\n<ul>\n<li class=\"font-size-xxl margin-b-5 font-weight-b color-b-050 letter-spacing--1 fuente-corporativa\"><a href=\"https:\/\/www.rtpa.es\/noticias-nacional-ast\/2025-09-09\/Espa\u00f1a-a-la-cabeza-de-la-OCDE-en-mozos-d'ente-25-y-34-a\u00f1os-con-titulos-cimeros_111757445925.html\">Espa\u00f1a a la cabeza de la OCDE en mozos d&#8217;ente 25 y 34 a\u00f1os con t\u00edtulos cimeros.<\/a><\/li>\n<\/ul>\n<\/div>\n<figure class=\"position-r hover-zoom\"><img decoding=\"async\" class=\"img-responsive position-a top-0 left-0 width-0100\" src=\"https:\/\/www.rtpa.es\/fotos\/\/25\/09\/20250909203413_RTPA7083807.webp\" alt=\"J\u00f3venes en el campus del Cristo de Oviedo\" \/><\/figure>\n<div id=\"noticiacompleta\" class=\"parragraph-padding font-c-conent\">\n<p class=\"font-size-m padding-b-20 font-weight-b margin-t-16\">Unu de los pa\u00edses que m\u00e1s aument\u00f3 la inversi\u00f3n n&#8217;educaci\u00f3n nos \u00faltimos a\u00f1os.\u00a0Espa\u00f1a encabeza&#8217;l ranking de los pa\u00edses de la OCDE con mayor porcentaxe de mozos d&#8217;ente 25 y 34 a\u00f1os con t\u00edtulos d&#8217;educaci\u00f3n cimera. <strong>El 53% de la poblaci\u00f3n espa\u00f1ola nesa franxa d&#8217;ed\u00e1 tien estos estudios.<\/strong><\/p>\n<p><!--more--><\/p>\n<p>Asina lo indica l&#8217;informe a\u00f1al qu\u2019asoleya cada a\u00f1u la organizaci\u00f3n. L&#8217;informe tami\u00e9n dexa ver qu&#8217;el nuesu pa\u00eds presenta un porcentaxe de mozos que nin estudien nin trabayen superior a la media de la OCDE y de la Xuni\u00f3n Europea. <strong>Espa\u00f1a destaca por ser unu de los pa\u00edses que m\u00e1s aument\u00f3 la inversi\u00f3n n&#8217;educaci\u00f3n nos \u00faltimos a\u00f1os.<\/strong><\/p>\n<\/div>\n<p>&nbsp;<\/p>\n","protected":false},"excerpt":{"rendered":"<p>Espa\u00f1a a la cabeza de la OCDE en mozos d&#8217;ente 25 y 34 a\u00f1os con t\u00edtulos cimeros. Unu de los pa\u00edses que m\u00e1s aument\u00f3 la inversi\u00f3n n&#8217;educaci\u00f3n nos \u00faltimos a\u00f1os.\u00a0Espa\u00f1a encabeza&#8217;l ranking de los pa\u00edses de la OCDE con mayor porcentaxe de mozos d&#8217;ente 25 y 34 a\u00f1os con t\u00edtulos d&#8217;educaci\u00f3n cimera. El 53% de [&hellip;]<\/p>\n","protected":false},"author":117,"featured_media":0,"comment_status":"closed","ping_status":"open","sticky":false,"template":"","format":"standard","meta":{"footnotes":""},"categories":[258],"tags":[],"class_list":["post-57476","post","type-post","status-publish","format-standard","hentry","category-estadistiques"],"_links":{"self":[{"href":"https:\/\/edublog.educastur.es\/ixuxu\/wp-json\/wp\/v2\/posts\/57476","targetHints":{"allow":["GET"]}}],"collection":[{"href":"https:\/\/edublog.educastur.es\/ixuxu\/wp-json\/wp\/v2\/posts"}],"about":[{"href":"https:\/\/edublog.educastur.es\/ixuxu\/wp-json\/wp\/v2\/types\/post"}],"author":[{"embeddable":true,"href":"https:\/\/edublog.educastur.es\/ixuxu\/wp-json\/wp\/v2\/users\/117"}],"replies":[{"embeddable":true,"href":"https:\/\/edublog.educastur.es\/ixuxu\/wp-json\/wp\/v2\/comments?post=57476"}],"version-history":[{"count":2,"href":"https:\/\/edublog.educastur.es\/ixuxu\/wp-json\/wp\/v2\/posts\/57476\/revisions"}],"predecessor-version":[{"id":57526,"href":"https:\/\/edublog.educastur.es\/ixuxu\/wp-json\/wp\/v2\/posts\/57476\/revisions\/57526"}],"wp:attachment":[{"href":"https:\/\/edublog.educastur.es\/ixuxu\/wp-json\/wp\/v2\/media?parent=57476"}],"wp:term":[{"taxonomy":"category","embeddable":true,"href":"https:\/\/edublog.educastur.es\/ixuxu\/wp-json\/wp\/v2\/categories?post=57476"},{"taxonomy":"post_tag","embeddable":true,"href":"https:\/\/edublog.educastur.es\/ixuxu\/wp-json\/wp\/v2\/tags?post=57476"}],"curies":[{"name":"wp","href":"https:\/\/api.w.org\/{rel}","templated":true}]}}