{"id":57478,"date":"2025-09-10T17:53:17","date_gmt":"2025-09-10T15:53:17","guid":{"rendered":"https:\/\/edublog.educastur.es\/ixuxu\/?p=57478"},"modified":"2025-09-10T20:55:38","modified_gmt":"2025-09-10T18:55:38","slug":"castru-de-coana-asturies","status":"publish","type":"post","link":"https:\/\/edublog.educastur.es\/ixuxu\/2025\/09\/castru-de-coana-asturies\/","title":{"rendered":"Castru de Coa\u00f1a (Asturies)"},"content":{"rendered":"<div class=\"x1cy8zhl x2bj2ny x78zum5 x1q0g3np\">\n<div class=\"x1iyjqo2\">\n<div class=\"x78zum5 xdt5ytf xz62fqu x16ldp7u\">\n<div class=\"xu06os2 x1ok221b\">\n<div class=\"x1gslohp\">\n<ul>\n<li class=\"html-h2 x14z9mp xat24cr x1lziwak xexx8yu xyri2b x18d9i69 x1c1uobl x1vvkbs x1heor9g x1qlqyl8 x1pd3egz x1a2a7pz x1gslohp\"><span class=\"x193iq5w xeuugli x13faqbe x1vvkbs x1xmvt09 x1f6kntn xvq8zen xo1l8bm xi81zsa\"><span class=\"xt0psk2\"><a class=\"x1i10hfl xjbqb8w x1ejq31n x18oe1m7 x1sy0etr xstzfhl x972fbf x10w94by x1qhh985 x14e42zd x9f619 x1ypdohk xt0psk2 x3ct3a4 xdj266r x14z9mp xat24cr x1lziwak xexx8yu xyri2b x18d9i69 x1c1uobl x16tdsg8 x1hl2dhg xggy1nq x1a2a7pz xkrqix3 x1sur9pj xzsf02u x1s688f\" role=\"link\" href=\"https:\/\/www.facebook.com\/asocCASTILLOS?__cft__[0]=AZWZbcQ7IRcliJbOeSrt76AbxSC2zod39TikW7Z8CI7qzoeMspf_0FEI1o5Ioe9WT1BTAYJdr6JEX70oMCsCoqKaVq86xwiWezps8bUea9SmstBqJ4EiYR7MASq8JZHuRdPbeqb4o4M4hRSW5ef_peYrvu4phCTDm7mCYhy63oq7kalFr1gh7SfU739w7TUChn2OLWDasN_p2kc5KDxBXGjR&amp;__tn__=-UC*F\">ASOCIACI\u00d3N ESPA\u00d1OLA DE AMIGOS DE LOS CASTILLOS<\/a><\/span><\/span><\/li>\n<\/ul>\n<p style=\"text-align: center\"><a href=\"https:\/\/content-viajes.nationalgeographic.com.es\/medio\/2025\/04\/08\/castro-de-coana-asturias_f5a36c1b_471886948_250408132226_1280x960.webp\"><img loading=\"lazy\" decoding=\"async\" class=\"aligncenter size-large\" src=\"https:\/\/content-viajes.nationalgeographic.com.es\/medio\/2025\/04\/08\/castro-de-coana-asturias_f5a36c1b_471886948_250408132226_1280x960.webp\" width=\"1280\" height=\"960\" \/><\/a><\/p>\n<\/div>\n<\/div>\n<div class=\"xu06os2 x1ok221b\">\n<div class=\"html-div xdj266r x14z9mp xat24cr x1lziwak xexx8yu xyri2b x18d9i69 x1c1uobl x6s0dn4 x17zd0t2 x78zum5 x1q0g3np x1a02dak\">Nueves escavaciones nel Castru de Coa\u00f1a investiguen la muralla d&#8217;accesu a la cortil fortificada. <a class=\"x1i10hfl xjbqb8w x1ejq31n x18oe1m7 x1sy0etr xstzfhl x972fbf x10w94by x1qhh985 x14e42zd x9f619 x1ypdohk xt0psk2 x3ct3a4 xdj266r x14z9mp xat24cr x1lziwak xexx8yu xyri2b x18d9i69 x1c1uobl x16tdsg8 x1hl2dhg xggy1nq x1a2a7pz xkrqix3 x1sur9pj x1fey0fg x1s688f\" role=\"link\" href=\"https:\/\/www.europapress.es\/asturias\/noticia-nuevas-excavaciones-castro-coana-investigan-muralla-acceso-recinto-fortificado-20250902150127.html?fbclid=IwZXh0bgNhZW0CMTAAYnJpZBExdGtydXRjQ29ZREY3NHF2TwEeXTga85y8j-USa66YoQin_Dp7c5AJpulH8vg9ae-yYnUyAe3YdffoRnPHVpE_aem_l_I6xjgzmYT-9VAVbbUqig\" target=\"_blank\" rel=\"nofollow noopener noreferrer\">https:\/\/www.europapress.es\/&#8230;\/noticia-nuevas&#8230;<\/a><\/div>\n<\/div>\n<\/div>\n<\/div>\n<\/div>\n<div><\/div>\n<ul>\n<li class=\"xyinxu5 xyri2b x1g2khh7 x1c1uobl\"><span class=\"x193iq5w xeuugli x13faqbe x1vvkbs x1xmvt09 x1lliihq x1s928wv xhkezso x1gmr53x x1cpjm7i x1fgarty x1943h6x xudqn12 x3x7a5m x1f6kntn xvq8zen xo1l8bm xzsf02u\" dir=\"auto\">Fotograf\u00eda:<span class=\"html-span xdj266r x14z9mp xat24cr x1lziwak xexx8yu xyri2b x18d9i69 x1c1uobl x1hl2dhg x16tdsg8 x1vvkbs\"><a class=\"x1i10hfl xjbqb8w x1ejq31n x18oe1m7 x1sy0etr xstzfhl x972fbf x10w94by x1qhh985 x14e42zd x9f619 x1ypdohk xt0psk2 x3ct3a4 xdj266r x14z9mp xat24cr x1lziwak xexx8yu xyri2b x18d9i69 x1c1uobl x16tdsg8 x1hl2dhg xggy1nq x1a2a7pz xkrqix3 x1sur9pj x1fey0fg x1s688f\" role=\"link\" href=\"https:\/\/viajes.nationalgeographic.com.es\/a\/hipnotico-castro-que-fue-primero-asturias-ser-estudiado_22364?fbclid=IwZXh0bgNhZW0CMTAAYnJpZBExdGtydXRjQ29ZREY3NHF2TwEeUAvYA5WARIPUIWEABkN2zNKiQKzEUshKh1fPtBuePYMG4BZEbz5OgkNK-Rk_aem_EIerPD-kLTw6oeNXvoinwA\" target=\"_blank\" rel=\"nofollow noopener noreferrer\">https:\/\/viajes.nationalgeographic.com.es\/&#8230;\/hipnotico&#8230;<\/a><\/span><\/span><\/li>\n<\/ul>\n<p><!--more--><a href=\"https:\/\/content-viajes.nationalgeographic.com.es\/medio\/2025\/04\/08\/castro-de-coana-asturias_bcd6930d_921294283_250408133049_1200x800.webp\"><img loading=\"lazy\" decoding=\"async\" class=\"aligncenter size-large\" src=\"https:\/\/content-viajes.nationalgeographic.com.es\/medio\/2025\/04\/08\/castro-de-coana-asturias_bcd6930d_921294283_250408133049_1200x800.webp\" width=\"1200\" height=\"800\" \/><\/a><\/p>\n<p>Nel castru vivieron de 150 a 200 persones.<\/p>\n<p><strong>Hestoria na piedra<\/strong> El Castru de Coa\u00f1a foi construy\u00edu a lo cimero d&#8217;una llomba, arrodi\u00e1u de muralles y al marxe esquierdu de la r\u00eda de Navia. Pasiar ente les antig\u00fces construcciones de piedra, percorriendo&#8217;l cam\u00edn arrodi\u00e1u de naturaleza que les traviesa, ye un verdaderu viaxe nel tiempu. Unu puede reparar que la cortil interior ta estrem\u00e1u en dos zones estremaes, l&#8217;Acr\u00f3polis -la cimera- y el Barriu Norte -na parte inferior-, que taben protex\u00edes por un sistema defensivu a base de delles ll\u00ednees fosos y muralles.<\/p>\n<p>Anque de la primera nun se conoz con certidume&#8217;l so usu y cr\u00e9ese que podr\u00eda camudar a lo llargo del tiempu, nel Barriu Norte ent\u00e1 <strong>se caltienen unes 80 cabanes<\/strong> (pequenes construcciones circulares) nes que <strong>s&#8217;envalora que moraron ente 150 a 200 persones<\/strong>, y que a d\u00eda de g\u00fcei siguen amosando la forma de vida d&#8217;esa d\u00f3mina nes sos muertes.<\/p>\n<p>&nbsp;<\/p>\n<p>Pero unu de los puntos m\u00e1s emblem\u00e1ticos del pobl\u00e1u apaez a los pies de l&#8217;acr\u00f3polis. Foi denomin\u00e1u Cortil Sacra, porque nel momentu del descubrimientu creyer de forma err\u00f3nea que yeren fornos crematorios, pero agora, dempu\u00e9s de m\u00e1s investigaciones, identif\u00edcase como saunes d&#8217;orixe aut\u00f3ctonu.<\/p>\n<p>&nbsp;<\/p>\n<p style=\"text-align: center\"><a href=\"https:\/\/content-viajes.nationalgeographic.com.es\/medio\/2025\/04\/08\/castro-de-coana-asturias_b5ce433e_250408133141_1200x800.webp\"><img loading=\"lazy\" decoding=\"async\" class=\"aligncenter size-large\" src=\"https:\/\/content-viajes.nationalgeographic.com.es\/medio\/2025\/04\/08\/castro-de-coana-asturias_b5ce433e_250408133141_1200x800.webp\" width=\"1200\" height=\"800\" \/><\/a><\/p>\n","protected":false},"excerpt":{"rendered":"<p>ASOCIACI\u00d3N ESPA\u00d1OLA DE AMIGOS DE LOS CASTILLOS Nueves escavaciones nel Castru de Coa\u00f1a investiguen la muralla d&#8217;accesu a la cortil fortificada. https:\/\/www.europapress.es\/&#8230;\/noticia-nuevas&#8230; Fotograf\u00eda:https:\/\/viajes.nationalgeographic.com.es\/&#8230;\/hipnotico&#8230;<\/p>\n","protected":false},"author":117,"featured_media":0,"comment_status":"closed","ping_status":"open","sticky":false,"template":"","format":"standard","meta":{"footnotes":""},"categories":[1],"tags":[],"class_list":["post-57478","post","type-post","status-publish","format-standard","hentry","category-sin-categoria"],"_links":{"self":[{"href":"https:\/\/edublog.educastur.es\/ixuxu\/wp-json\/wp\/v2\/posts\/57478","targetHints":{"allow":["GET"]}}],"collection":[{"href":"https:\/\/edublog.educastur.es\/ixuxu\/wp-json\/wp\/v2\/posts"}],"about":[{"href":"https:\/\/edublog.educastur.es\/ixuxu\/wp-json\/wp\/v2\/types\/post"}],"author":[{"embeddable":true,"href":"https:\/\/edublog.educastur.es\/ixuxu\/wp-json\/wp\/v2\/users\/117"}],"replies":[{"embeddable":true,"href":"https:\/\/edublog.educastur.es\/ixuxu\/wp-json\/wp\/v2\/comments?post=57478"}],"version-history":[{"count":4,"href":"https:\/\/edublog.educastur.es\/ixuxu\/wp-json\/wp\/v2\/posts\/57478\/revisions"}],"predecessor-version":[{"id":57482,"href":"https:\/\/edublog.educastur.es\/ixuxu\/wp-json\/wp\/v2\/posts\/57478\/revisions\/57482"}],"wp:attachment":[{"href":"https:\/\/edublog.educastur.es\/ixuxu\/wp-json\/wp\/v2\/media?parent=57478"}],"wp:term":[{"taxonomy":"category","embeddable":true,"href":"https:\/\/edublog.educastur.es\/ixuxu\/wp-json\/wp\/v2\/categories?post=57478"},{"taxonomy":"post_tag","embeddable":true,"href":"https:\/\/edublog.educastur.es\/ixuxu\/wp-json\/wp\/v2\/tags?post=57478"}],"curies":[{"name":"wp","href":"https:\/\/api.w.org\/{rel}","templated":true}]}}