{"id":57489,"date":"2025-06-22T21:00:43","date_gmt":"2025-06-22T19:00:43","guid":{"rendered":"https:\/\/edublog.educastur.es\/ixuxu\/?p=57489"},"modified":"2025-09-10T21:30:29","modified_gmt":"2025-09-10T19:30:29","slug":"el-solsticiu-de-branu-nel-monte_xardin-de-la-fonte-baxa-en-l-luarca","status":"publish","type":"post","link":"https:\/\/edublog.educastur.es\/ixuxu\/2025\/06\/el-solsticiu-de-branu-nel-monte_xardin-de-la-fonte-baxa-en-l-luarca\/","title":{"rendered":"El solsticiu de branu nel Monte_xard\u00edn de La Fonte Baxa, en L.luarca"},"content":{"rendered":"<p style=\"text-align: center\">\n<!-- iframe plugin v.6.0 wordpress.org\/plugins\/iframe\/ -->\n<iframe loading=\"lazy\" src=\"https:\/\/www.facebook.com\/plugins\/post.php?href=https%3A%2F%2Fwww.facebook.com%2Fphoto.php%3Ffbid%3D10229456743102320%26set%3Da.1120370968799%26type%3D3&#038;show_text=false&#038;width=500\" width=\"500\" height=\"761\" style=\"border:none;overflow:hidden\" scrolling=\"no\" frameborder=\"0\" allowfullscreen=\"true\" allow=\"autoplay; clipboard-write; encrypted-media; picture-in-picture; web-share\" 0=\"\/iframe\" class=\"iframe-class\"><\/iframe>\n<\/p>\n<ul>\n<li><a href=\"https:\/\/www.facebook.com\/Juanjoarrojofotografo\/posts\/10229457055190122?ref=embed_post\">Juanjo Arrojo, fot\u00f3grafo<\/a><\/li>\n<\/ul>\n<p><span style=\"color: #008080\"><em>El solsticiu de branu nel <strong>Bosque_xard\u00edn de La Fonte Baxa, en L.luarca<\/strong>, axunt\u00f3 a casi una cuarentena de persones. Tou foi fant\u00e1sticu, Les charres de Luc\u00eda d&#8217;AYANDE STARS y los sos collaboradores t\u00favonos embaec\u00edos m\u00e1s de tr\u00e9s hores. Ll\u00e1stima del \u00aborp\u00edn\u00bb qu&#8217;empe\u00f1ose n&#8217;acompa\u00f1anos na visita empuesta que nos fixo NIKE (Nosolojardines).<\/em><\/span><\/p>\n<p>&nbsp;<\/p>\n","protected":false},"excerpt":{"rendered":"<p>Juanjo Arrojo, fot\u00f3grafo El solsticiu de branu nel Bosque_xard\u00edn de La Fonte Baxa, en L.luarca, axunt\u00f3 a casi una cuarentena de persones. Tou foi fant\u00e1sticu, Les charres de Luc\u00eda d&#8217;AYANDE STARS y los sos collaboradores t\u00favonos embaec\u00edos m\u00e1s de tr\u00e9s hores. Ll\u00e1stima del \u00aborp\u00edn\u00bb qu&#8217;empe\u00f1ose n&#8217;acompa\u00f1anos na visita empuesta que nos fixo NIKE (Nosolojardines). &nbsp;<\/p>\n","protected":false},"author":117,"featured_media":0,"comment_status":"closed","ping_status":"open","sticky":false,"template":"","format":"standard","meta":{"footnotes":""},"categories":[223],"tags":[],"class_list":["post-57489","post","type-post","status-publish","format-standard","hentry","category-astronomia"],"_links":{"self":[{"href":"https:\/\/edublog.educastur.es\/ixuxu\/wp-json\/wp\/v2\/posts\/57489","targetHints":{"allow":["GET"]}}],"collection":[{"href":"https:\/\/edublog.educastur.es\/ixuxu\/wp-json\/wp\/v2\/posts"}],"about":[{"href":"https:\/\/edublog.educastur.es\/ixuxu\/wp-json\/wp\/v2\/types\/post"}],"author":[{"embeddable":true,"href":"https:\/\/edublog.educastur.es\/ixuxu\/wp-json\/wp\/v2\/users\/117"}],"replies":[{"embeddable":true,"href":"https:\/\/edublog.educastur.es\/ixuxu\/wp-json\/wp\/v2\/comments?post=57489"}],"version-history":[{"count":2,"href":"https:\/\/edublog.educastur.es\/ixuxu\/wp-json\/wp\/v2\/posts\/57489\/revisions"}],"predecessor-version":[{"id":57492,"href":"https:\/\/edublog.educastur.es\/ixuxu\/wp-json\/wp\/v2\/posts\/57489\/revisions\/57492"}],"wp:attachment":[{"href":"https:\/\/edublog.educastur.es\/ixuxu\/wp-json\/wp\/v2\/media?parent=57489"}],"wp:term":[{"taxonomy":"category","embeddable":true,"href":"https:\/\/edublog.educastur.es\/ixuxu\/wp-json\/wp\/v2\/categories?post=57489"},{"taxonomy":"post_tag","embeddable":true,"href":"https:\/\/edublog.educastur.es\/ixuxu\/wp-json\/wp\/v2\/tags?post=57489"}],"curies":[{"name":"wp","href":"https:\/\/api.w.org\/{rel}","templated":true}]}}