{"id":57504,"date":"2025-09-11T08:30:36","date_gmt":"2025-09-11T06:30:36","guid":{"rendered":"https:\/\/edublog.educastur.es\/ixuxu\/?p=57504"},"modified":"2025-09-11T10:20:49","modified_gmt":"2025-09-11T08:20:49","slug":"el-tiempu-el-comercio-134","status":"publish","type":"post","link":"https:\/\/edublog.educastur.es\/ixuxu\/2025\/09\/el-tiempu-el-comercio-134\/","title":{"rendered":"El tiempu (El Comercio)"},"content":{"rendered":"<p style=\"text-align: left\"><a href=\"https:\/\/s1.ppllstatics.com\/elcomercio\/www\/multimedia\/2025\/09\/10\/tiempo-asturias-jueves-11-septiembre-km4D-U2302588077118HVD-1200x870@El%20Comercio.jpg\"><img loading=\"lazy\" decoding=\"async\" class=\"aligncenter size-large\" src=\"https:\/\/s1.ppllstatics.com\/elcomercio\/www\/multimedia\/2025\/09\/10\/tiempo-asturias-jueves-11-septiembre-km4D-U2302588077118HVD-1200x870@El%20Comercio.jpg\" width=\"1200\" height=\"870\" \/><\/a>Mientres <strong>les primeres hores de la ma\u00f1ana<\/strong> vamos tener cielos pocu nublos, pero r\u00e1pido la nubosid\u00e1 va dir aumentando dende l&#8217;occidente y va dir cubriendo&#8217;l cielu asturianu col intre de la ma\u00f1ana. <strong>Estes nubes<\/strong> m\u00e1s compactes sobremanera a partir de la tarde cuando la probabilid\u00e1 de precipitaciones aumente. Anque mientres la ma\u00f1ana nun se refuga dalguna precipitaci\u00f3n d\u00e9bil, <strong>va ser mientres la tarde-nueche<\/strong> cuando les ag\u00fces xeneral\u00edcense y puedan afectar a cualquier puntu del Princip\u00e1u. <strong>Les temperatures m\u00e1ximes<\/strong> van caltenese respectu al mi\u00e9rcoles, salvo nel suroccidente onde llixeramente van ser un poco m\u00e1s baxes. <strong>Les m\u00ednimes<\/strong> va baxar nel cordal central y zones pr\u00f3ximes, ente que nel restu nun van esperimentar grandes cambeos.<strong> Los vientos<\/strong> van soplar de suroeste moderaos nel occidente de primeres del d\u00eda, pero se van afitar de componente oeste a partir de les hores centrales de la xornada, afectando tami\u00e9n con raches moderaes al restu de la rex\u00f3n.<\/p>\n<p style=\"text-align: right\"><!--more--><\/p>\n<p><strong>El vienres<\/strong> tiempu estable pela ma\u00f1ana con encl\u00edn a volver aumentar les nubes pela tarde pudiendo dexar nuevamente delles precipitaciones d\u00e9biles.<\/p>\n<p><strong>Tiempu m\u00e1s estable para&#8217;l s\u00e1badu y, especialmente, para&#8217;l domingu<\/strong> cuando, am\u00e1s, van xubir les temperatures de forma xeneralizada.<\/p>\n","protected":false},"excerpt":{"rendered":"<p>Mientres les primeres hores de la ma\u00f1ana vamos tener cielos pocu nublos, pero r\u00e1pido la nubosid\u00e1 va dir aumentando dende l&#8217;occidente y va dir cubriendo&#8217;l cielu asturianu col intre de la ma\u00f1ana. Estes nubes m\u00e1s compactes sobremanera a partir de la tarde cuando la probabilid\u00e1 de precipitaciones aumente. Anque mientres la ma\u00f1ana nun se refuga [&hellip;]<\/p>\n","protected":false},"author":117,"featured_media":0,"comment_status":"closed","ping_status":"open","sticky":false,"template":"","format":"standard","meta":{"footnotes":""},"categories":[5],"tags":[],"class_list":["post-57504","post","type-post","status-publish","format-standard","hentry","category-tiempu"],"_links":{"self":[{"href":"https:\/\/edublog.educastur.es\/ixuxu\/wp-json\/wp\/v2\/posts\/57504","targetHints":{"allow":["GET"]}}],"collection":[{"href":"https:\/\/edublog.educastur.es\/ixuxu\/wp-json\/wp\/v2\/posts"}],"about":[{"href":"https:\/\/edublog.educastur.es\/ixuxu\/wp-json\/wp\/v2\/types\/post"}],"author":[{"embeddable":true,"href":"https:\/\/edublog.educastur.es\/ixuxu\/wp-json\/wp\/v2\/users\/117"}],"replies":[{"embeddable":true,"href":"https:\/\/edublog.educastur.es\/ixuxu\/wp-json\/wp\/v2\/comments?post=57504"}],"version-history":[{"count":3,"href":"https:\/\/edublog.educastur.es\/ixuxu\/wp-json\/wp\/v2\/posts\/57504\/revisions"}],"predecessor-version":[{"id":57508,"href":"https:\/\/edublog.educastur.es\/ixuxu\/wp-json\/wp\/v2\/posts\/57504\/revisions\/57508"}],"wp:attachment":[{"href":"https:\/\/edublog.educastur.es\/ixuxu\/wp-json\/wp\/v2\/media?parent=57504"}],"wp:term":[{"taxonomy":"category","embeddable":true,"href":"https:\/\/edublog.educastur.es\/ixuxu\/wp-json\/wp\/v2\/categories?post=57504"},{"taxonomy":"post_tag","embeddable":true,"href":"https:\/\/edublog.educastur.es\/ixuxu\/wp-json\/wp\/v2\/tags?post=57504"}],"curies":[{"name":"wp","href":"https:\/\/api.w.org\/{rel}","templated":true}]}}