{"id":57512,"date":"2025-09-11T08:36:39","date_gmt":"2025-09-11T06:36:39","guid":{"rendered":"https:\/\/edublog.educastur.es\/ixuxu\/?p=57512"},"modified":"2025-09-11T10:38:09","modified_gmt":"2025-09-11T08:38:09","slug":"estau-del-tiempu-xueves-11-setiembre","status":"publish","type":"post","link":"https:\/\/edublog.educastur.es\/ixuxu\/2025\/09\/estau-del-tiempu-xueves-11-setiembre\/","title":{"rendered":"Est\u00e1u del tiempu: Xueves 11 setiembre"},"content":{"rendered":"<div class=\"html-div xdj266r x14z9mp xat24cr x1lziwak xexx8yu xyri2b x18d9i69 x1c1uobl x1iyjqo2 xeuugli\">\n<div class=\"x78zum5 xdt5ytf xz62fqu x16ldp7u\">\n<div class=\"xu06os2 x1ok221b\">\n<div class=\"html-div xdj266r x14z9mp xat24cr x1lziwak xexx8yu xyri2b x18d9i69 x1c1uobl\" data-ad-rendering-role=\"profile_name\">\n<ul>\n<li id=\"_r_2rm_\" class=\"html-h2 x14z9mp xat24cr x1lziwak xexx8yu xyri2b x18d9i69 x1c1uobl x1vvkbs x1heor9g x1qlqyl8 x1pd3egz x1a2a7pz x1gslohp x1yc453h\"><span class=\"x78zum5 x1q0g3np\"><span class=\"x1lliihq x6ikm8r x10wlt62 x1n2onr6 xlyipyv xuxw1ft\"><span class=\"xt0psk2\"><span class=\"xjp7ctv\"><a class=\"x1i10hfl xjbqb8w x1ejq31n x18oe1m7 x1sy0etr xstzfhl x972fbf x10w94by x1qhh985 x14e42zd x9f619 x1ypdohk xt0psk2 x3ct3a4 xdj266r x14z9mp xat24cr x1lziwak xexx8yu xyri2b x18d9i69 x1c1uobl x16tdsg8 x1hl2dhg xggy1nq x1a2a7pz xkrqix3 x1sur9pj xzsf02u x1s688f\" role=\"link\" href=\"https:\/\/www.facebook.com\/eltiempuenasturies?__cft__[0]=AZWrk6xPkY3o-knb7Yl5YZMih9GMdH5dVZyNZaHYS_i9bdVadN-vQmqwdQQEv80hBHWHkkadqvEhXIjc1bTib0LHAWwVLE3izw1bh2qMy9G_OBHmSO-UrElsVUHimXJA-HSRDcBySK21U5Bh-xb8X11oHOtknYuD5O_yx0leTzzBKhv3zGBe-1x7HU4exBBhCkE&amp;__tn__=-UC%2CP-R\"><b class=\"html-b xdj266r x14z9mp xat24cr x1lziwak xexx8yu xyri2b x18d9i69 x1c1uobl x1hl2dhg x16tdsg8 x1vvkbs x1s688f\"><span class=\"html-span xdj266r x14z9mp xat24cr x1lziwak xexx8yu xyri2b x18d9i69 x1c1uobl x1hl2dhg x16tdsg8 x1vvkbs\">El Tiempu n&#8217;Asturies.<\/span><\/b><\/a><\/span><\/span><\/span><\/span><\/li>\n<\/ul>\n<\/div>\n<\/div>\n<div class=\"xu06os2 x1ok221b\"><\/div>\n<\/div>\n<\/div>\n<div class=\"html-div xdj266r x14z9mp xat24cr x1lziwak xexx8yu xyri2b x18d9i69 x1c1uobl\" dir=\"auto\">\n<div class=\"html-div xdj266r x14z9mp xat24cr x1lziwak xexx8yu xyri2b x18d9i69 x1c1uobl\" data-ad-rendering-role=\"story_message\">\n<div id=\"_r_2ro_\" class=\"x1l90r2v x1iorvi4 x1g0dm76 xpdmqnj\" data-ad-comet-preview=\"message\" data-ad-preview=\"message\">\n<div class=\"x78zum5 xdt5ytf xz62fqu x16ldp7u\">\n<div class=\"xu06os2 x1ok221b\">\n<div class=\"html-div xdj266r x14z9mp xat24cr x1lziwak xexx8yu xyri2b x18d9i69 x1c1uobl\">\n<div class=\"x14z9mp xat24cr x1lziwak x1vvkbs xtlvy1s x126k92a\">\n<div dir=\"auto\"><\/div>\n<\/div>\n<div class=\"x14z9mp xat24cr x1lziwak x1vvkbs xtlvy1s x126k92a\">\n<ul>\n<li dir=\"auto\"><strong><span style=\"color: #008080\">Alborecemos<\/span><\/strong> con escasa nubosid\u00e1, sicas\u00ed na fastera ocidental y\u00e1 tienen el cielu nuble. Les temperatures tan alrodiu de los 13\u00baC nel interior y los 17\u00baC na costa onde sopla dalgo l&#8217;aire gallegu baxu. Nel puirtu Payares rexistren 8,1\u00baC<\/li>\n<\/ul>\n<\/div>\n<div class=\"x14z9mp xat24cr x1lziwak x1vvkbs xtlvy1s x126k92a\">\n<ul>\n<li dir=\"auto\"><strong><span style=\"color: #008080\">G\u00fcei<\/span><\/strong> va dir n&#8217;aumentu la nubosid\u00e1 pa dexanos el d\u00eda nuble r\u00e1pidamente ya inclusu pue cayer dalguna goterea dispersa durante la ma\u00f1ana y al finar el d\u00eda. Ente medies tendremos intervalos nubosos entemecios ente peque\u00f1os claros o abancios con unes temperatures m\u00e1simes n&#8217;ascensu ya col aire gallegu que seguir\u00e1 siendo molestu nel llitoral y zones altes de la cordelera.<\/li>\n<\/ul>\n<p><!--more--><\/p>\n<\/div>\n<div class=\"x14z9mp xat24cr x1lziwak x1vvkbs xtlvy1s x126k92a\">\n<ul>\n<li dir=\"auto\"><strong><span style=\"color: #008080\">Ma\u00f1ana vienres<\/span><\/strong> rolar\u00e1 l&#8217;aire a componente norte y amenorgar\u00e1 dalgo, am\u00e1s nel cielu vamos tener intervalos nubosos entemecios ente dellos claros o abancios con unes les temperatures que van camudar poco.<\/li>\n<\/ul>\n<\/div>\n<div class=\"x14z9mp xat24cr x1lziwak x1vvkbs xtlvy1s x126k92a\">\n<ul>\n<li dir=\"auto\"><strong><span style=\"color: #008080\">El s\u00e1badu<\/span><\/strong> tar\u00e1 el cielu empuerc\u00e1u de nubes altes que malpenes velar\u00e1n al sol, sicas\u00ed nes primeres hores va tar m\u00e1s nuboso. Les temperatures van caltenese afayaices y l&#8217;aire sedr\u00e1 sele ya variable.<\/li>\n<\/ul>\n<\/div>\n<div class=\"x14z9mp xat24cr x1lziwak x1vvkbs xtlvy1s x126k92a\">\n<ul>\n<li dir=\"auto\"><strong><span style=\"color: #008080\">Y paez que&#8217;l domingu<\/span><\/strong> va tar m\u00e1s escampl\u00e1u con unes temperatures en bultable ascensu.<\/li>\n<\/ul>\n<\/div>\n<\/div>\n<\/div>\n<\/div>\n<\/div>\n<\/div>\n<\/div>\n<p>&nbsp;<\/p>\n","protected":false},"excerpt":{"rendered":"<p>El Tiempu n&#8217;Asturies. Alborecemos con escasa nubosid\u00e1, sicas\u00ed na fastera ocidental y\u00e1 tienen el cielu nuble. Les temperatures tan alrodiu de los 13\u00baC nel interior y los 17\u00baC na costa onde sopla dalgo l&#8217;aire gallegu baxu. Nel puirtu Payares rexistren 8,1\u00baC G\u00fcei va dir n&#8217;aumentu la nubosid\u00e1 pa dexanos el d\u00eda nuble r\u00e1pidamente ya inclusu [&hellip;]<\/p>\n","protected":false},"author":117,"featured_media":0,"comment_status":"closed","ping_status":"open","sticky":false,"template":"","format":"standard","meta":{"footnotes":""},"categories":[5],"tags":[],"class_list":["post-57512","post","type-post","status-publish","format-standard","hentry","category-tiempu"],"_links":{"self":[{"href":"https:\/\/edublog.educastur.es\/ixuxu\/wp-json\/wp\/v2\/posts\/57512","targetHints":{"allow":["GET"]}}],"collection":[{"href":"https:\/\/edublog.educastur.es\/ixuxu\/wp-json\/wp\/v2\/posts"}],"about":[{"href":"https:\/\/edublog.educastur.es\/ixuxu\/wp-json\/wp\/v2\/types\/post"}],"author":[{"embeddable":true,"href":"https:\/\/edublog.educastur.es\/ixuxu\/wp-json\/wp\/v2\/users\/117"}],"replies":[{"embeddable":true,"href":"https:\/\/edublog.educastur.es\/ixuxu\/wp-json\/wp\/v2\/comments?post=57512"}],"version-history":[{"count":1,"href":"https:\/\/edublog.educastur.es\/ixuxu\/wp-json\/wp\/v2\/posts\/57512\/revisions"}],"predecessor-version":[{"id":57513,"href":"https:\/\/edublog.educastur.es\/ixuxu\/wp-json\/wp\/v2\/posts\/57512\/revisions\/57513"}],"wp:attachment":[{"href":"https:\/\/edublog.educastur.es\/ixuxu\/wp-json\/wp\/v2\/media?parent=57512"}],"wp:term":[{"taxonomy":"category","embeddable":true,"href":"https:\/\/edublog.educastur.es\/ixuxu\/wp-json\/wp\/v2\/categories?post=57512"},{"taxonomy":"post_tag","embeddable":true,"href":"https:\/\/edublog.educastur.es\/ixuxu\/wp-json\/wp\/v2\/tags?post=57512"}],"curies":[{"name":"wp","href":"https:\/\/api.w.org\/{rel}","templated":true}]}}