{"id":57521,"date":"2025-09-11T18:05:24","date_gmt":"2025-09-11T16:05:24","guid":{"rendered":"https:\/\/edublog.educastur.es\/ixuxu\/?p=57521"},"modified":"2025-09-12T09:11:34","modified_gmt":"2025-09-12T07:11:34","slug":"guei-xueves-11-de-setiembre-arrinquen-les-fiestes-de-san-mateo-nuvieu","status":"publish","type":"post","link":"https:\/\/edublog.educastur.es\/ixuxu\/2025\/09\/guei-xueves-11-de-setiembre-arrinquen-les-fiestes-de-san-mateo-nuvieu\/","title":{"rendered":"G\u00fcei, xueves, 11 de setiembre, arrinquen les fiestes de San Mateo n&#8217;Uvi\u00e9u."},"content":{"rendered":"<div class=\"html-div xdj266r xat24cr x1lziwak xexx8yu xyri2b x18d9i69 x1c1uobl x78zum5 x2lah0s xqtp20y x1xegmmw\">\n<div class=\"xc9qbxq x14qfxbe x6s0dn4 x78zum5 xl56j7k\">\n<div class=\"\" style=\"text-align: center\"><a href=\"https:\/\/sanmateo.oviedo.es\/documents\/368374\/2729151\/Cartel-san-mateo-2025.jpg\/1fdf9732-eaee-4e79-b28e-f0d18ef4d758?t=1756892997656\"><img loading=\"lazy\" decoding=\"async\" class=\"aligncenter \" src=\"https:\/\/sanmateo.oviedo.es\/documents\/368374\/2729151\/Cartel-san-mateo-2025.jpg\/1fdf9732-eaee-4e79-b28e-f0d18ef4d758?t=1756892997656\" width=\"532\" height=\"767\" \/><\/a><\/div>\n<\/div>\n<\/div>\n<div class=\"x78zum5 xdt5ytf xz62fqu x16ldp7u\">\n<div class=\"xu06os2 x1ok221b\">\n<div class=\"html-div xdj266r x14z9mp xat24cr x1lziwak xexx8yu xyri2b x18d9i69 x1c1uobl\" data-ad-rendering-role=\"profile_name\">\n<ul>\n<li class=\"html-h3 x14z9mp xat24cr x1lziwak xexx8yu xyri2b x18d9i69 x1c1uobl x1vvkbs x1heor9g x1qlqyl8 x1pd3egz x1a2a7pz x1gslohp x1yc453h\"><span class=\"x1lliihq x6ikm8r x10wlt62 x1n2onr6\"><span class=\"xt0psk2\"><span class=\"xjp7ctv\"><a class=\"x1i10hfl xjbqb8w x1ejq31n x18oe1m7 x1sy0etr xstzfhl x972fbf x10w94by x1qhh985 x14e42zd x9f619 x1ypdohk xt0psk2 x3ct3a4 xdj266r x14z9mp xat24cr x1lziwak xexx8yu xyri2b x18d9i69 x1c1uobl x16tdsg8 x1hl2dhg xggy1nq x1a2a7pz xkrqix3 x1sur9pj xzsf02u x1s688f\" role=\"link\" href=\"https:\/\/www.facebook.com\/www.oviedo.es?__cft__[0]=AZXWdCh8bePi6X_uDXsrv2EgfW2LgkgFjkF--3T0wAIAQtnesqaRXXoKYbvHgtNnY8dioaduyeqKYwdkys5C7ytHquok6BYknCEa_bHGT470GdjwZuwrtLGS1ApfVt_QvsYrcvSHcUtxg7ShgVhREqm9dA3J212W7F1H4Y_-XduDoCCWnJ-1HArCQ4fzH1qJ12PdWw9tzYHFSs_ESGOzizvv&amp;__tn__=-UC%2CP-y-R\"><b class=\"html-b xdj266r x14z9mp xat24cr x1lziwak xexx8yu xyri2b x18d9i69 x1c1uobl x1hl2dhg x16tdsg8 x1vvkbs x1s688f\"><span class=\"html-span xdj266r x14z9mp xat24cr x1lziwak xexx8yu xyri2b x18d9i69 x1c1uobl x1hl2dhg x16tdsg8 x1vvkbs\">Ayuntamiento de Oviedo<\/span><\/b><\/a><\/span><\/span> <\/span><span class=\"html-span xdj266r x14z9mp xat24cr x1lziwak xexx8yu xyri2b x18d9i69 x1c1uobl x1hl2dhg x16tdsg8 x1vvkbs\"><span class=\"html-span xdj266r x14z9mp xat24cr x1lziwak xexx8yu xyri2b x18d9i69 x1c1uobl x1hl2dhg x16tdsg8 x1vvkbs x4k7w5x x1h91t0o x1h9r5lt x1jfb8zj xv2umb2 x1beo9mf xaigb6o x12ejxvf x3igimt xarpa2k xedcshv x1lytzrv x1t2pt76 x7ja8zs x1qrby5j\"><span class=\"x1rg5ohu x6ikm8r x10wlt62 x16dsc37 xt0b8zv\" aria-labelledby=\"_r_3co_\"><span class=\"xmper1u xt0psk2 xjb2p0i x1qlqyl8 x15bjb6t x1n2onr6 x17ihmo5 x1g77sc7\"><span class=\"xjb2p0i x1r8a4m5 x1n2onr6 x17ihmo5 x8onsx5 xrhKlDH5 urhKlDH2 vrhKlDH3 arhKlDH8 hdjP idjQ jdjR kdjS\">\/ <a class=\"x1i10hfl xjbqb8w x1ejq31n x18oe1m7 x1sy0etr xstzfhl x972fbf x10w94by x1qhh985 x14e42zd x9f619 x1ypdohk xt0psk2 x3ct3a4 xdj266r x14z9mp xat24cr x1lziwak xexx8yu xyri2b x18d9i69 x1c1uobl x16tdsg8 x1hl2dhg xggy1nq x1a2a7pz xkrqix3 x1sur9pj x1fey0fg x1s688f\" role=\"link\" href=\"https:\/\/www.facebook.com\/hashtag\/sanmateo2025?__eep__=6&amp;__cft__[0]=AZXWdCh8bePi6X_uDXsrv2EgfW2LgkgFjkF--3T0wAIAQtnesqaRXXoKYbvHgtNnY8dioaduyeqKYwdkys5C7ytHquok6BYknCEa_bHGT470GdjwZuwrtLGS1ApfVt_QvsYrcvSHcUtxg7ShgVhREqm9dA3J212W7F1H4Y_-XduDoCCWnJ-1HArCQ4fzH1qJ12PdWw9tzYHFSs_ESGOzizvv&amp;__tn__=*NK-y-R\">#SanMateo2025<\/a> \/ \u00a0<a class=\"x1i10hfl xjbqb8w x1ejq31n x18oe1m7 x1sy0etr xstzfhl x972fbf x10w94by x1qhh985 x14e42zd x9f619 x1ypdohk xt0psk2 x3ct3a4 xdj266r x14z9mp xat24cr x1lziwak xexx8yu xyri2b x18d9i69 x1c1uobl x16tdsg8 x1hl2dhg xggy1nq x1a2a7pz xkrqix3 x1sur9pj x1fey0fg x1s688f\" role=\"link\" href=\"https:\/\/l.facebook.com\/l.php?u=http%3A%2F%2Fsanmateo.oviedo.es%2F%3Ffbclid%3DIwZXh0bgNhZW0CMTAAYnJpZBEwak9aRnV5c0o5Y0k2dUNaMgEedsSYaUc-DHOBhSCoXAx-124R8_9xtO7Vft714X8ZAMkEV2Fos8mBdWq0QV0_aem_jK3ez4w19RG017RDlhJE5A&amp;h=AT0dDyECTCuD2y_AUip0ldMcWBPDU-hiJ1AzobpA3kmq2pMeZz-tbcQE17lTVcXP5wTEuf9JAAoAqSBxq3LNVcELrsdORbiNBrTi8Ai-DzuVWhHX68gWEjxwd7UvJOGx1oy2yMWxxRhULQ&amp;__tn__=-UK-y-R&amp;c[0]=AT3hg0SGTouvQyS9J3Ve1yr5Je7Wb_5bV3CHh3YPDJOrD7Rw8qjrQWVD2H30EDcK51nqlVeXgAYGM2puse8K-j78YI41yAJ07pJJZXbs6GCDTiRPHHfcAakyKe1V6nZV011JYxedOSYlv73Lpk8hsNeqUq8Kt10ldLlSk4TmBYdcc9csebt1RRxK177HjKvQ8mG9rYknfNKVZEkLUo11MruV9nM_viwr4Lm9ux8Bjb0bEzC4\" target=\"_blank\" rel=\"nofollow noopener noreferrer\">sanmateo.oviedo.es<\/a><\/span><\/span><\/span><\/span><\/span><\/li>\n<li><a id=\"yui_patched_v3_11_0_1_1757580769979_385\" href=\"https:\/\/sanmateo.oviedo.es\/documents\/368374\/2729151\/San+Mateo_programa.pdf\/4aec5527-4477-41d7-8941-2bc5170b80a4\"><strong>DESCARGA EQU\u00cd&#8217;L PROGRAMA COMPLETU<\/strong><\/a><\/li>\n<\/ul>\n<\/div>\n<\/div>\n<\/div>\n<div class=\"html-div xdj266r x14z9mp xat24cr x1lziwak xexx8yu xyri2b x18d9i69 x1c1uobl\" dir=\"auto\">\n<div class=\"html-div xdj266r x14z9mp xat24cr x1lziwak xexx8yu xyri2b x18d9i69 x1c1uobl\" dir=\"auto\">\n<div class=\"html-div xdj266r x14z9mp xat24cr x1lziwak xexx8yu xyri2b x18d9i69 x1c1uobl\" data-ad-rendering-role=\"story_message\">\n<div class=\"x1l90r2v x1iorvi4 x1g0dm76 xpdmqnj\" data-ad-comet-preview=\"message\" data-ad-preview=\"message\">\n<div class=\"x78zum5 xdt5ytf xz62fqu x16ldp7u\">\n<div class=\"xu06os2 x1ok221b\">\n<div class=\"html-div xdj266r x14z9mp xat24cr x1lziwak xexx8yu xyri2b x18d9i69 x1c1uobl\">\n<div class=\"xdj266r x14z9mp xat24cr x1lziwak x1vvkbs x126k92a\"><\/div>\n<div class=\"x14z9mp xat24cr x1lziwak x1vvkbs xtlvy1s x126k92a\">\n<div dir=\"auto\">El Preg\u00f3n, program\u00e1u a les 20:00 hores, al cargu d&#8217;Alfredo Mart\u00ednez Serrano, embaxador d&#8217;Espa\u00f1a en Canad\u00e1 y el chupinazo que va llanzar Eva Oteru Depu\u00e9s, campeona d&#8217;Europa Sub 21 de Karate, dende&#8217;l balc\u00f3n del Conceyu d&#8217;Uvi\u00e9u, van marcar l&#8217;entamu de les fiestes que se van desenvolver hasta&#8217;l 22 de setiembre.<\/div>\n<div dir=\"auto\"><\/div>\n<div dir=\"auto\" style=\"text-align: center\">\n<!-- iframe plugin v.6.0 wordpress.org\/plugins\/iframe\/ -->\n<iframe loading=\"lazy\" src=\"https:\/\/www.facebook.com\/plugins\/post.php?href=https%3A%2F%2Fwww.facebook.com%2FRealOviedo%2Fposts%2Fpfbid02AM6LpHtVoQE9NUerbPU6WLVx4ce8D2KiMzMqeL3fmZZAqwDnxpg5D9927XbyKPkol&#038;show_text=false&#038;width=500\" width=\"500\" height=\"498\" style=\"border:none;overflow:hidden\" scrolling=\"no\" frameborder=\"0\" allowfullscreen=\"true\" allow=\"autoplay; clipboard-write; encrypted-media; picture-in-picture; web-share\" 0=\"\/iframe\" class=\"iframe-class\"><\/iframe>\n<\/div>\n<div dir=\"auto\"><\/div>\n<\/div>\n<\/div>\n<\/div>\n<\/div>\n<\/div>\n<\/div>\n<\/div>\n<\/div>\n","protected":false},"excerpt":{"rendered":"<p>Ayuntamiento de Oviedo \/ #SanMateo2025 \/ \u00a0sanmateo.oviedo.es DESCARGA EQU\u00cd&#8217;L PROGRAMA COMPLETU El Preg\u00f3n, program\u00e1u a les 20:00 hores, al cargu d&#8217;Alfredo Mart\u00ednez Serrano, embaxador d&#8217;Espa\u00f1a en Canad\u00e1 y el chupinazo que va llanzar Eva Oteru Depu\u00e9s, campeona d&#8217;Europa Sub 21 de Karate, dende&#8217;l balc\u00f3n del Conceyu d&#8217;Uvi\u00e9u, van marcar l&#8217;entamu de les fiestes que se [&hellip;]<\/p>\n","protected":false},"author":117,"featured_media":0,"comment_status":"closed","ping_status":"open","sticky":false,"template":"","format":"standard","meta":{"footnotes":""},"categories":[21,33],"tags":[],"class_list":["post-57521","post","type-post","status-publish","format-standard","hentry","category-fiestes","category-uvieu"],"_links":{"self":[{"href":"https:\/\/edublog.educastur.es\/ixuxu\/wp-json\/wp\/v2\/posts\/57521","targetHints":{"allow":["GET"]}}],"collection":[{"href":"https:\/\/edublog.educastur.es\/ixuxu\/wp-json\/wp\/v2\/posts"}],"about":[{"href":"https:\/\/edublog.educastur.es\/ixuxu\/wp-json\/wp\/v2\/types\/post"}],"author":[{"embeddable":true,"href":"https:\/\/edublog.educastur.es\/ixuxu\/wp-json\/wp\/v2\/users\/117"}],"replies":[{"embeddable":true,"href":"https:\/\/edublog.educastur.es\/ixuxu\/wp-json\/wp\/v2\/comments?post=57521"}],"version-history":[{"count":2,"href":"https:\/\/edublog.educastur.es\/ixuxu\/wp-json\/wp\/v2\/posts\/57521\/revisions"}],"predecessor-version":[{"id":57569,"href":"https:\/\/edublog.educastur.es\/ixuxu\/wp-json\/wp\/v2\/posts\/57521\/revisions\/57569"}],"wp:attachment":[{"href":"https:\/\/edublog.educastur.es\/ixuxu\/wp-json\/wp\/v2\/media?parent=57521"}],"wp:term":[{"taxonomy":"category","embeddable":true,"href":"https:\/\/edublog.educastur.es\/ixuxu\/wp-json\/wp\/v2\/categories?post=57521"},{"taxonomy":"post_tag","embeddable":true,"href":"https:\/\/edublog.educastur.es\/ixuxu\/wp-json\/wp\/v2\/tags?post=57521"}],"curies":[{"name":"wp","href":"https:\/\/api.w.org\/{rel}","templated":true}]}}