{"id":57528,"date":"2025-09-11T11:58:06","date_gmt":"2025-09-11T09:58:06","guid":{"rendered":"https:\/\/edublog.educastur.es\/ixuxu\/?p=57528"},"modified":"2025-09-11T11:59:25","modified_gmt":"2025-09-11T09:59:25","slug":"sabies-que-lampa-ye-muncho-mas-que-otra-asociacion-del-cole","status":"publish","type":"post","link":"https:\/\/edublog.educastur.es\/ixuxu\/2025\/09\/sabies-que-lampa-ye-muncho-mas-que-otra-asociacion-del-cole\/","title":{"rendered":"\u00bfSab\u00edes que l&#8217;AMPA ye muncho m\u00e1s que \u2018otra asociaci\u00f3n del cole\u2019?"},"content":{"rendered":"<p style=\"text-align: center\"><a href=\"https:\/\/www.instagram.com\/ampacarmenruiztilve\/\"><span style=\"color: #008080\">https:\/\/www.instagram.com\/ampacarmenruiztilve\/<\/span><\/a><\/p>\n<p style=\"text-align: center\"><span class=\"x193iq5w xeuugli x13faqbe x1vvkbs xt0psk2 x1i0vuye xvs91rp xo1l8bm x5n08af x10wh9bi xpm28yp x8viiok x1o7cslx x126k92a\"><span class=\"html-span xexx8yu x4uap5 x18d9i69 xkhd6sd x1hl2dhg x16tdsg8 x1vvkbs x3nfvp2 x1j61x8r x1fcty0u xdj266r xat24cr xgzva0m xhhsvwb xxymvpz xlup9mm x1kky2od\">\n<!-- iframe plugin v.6.0 wordpress.org\/plugins\/iframe\/ -->\n<iframe loading=\"lazy\" src=\"https:\/\/www.instagram.com\/reel\/DOdD-JFCByM\/embed\" width=\"460\" height=\"580\" 0=\"\/iframe\" scrolling=\"yes\" class=\"iframe-class\" frameborder=\"0\"><\/iframe>\n<\/span><\/span><\/p>\n<section class=\"x12nagc x182iqb8 xv54qhq xf7dkkf\">\n<div class=\"html-div xdj266r x14z9mp xat24cr x1lziwak xexx8yu xyri2b x18d9i69 x1c1uobl x9f619 xjbqb8w x78zum5 x15mokao x1ga7v0g x16uus16 xbiv7yw x1n2onr6 x1plvlek xryxfnj x1iyjqo2 x2lwn1j xeuugli x1q0g3np xqjyukv x1qjc9v5 x1oa3qoh x1nhvcw1\"><\/div>\n<\/section>\n<div class=\"xt0psk2\">\n<p><span style=\"color: #008080\"><em><strong>Ye fundamental<\/strong> para garantizar la continuid\u00e1 del modelu pedag\u00f3xicu por proyectos, y\u00e1 que ensin ella nun ser\u00eda posible.\u00a0<\/em><\/span><span style=\"color: #008080\"><em><strong>Ye la responsable<\/strong> de xestionar los recursos econ\u00f3micos para materiales, escursiones y actividaes que faen la vida escolar muncho m\u00e1s din\u00e1mica, curiosa pa los ne\u00f1os y ne\u00f1es. <\/em><\/span><span style=\"color: #008080\"><em><strong>Ye quien s&#8217;encarga<\/strong> d&#8217;entamar extraescolares y eventos importantes para la creaci\u00f3n de comunid\u00e1, inclusi\u00f3n y convivencia.<\/em><\/span><\/p>\n<p>Y detr\u00e1s d&#8217;estes sigles solo hai madres y padres que con tola ilusi\u00f3n del mundu dediquen tiempu fora del so horariu diariu por que, faciendo equipu, tou esto s\u00eda posible.\u00a0Por eso: Prec\u00edsase la collaboraci\u00f3n de toles families. \u00a1Ye fundamental!\u00a0Y ye que cada ayuda, por peque\u00f1a que s\u00eda, marca la diferencia. L&#8217;AMPA ye&#8217;l motor que fai que tou esto s\u00eda posible. \u00bfAy\u00fadesnos?<\/p>\n<\/div>\n","protected":false},"excerpt":{"rendered":"<p>https:\/\/www.instagram.com\/ampacarmenruiztilve\/ Ye fundamental para garantizar la continuid\u00e1 del modelu pedag\u00f3xicu por proyectos, y\u00e1 que ensin ella nun ser\u00eda posible.\u00a0Ye la responsable de xestionar los recursos econ\u00f3micos para materiales, escursiones y actividaes que faen la vida escolar muncho m\u00e1s din\u00e1mica, curiosa pa los ne\u00f1os y ne\u00f1es. Ye quien s&#8217;encarga d&#8217;entamar extraescolares y eventos importantes para la [&hellip;]<\/p>\n","protected":false},"author":117,"featured_media":0,"comment_status":"closed","ping_status":"open","sticky":false,"template":"","format":"standard","meta":{"footnotes":""},"categories":[64],"tags":[],"class_list":["post-57528","post","type-post","status-publish","format-standard","hentry","category-carmen-ruiz-tilve"],"_links":{"self":[{"href":"https:\/\/edublog.educastur.es\/ixuxu\/wp-json\/wp\/v2\/posts\/57528","targetHints":{"allow":["GET"]}}],"collection":[{"href":"https:\/\/edublog.educastur.es\/ixuxu\/wp-json\/wp\/v2\/posts"}],"about":[{"href":"https:\/\/edublog.educastur.es\/ixuxu\/wp-json\/wp\/v2\/types\/post"}],"author":[{"embeddable":true,"href":"https:\/\/edublog.educastur.es\/ixuxu\/wp-json\/wp\/v2\/users\/117"}],"replies":[{"embeddable":true,"href":"https:\/\/edublog.educastur.es\/ixuxu\/wp-json\/wp\/v2\/comments?post=57528"}],"version-history":[{"count":3,"href":"https:\/\/edublog.educastur.es\/ixuxu\/wp-json\/wp\/v2\/posts\/57528\/revisions"}],"predecessor-version":[{"id":57567,"href":"https:\/\/edublog.educastur.es\/ixuxu\/wp-json\/wp\/v2\/posts\/57528\/revisions\/57567"}],"wp:attachment":[{"href":"https:\/\/edublog.educastur.es\/ixuxu\/wp-json\/wp\/v2\/media?parent=57528"}],"wp:term":[{"taxonomy":"category","embeddable":true,"href":"https:\/\/edublog.educastur.es\/ixuxu\/wp-json\/wp\/v2\/categories?post=57528"},{"taxonomy":"post_tag","embeddable":true,"href":"https:\/\/edublog.educastur.es\/ixuxu\/wp-json\/wp\/v2\/tags?post=57528"}],"curies":[{"name":"wp","href":"https:\/\/api.w.org\/{rel}","templated":true}]}}