{"id":57534,"date":"2025-09-05T11:16:15","date_gmt":"2025-09-05T09:16:15","guid":{"rendered":"https:\/\/edublog.educastur.es\/ixuxu\/?p=57534"},"modified":"2025-09-11T11:17:52","modified_gmt":"2025-09-11T09:17:52","slug":"esti-fin-de-selmana-hai-milenta-actuaciones-de-musica-asturiana","status":"publish","type":"post","link":"https:\/\/edublog.educastur.es\/ixuxu\/2025\/09\/esti-fin-de-selmana-hai-milenta-actuaciones-de-musica-asturiana\/","title":{"rendered":"Esti fin de selmana hai milenta actuaciones de m\u00fasica asturiana"},"content":{"rendered":"<div class=\"elementor-element elementor-element-667e3c7 elementor-widget__width-inherit elementor-widget elementor-widget-theme-post-title elementor-page-title elementor-widget-heading\" data-id=\"667e3c7\" data-element_type=\"widget\" data-widget_type=\"theme-post-title.default\">\n<div class=\"elementor-widget-container\">\n<p class=\"elementor-heading-title elementor-size-default\">Esti fin de selmana hai milenta actuaciones de m\u00fasica asturiana. L&#8217;axenda d&#8217;eventos enll\u00e9nase nuna programaci\u00f3n bayurosa coincidiendo cola festivid\u00e1 del D\u00eda d&#8217;Asturies. <a href=\"https:\/\/musicasturiana.com\/esti-fin-de-selmana-hai-milenta-actuaciones-de-musica-asturiana\/\">Musicasturiana.com<\/a><\/p>\n<p style=\"text-align: center\"><a href=\"https:\/\/musicasturiana.com\/wp-content\/uploads\/2025\/09\/guahe-gaiteru.jpg\"><img loading=\"lazy\" decoding=\"async\" class=\"aligncenter size-large\" src=\"https:\/\/musicasturiana.com\/wp-content\/uploads\/2025\/09\/guahe-gaiteru.jpg\" width=\"1200\" height=\"600\" \/><\/a><\/p>\n<p>Setiembre entama con una montonera cites nes que va resonar la m\u00fasica\u2019l pa\u00eds. El <a href=\"https:\/\/musicasturiana.com\/entamal-xviii-festival-internacional-de-la-gaita-de-villaviciosa\/\">FIG<\/a>; les actividaes pal D\u00eda d\u2019Asturies qu\u2019entama\u2019l <a href=\"https:\/\/musicasturiana.com\/esta-ye-la-programacion-musical-nasturianu-de-los-actos-dia-dasturies-quentamal-gobiernu\/\">gobiernu asturianu<\/a> y otros <a href=\"https:\/\/musicasturiana.com\/otres-seis-programaciones-musicales-completen-los-eventos-pal-dia-dasturies\/\">colectivos culturales y sociales<\/a>; la <a href=\"https:\/\/musicasturiana.com\/esti-domingu-ye-la-nueche-celta-dayer-con-el-gumial-herbamora-llan-de-cubel-y-guieldu\/\">Nueche Celta d\u2019Ayer<\/a>, o dellos conciertos sueltos, formen una programaci\u00f3n bayurosa dende g\u00fcei hasta\u2019l llunes 8 setiembre. Tola informaci\u00f3n pue vese nesta imaxe o na <a href=\"https:\/\/musicasturiana.com\/axenda\/lista\/\">Axenda<\/a> de musicasturiana.com.<\/p>\n<p>&nbsp;<\/p>\n<\/div>\n<\/div>\n<p><!--more--><\/p>\n<p style=\"text-align: center\"><a href=\"https:\/\/musicasturiana.com\/wp-content\/uploads\/2025\/09\/AXENDA-noticia-05092025-1.jpg\"><img loading=\"lazy\" decoding=\"async\" class=\"aligncenter size-large\" src=\"https:\/\/musicasturiana.com\/wp-content\/uploads\/2025\/09\/AXENDA-noticia-05092025-1.jpg\" width=\"1200\" height=\"800\" \/><\/a><\/p>\n","protected":false},"excerpt":{"rendered":"<p>Esti fin de selmana hai milenta actuaciones de m\u00fasica asturiana. L&#8217;axenda d&#8217;eventos enll\u00e9nase nuna programaci\u00f3n bayurosa coincidiendo cola festivid\u00e1 del D\u00eda d&#8217;Asturies. Musicasturiana.com Setiembre entama con una montonera cites nes que va resonar la m\u00fasica\u2019l pa\u00eds. El FIG; les actividaes pal D\u00eda d\u2019Asturies qu\u2019entama\u2019l gobiernu asturianu y otros colectivos culturales y sociales; la Nueche Celta [&hellip;]<\/p>\n","protected":false},"author":117,"featured_media":0,"comment_status":"closed","ping_status":"open","sticky":false,"template":"","format":"standard","meta":{"footnotes":""},"categories":[35,125],"tags":[],"class_list":["post-57534","post","type-post","status-publish","format-standard","hentry","category-musica","category-musicasturiana-com"],"_links":{"self":[{"href":"https:\/\/edublog.educastur.es\/ixuxu\/wp-json\/wp\/v2\/posts\/57534","targetHints":{"allow":["GET"]}}],"collection":[{"href":"https:\/\/edublog.educastur.es\/ixuxu\/wp-json\/wp\/v2\/posts"}],"about":[{"href":"https:\/\/edublog.educastur.es\/ixuxu\/wp-json\/wp\/v2\/types\/post"}],"author":[{"embeddable":true,"href":"https:\/\/edublog.educastur.es\/ixuxu\/wp-json\/wp\/v2\/users\/117"}],"replies":[{"embeddable":true,"href":"https:\/\/edublog.educastur.es\/ixuxu\/wp-json\/wp\/v2\/comments?post=57534"}],"version-history":[{"count":1,"href":"https:\/\/edublog.educastur.es\/ixuxu\/wp-json\/wp\/v2\/posts\/57534\/revisions"}],"predecessor-version":[{"id":57535,"href":"https:\/\/edublog.educastur.es\/ixuxu\/wp-json\/wp\/v2\/posts\/57534\/revisions\/57535"}],"wp:attachment":[{"href":"https:\/\/edublog.educastur.es\/ixuxu\/wp-json\/wp\/v2\/media?parent=57534"}],"wp:term":[{"taxonomy":"category","embeddable":true,"href":"https:\/\/edublog.educastur.es\/ixuxu\/wp-json\/wp\/v2\/categories?post=57534"},{"taxonomy":"post_tag","embeddable":true,"href":"https:\/\/edublog.educastur.es\/ixuxu\/wp-json\/wp\/v2\/tags?post=57534"}],"curies":[{"name":"wp","href":"https:\/\/api.w.org\/{rel}","templated":true}]}}