{"id":57539,"date":"2025-09-11T11:21:47","date_gmt":"2025-09-11T09:21:47","guid":{"rendered":"https:\/\/edublog.educastur.es\/ixuxu\/?p=57539"},"modified":"2025-09-16T12:57:31","modified_gmt":"2025-09-16T10:57:31","slug":"57539","status":"publish","type":"post","link":"https:\/\/edublog.educastur.es\/ixuxu\/2025\/09\/57539\/","title":{"rendered":"BBVA premia per primer vegada a una fundaci\u00f3n asturiana: Galb\u00e1n"},"content":{"rendered":"<p><a href=\"https:\/\/www.lne.es\/asturias\/2025\/09\/06\/bbva-premia-primera-vez-fundacion-121278062.html\">LNE<\/a> \/<\/p>\n<p><a href=\"https:\/\/estaticos-cdn.prensaiberica.es\/clip\/50fc00b2-d9f9-42eb-962b-779b87aa4025_16-9-discover-aspect-ratio_default_0.webp\"><img loading=\"lazy\" decoding=\"async\" class=\"aligncenter size-large\" src=\"https:\/\/estaticos-cdn.prensaiberica.es\/clip\/50fc00b2-d9f9-42eb-962b-779b87aa4025_16-9-discover-aspect-ratio_default_0.webp\" width=\"1200\" height=\"675\" \/><\/a><br \/>\nLa entid\u00e1 destina un mill\u00f3n a 23 proyectos sociales en toa Espa\u00f1a. El Parque d&#8217;Atenciones\u00bb de l&#8217;asociaci\u00f3n de families de ne\u00f1os con c\u00e1ncer recibe 35.000 euros. Guadalupe Fern\u00e1ndez apurre&#8217;l premiu a Lennart Kotsch, al pie d&#8217;Ana Camblor y Camila Abigail Ricaldez, n&#8217;Uvi\u00e9u<\/p>\n<p><!--more--><\/p>\n<p>Per primer vegada nes sos siete ediciones, la convocatoria solidaria BBVA Futuru premi\u00f3 un proyectu d&#8217;una fundaci\u00f3n asturiana. L&#8217;<strong>Asociaci\u00f3n Galb\u00e1n de families de ne\u00f1os con c\u00e1ncer del Princip\u00e1u<\/strong> va recibir 35.000 euros para desenvolver el so programa \u00abParque d&#8217;Atenciones\u00bb, un conxuntu d&#8217;iniciatives empobinaes a sofitar a supervivientes, families en duelu, voluntari\u00e1u y proyectos educativos.<\/p>\n<p>Nel actu d&#8217;entrega del galard\u00f3n participaron Guadalupe Fern\u00e1ndez, directora territorial Noroeste de BBVA; Ana Camblor, del equipu de productu de BBVA Asset Management; Lennart Kotsch, presidente de Galb\u00e1n, y Camila Abigail Ricaldez, mozu superviviente ya integrante de l&#8217;asociaci\u00f3n.<\/p>\n<p>El programa BBVA Futuru, amest\u00e1u al fondu d&#8217;inversi\u00f3n BBVA Futuru Conservador, combina la rentabilid\u00e1 financiera cola inversi\u00f3n socialmente responsable. Cada a\u00f1u <strong>destina parte de les sos comisiones de xesti\u00f3n a proyectos solidarios d&#8217;\u00e1mbitu social y medioambiental.<\/strong><\/p>\n<p>Nesta edici\u00f3n de 2025, la convocatoria recibi\u00f3 200 candidatures, de les que s&#8217;evaluaron 166. Finalmente, concedi\u00e9ronse 23 donaciones per valor total d&#8217;un mill\u00f3n d&#8217;euros, escoy\u00edes por un comit\u00e9 d&#8217;espertos cola collaboraci\u00f3n de 230 emplegaos voluntarios de BBVA.<\/p>\n<p>\u00abQueremos llegar a tol territoriu y dar visibilid\u00e1 a entidaes grandes y pequenes, tami\u00e9n a asociaciones locales que munches vegaes tienen m\u00e1s dificultaes de financiamientu\u00bb, destac\u00f3 Ana Camblor. Dende 2018, el programa parti\u00f3 m\u00e1s de 6 millones d&#8217;euros, financiando 144 proyectos y beneficiando a unes 500.000 persones.<\/p>\n<p>El Parque d&#8217;Atenciones\u00bb de Galb\u00e1n \u2013el proyectu premi\u00e1u de l&#8217;asociaci\u00f3n asturiana\u2013 artic\u00falase en cuatro \u00e1rees: sofitu a families en duelu, con iniciatives innovadores como la collaboraci\u00f3n cola asociaci\u00f3n murciana Afamur; fortalecimientu del grupu de supervivientes, con actividaes conxuntes y convivencies que favorezan la integraci\u00f3n tres la enfermed\u00e1; formaci\u00f3n de voluntari\u00e1u, fundamental para sostener l&#8217;acompa\u00f1amientu a ne\u00f1os y adolescentes en tratamientu, y educaci\u00f3n y sofitu escolar, con un grupu de voluntarios qu&#8217;atiende a menores mientres y dempu\u00e9s de les terapies oncol\u00f3xiques.<\/p>\n<p><strong>Un compromisu con Asturies.\u00a0<\/strong>Mientres l&#8217;actu, Guadalupe Fern\u00e1ndez sorray\u00f3 la importancia de qu&#8217;una ayuda d&#8217;esti programa llegue per primer vegada al Princip\u00e1u. Galb\u00e1n, qu&#8217;angua\u00f1o acompa\u00f1a a unes 260 families, celebra esta reconocencia como un impulsu al so llabor y a la so visibilid\u00e1. Am\u00e1s, <strong>la entid\u00e1 prepara y\u00e1 una nueva edici\u00f3n de la so Carrera Galb\u00e1n contra&#8217;l c\u00e1ncer infantil, que l&#8217;a\u00f1u pas\u00e1u axunt\u00f3 a m\u00e1s de 40.000 participantes en toa Asturies.<\/strong><\/p>\n","protected":false},"excerpt":{"rendered":"<p>LNE \/ La entid\u00e1 destina un mill\u00f3n a 23 proyectos sociales en toa Espa\u00f1a. El Parque d&#8217;Atenciones\u00bb de l&#8217;asociaci\u00f3n de families de ne\u00f1os con c\u00e1ncer recibe 35.000 euros. Guadalupe Fern\u00e1ndez apurre&#8217;l premiu a Lennart Kotsch, al pie d&#8217;Ana Camblor y Camila Abigail Ricaldez, n&#8217;Uvi\u00e9u<\/p>\n","protected":false},"author":117,"featured_media":0,"comment_status":"closed","ping_status":"open","sticky":false,"template":"","format":"standard","meta":{"footnotes":""},"categories":[196],"tags":[],"class_list":["post-57539","post","type-post","status-publish","format-standard","hentry","category-donativos"],"_links":{"self":[{"href":"https:\/\/edublog.educastur.es\/ixuxu\/wp-json\/wp\/v2\/posts\/57539","targetHints":{"allow":["GET"]}}],"collection":[{"href":"https:\/\/edublog.educastur.es\/ixuxu\/wp-json\/wp\/v2\/posts"}],"about":[{"href":"https:\/\/edublog.educastur.es\/ixuxu\/wp-json\/wp\/v2\/types\/post"}],"author":[{"embeddable":true,"href":"https:\/\/edublog.educastur.es\/ixuxu\/wp-json\/wp\/v2\/users\/117"}],"replies":[{"embeddable":true,"href":"https:\/\/edublog.educastur.es\/ixuxu\/wp-json\/wp\/v2\/comments?post=57539"}],"version-history":[{"count":4,"href":"https:\/\/edublog.educastur.es\/ixuxu\/wp-json\/wp\/v2\/posts\/57539\/revisions"}],"predecessor-version":[{"id":57944,"href":"https:\/\/edublog.educastur.es\/ixuxu\/wp-json\/wp\/v2\/posts\/57539\/revisions\/57944"}],"wp:attachment":[{"href":"https:\/\/edublog.educastur.es\/ixuxu\/wp-json\/wp\/v2\/media?parent=57539"}],"wp:term":[{"taxonomy":"category","embeddable":true,"href":"https:\/\/edublog.educastur.es\/ixuxu\/wp-json\/wp\/v2\/categories?post=57539"},{"taxonomy":"post_tag","embeddable":true,"href":"https:\/\/edublog.educastur.es\/ixuxu\/wp-json\/wp\/v2\/tags?post=57539"}],"curies":[{"name":"wp","href":"https:\/\/api.w.org\/{rel}","templated":true}]}}