{"id":57543,"date":"2025-09-13T11:27:58","date_gmt":"2025-09-13T09:27:58","guid":{"rendered":"https:\/\/edublog.educastur.es\/ixuxu\/?p=57543"},"modified":"2025-09-11T11:29:39","modified_gmt":"2025-09-11T09:29:39","slug":"grau-celebral-domingul-xxiv-certame-de-la-escanda","status":"publish","type":"post","link":"https:\/\/edublog.educastur.es\/ixuxu\/2025\/09\/grau-celebral-domingul-xxiv-certame-de-la-escanda\/","title":{"rendered":"Grau celebra&#8217;l domingu&#8217;l XXIV Certame de la Escanda"},"content":{"rendered":"<p><a href=\"https:\/\/www.lne.es\/grado\/2025\/09\/10\/grado-celebra-domingo-xxiv-certamen-121430562.html?utm_content=imagen&amp;utm_medium=social&amp;utm_campaign=echobox&amp;utm_source=Facebook&amp;fbclid=IwY2xjawMvdPlleHRuA2FlbQIxMABicmlkETBqT1pGdXlzSjljSTZ1Q1oyAR6z0fImr2v6A-EnoVDaQUSnX88omc7dIZdzxiNUyFFWH7wz3yR1SLyIEwtWlQ_aem_sxKDCxNicGCBdgFD9ss56w#Echobox=1757516084\">LNE<\/a> \/<\/p>\n<p>Grau celebra&#8217;l domingu&#8217;l XXIV Certame de la Escanda: estes son les actividaes previstes. La capital moscona va allugar un merc\u00e1u tem\u00e1ticu y van apurrise premios a los meyores panes y productos derivaos.<\/p>\n<p style=\"text-align: center\"><a href=\"https:\/\/estaticos-cdn.prensaiberica.es\/clip\/d6b19818-586c-470f-a2a1-52b702181f4f_16-9-discover-aspect-ratio_default_0.webp\"><img loading=\"lazy\" decoding=\"async\" class=\"aligncenter size-large\" src=\"https:\/\/estaticos-cdn.prensaiberica.es\/clip\/d6b19818-586c-470f-a2a1-52b702181f4f_16-9-discover-aspect-ratio_default_0.webp\" width=\"1200\" height=\"675\" \/><\/a><\/p>\n<p>Grau celebra dende va dos d\u00e9cades llargues un merc\u00e1u para poner de resalte un cultivu anta\u00f1o fundamental na dieta y l&#8217;econom\u00eda local: la escanda. Una cita que se repite el pr\u00f3ximu domingu, d\u00eda 14, na capital moscona a iniciativa del Conceyu.<\/p>\n<p><!--more--><\/p>\n<p>Esti merc\u00e1u tem\u00e1ticu <strong>tien l&#8217;oxetivu de <\/strong><em><strong>\u00abpotenciar el cultivu y l&#8217;usu d&#8217;escanda na nuesa gastronom\u00eda,<\/strong> per un sitiu col usu del pan fechu con dichu cebera y por otru cola investigaci\u00f3n de nueves recetes basaes na escanda, qu&#8217;apurran sabores innovadores dientro de les meses asturianes\u00bb<\/em>, esplica&#8217;l gobiernu local.<\/p>\n<p>El XXIV Certame de la Escanda consta de dos partes.<\/p>\n<ul>\n<li>La primera consiste <strong>na valoraci\u00f3n de recetes caseres ellaboraes con dichu cebera<\/strong> que de la mesma s&#8217;arrexunta en dos modalidaes: Pan d&#8217;Escanda y Productos Ellaboraos con Escanda.<\/li>\n<li>La segunda ye<strong> la organizaci\u00f3n d&#8217;un merc\u00e1u tradicional<\/strong> nel que los transe\u00fantes pueden rellenar les sos bolses de la compra con productos tradicionales ya innovadores realizaos con dichu cebera para gustu y esfrute de los cielos la boca m\u00e1s esixentes.<\/li>\n<\/ul>\n<p>L&#8217;horariu de les actividaes ye de 10.00 a 15.00, y va haber dellos premios: al meyor pan d&#8217;escanda y a los meyores productos ellaboraos con escanda, tantu duces como salaos.<\/p>\n<p>La entrega de premios va tener llugar a les 14.00 hores na Plaza del Conceyu, y mientres tola ma\u00f1ana va haber animaci\u00f3n al cargu de Leirana (Nel Villanueva) y un Grupu de Baille y Pandereta.<\/p>\n","protected":false},"excerpt":{"rendered":"<p>LNE \/ Grau celebra&#8217;l domingu&#8217;l XXIV Certame de la Escanda: estes son les actividaes previstes. La capital moscona va allugar un merc\u00e1u tem\u00e1ticu y van apurrise premios a los meyores panes y productos derivaos. Grau celebra dende va dos d\u00e9cades llargues un merc\u00e1u para poner de resalte un cultivu anta\u00f1o fundamental na dieta y l&#8217;econom\u00eda [&hellip;]<\/p>\n","protected":false},"author":117,"featured_media":0,"comment_status":"closed","ping_status":"open","sticky":false,"template":"","format":"standard","meta":{"footnotes":""},"categories":[138,74],"tags":[],"class_list":["post-57543","post","type-post","status-publish","format-standard","hentry","category-alimentos","category-certame"],"_links":{"self":[{"href":"https:\/\/edublog.educastur.es\/ixuxu\/wp-json\/wp\/v2\/posts\/57543","targetHints":{"allow":["GET"]}}],"collection":[{"href":"https:\/\/edublog.educastur.es\/ixuxu\/wp-json\/wp\/v2\/posts"}],"about":[{"href":"https:\/\/edublog.educastur.es\/ixuxu\/wp-json\/wp\/v2\/types\/post"}],"author":[{"embeddable":true,"href":"https:\/\/edublog.educastur.es\/ixuxu\/wp-json\/wp\/v2\/users\/117"}],"replies":[{"embeddable":true,"href":"https:\/\/edublog.educastur.es\/ixuxu\/wp-json\/wp\/v2\/comments?post=57543"}],"version-history":[{"count":3,"href":"https:\/\/edublog.educastur.es\/ixuxu\/wp-json\/wp\/v2\/posts\/57543\/revisions"}],"predecessor-version":[{"id":57546,"href":"https:\/\/edublog.educastur.es\/ixuxu\/wp-json\/wp\/v2\/posts\/57543\/revisions\/57546"}],"wp:attachment":[{"href":"https:\/\/edublog.educastur.es\/ixuxu\/wp-json\/wp\/v2\/media?parent=57543"}],"wp:term":[{"taxonomy":"category","embeddable":true,"href":"https:\/\/edublog.educastur.es\/ixuxu\/wp-json\/wp\/v2\/categories?post=57543"},{"taxonomy":"post_tag","embeddable":true,"href":"https:\/\/edublog.educastur.es\/ixuxu\/wp-json\/wp\/v2\/tags?post=57543"}],"curies":[{"name":"wp","href":"https:\/\/api.w.org\/{rel}","templated":true}]}}